{"id":592867,"date":"2025-12-11T13:23:14","date_gmt":"2025-12-11T13:23:14","guid":{"rendered":"https:\/\/www.europesays.com\/fr\/592867\/"},"modified":"2025-12-11T13:23:14","modified_gmt":"2025-12-11T13:23:14","slug":"le-fc-nantes-nomme-ahmed-kantari-comme-entraineur-a-la-place-de-luis-castro","status":"publish","type":"post","link":"https:\/\/www.europesays.com\/fr\/592867\/","title":{"rendered":"le FC Nantes nomme Ahmed Kantari comme entra\u00eeneur \u00e0 la place de Luis Castro"},"content":{"rendered":"<p>Le FC Nantes a annonc\u00e9 jeudi avoir nomm\u00e9 Ahmed Kantari pour remplacer Luis Castro, arriv\u00e9 cet \u00e9t\u00e9 mais limog\u00e9 la veille dans la foul\u00e9e de mauvais r\u00e9sultats qui placent le club de Ligue 1 parmi les rel\u00e9gables. Ancien entra\u00eeneur de Valenciennes et \u00ab\u00a0adjoint d\u2019Antoine Kombouar\u00e9 de janvier \u00e0 mai 2025 au sein du FC Nantes, Ahmed Kantari conna\u00eet bien l\u2019institution et une partie du groupe professionnel\u00a0\u00bb, souligne dans un communiqu\u00e9 le club, qui y voit \u00ab\u00a0un atout pour rapidement trouver les cl\u00e9s de la relance\u00a0\u00bb.<\/p>\n","protected":false},"excerpt":{"rendered":"Le FC Nantes a annonc\u00e9 jeudi avoir nomm\u00e9 Ahmed Kantari pour remplacer Luis Castro, arriv\u00e9 cet \u00e9t\u00e9 mais&hellip;\n","protected":false},"author":2,"featured_media":592868,"comment_status":"","ping_status":"","sticky":false,"template":"","format":"standard","meta":{"footnotes":""},"categories":[2818],"tags":[1111,11,1777,674,1011,27,766,12,2636,25],"class_list":{"0":"post-592867","1":"post","2":"type-post","3":"status-publish","4":"format-standard","5":"has-post-thumbnail","7":"category-nantes","8":"tag-actu","9":"tag-actualites","10":"tag-eu","11":"tag-europe","12":"tag-fr","13":"tag-france","14":"tag-nantes","15":"tag-news","16":"tag-pays-de-la-loire","17":"tag-republique-francaise"},"share_on_mastodon":{"url":"https:\/\/pubeurope.com\/@fr\/115701154175525967","error":""},"_links":{"self":[{"href":"https:\/\/www.europesays.com\/fr\/wp-json\/wp\/v2\/posts\/592867","targetHints":{"allow":["GET"]}}],"collection":[{"href":"https:\/\/www.europesays.com\/fr\/wp-json\/wp\/v2\/posts"}],"about":[{"href":"https:\/\/www.europesays.com\/fr\/wp-json\/wp\/v2\/types\/post"}],"author":[{"embeddable":true,"href":"https:\/\/www.europesays.com\/fr\/wp-json\/wp\/v2\/users\/2"}],"replies":[{"embeddable":true,"href":"https:\/\/www.europesays.com\/fr\/wp-json\/wp\/v2\/comments?post=592867"}],"version-history":[{"count":0,"href":"https:\/\/www.europesays.com\/fr\/wp-json\/wp\/v2\/posts\/592867\/revisions"}],"wp:featuredmedia":[{"embeddable":true,"href":"https:\/\/www.europesays.com\/fr\/wp-json\/wp\/v2\/media\/592868"}],"wp:attachment":[{"href":"https:\/\/www.europesays.com\/fr\/wp-json\/wp\/v2\/media?parent=592867"}],"wp:term":[{"taxonomy":"category","embeddable":true,"href":"https:\/\/www.europesays.com\/fr\/wp-json\/wp\/v2\/categories?post=592867"},{"taxonomy":"post_tag","embeddable":true,"href":"https:\/\/www.europesays.com\/fr\/wp-json\/wp\/v2\/tags?post=592867"}],"curies":[{"name":"wp","href":"https:\/\/api.w.org\/{rel}","templated":true}]}}