{"id":592876,"date":"2025-12-11T13:28:16","date_gmt":"2025-12-11T13:28:16","guid":{"rendered":"https:\/\/www.europesays.com\/fr\/592876\/"},"modified":"2025-12-11T13:28:16","modified_gmt":"2025-12-11T13:28:16","slug":"lancien-maire-de-roubaix-jean-lebas-honore-avec-un-pave-de-la-memoire","status":"publish","type":"post","link":"https:\/\/www.europesays.com\/fr\/592876\/","title":{"rendered":"l\u2019ancien maire de Roubaix Jean Lebas honor\u00e9 avec un \u00ab pav\u00e9 de la m\u00e9moire \u00bb"},"content":{"rendered":"<p>                    Par<br \/>\n        <strong><br \/>\n            <a href=\"https:\/\/actu.fr\/auteur\/annesophie-2\" title=\"Consulter tous les articles de Anne-Sophie Hourdeaux\" target=\"_blank\" rel=\"noopener\">Anne-Sophie Hourdeaux<\/a><br \/>\n                    <\/strong><\/p>\n<p>        Publi\u00e9 le<\/p>\n<p>            11 d\u00e9c. 2025 \u00e0 13h46        <\/p>\n<p>\u00c0 <a href=\"https:\/\/actu.fr\/hauts-de-france\/roubaix_59512\" target=\"_blank\" rel=\"noopener\">Roubaix<\/a>, <b>Jean Lebas<\/b> a une avenue, un monument, un coll\u00e8ge \u00e0 son nom. Il a aussi d\u00e9sormais<b> <\/b>son<b> \u00ab\u2009stolpersteine\u2009\u00bb<\/b>, un <b>pav\u00e9 dor\u00e9<\/b> scell\u00e9 dans un trottoir. Et pas n\u2019importe o\u00f9\u2009: juste <b>devant son ancienne maison<\/b>. L\u2019occasion de red\u00e9couvrir cet <b>ancien maire, ministre du Travail, mort en d\u00e9portation en 1944<\/b>, qui a eu une <b>vie exceptionnelle<\/b> d\u00e9di\u00e9e \u00e0 la solidarit\u00e9 et \u00e0 la r\u00e9sistance. Retour sur une c\u00e9r\u00e9monie tr\u00e8s \u00e9mouvante en pr\u00e9sence d\u2019<b>\u00e9l\u00e8ves du coll\u00e8ge Jean Lebas<\/b> de Roubaix.<\/p>\n<p>\u00ab\u2009Pierre sur laquelle on tr\u00e9buche\u2009\u00bb, pour interpeller \u00e0 Roubaix<\/p>\n<p class=\" wall-content\">Les pav\u00e9s, on conna\u00eet dans le Nord. Mais ceux-l\u00e0 sont charg\u00e9s en \u00e9motions et en histoire\u2009: nominatifs, ils comm\u00e9morent des personnes mortes sous le joug nazi en 39-45. Ils portent un nom pas facile \u00e0 prononcer\u2009: \u00ab\u2009stolpersteine\u2009\u00bb. Il s\u2019agit d \u2018un mot allemand qui signifie \u00ab\u2009<b>pierre sur laquelle on tr\u00e9buche<\/b>\u2009\u00bb. Tr\u00e9bucher dans le sens premier, car ces pierres sont ins\u00e9r\u00e9es dans le trottoir, mais surtout \u00ab\u2009par la pens\u00e9e, en \u00e9tant interpell\u00e9 par le texte qui y est \u00e9crit\u2009: un nom, des dates, quelques informations\u2009\u00bb signale Th\u00e9o Hooreman, pr\u00e9sident de l\u2019association des Stolpersteine Nord et Pas-de-Calais.<\/p>\n<p>    <img   decoding=\"async\" loading=\"lazy\" class=\"size-large\" src=\"https:\/\/www.europesays.com\/fr\/wp-content\/uploads\/2025\/12\/b194626889296a5946268892979946v-960x640.jpg\" alt=\"stolpersteine jean lebas roubaix\" width=\"960\" height=\"640\"\/><br \/>\n    Les associations patriotiques ont accompagn\u00e9 ce moment m\u00e9moriel devant l\u2019ancienne maison de Jean Lebas. \u00a9Anne-Sophie Hourdeaux\/Croix du Nord<\/p>\n<p class=\" wall-content\">Les stolpersteine sont donc une mani\u00e8re r\u00e9cente et diff\u00e9rente d\u2019entretenir un devoir de m\u00e9moire pour les h\u00e9ros et martyrs de la Seconde guerre mondiale.<\/p>\n<blockquote class=\"ac-article-quote wall-content\">\n<p>Cette tradition est n\u00e9e dans les ann\u00e9es 1990\u2009: l\u2019artiste berlinois Gunter Demnig voulait ainsi rendre hommage aux Tziganes et Roms victimes du nazisme. Il a pos\u00e9 le premier pav\u00e9 ill\u00e9galement \u00e0 Cologne en 1992, puis 50 \u00e0 Berlin en 1996. Aujourd\u2019hui, on compte 150\u2009000 stolpersteine dans le monde dans 30 pays.<\/p>\n<p>Th\u00e9o Hooreman<\/p><\/blockquote>\n<p class=\" wall-content\">En France, le premier a \u00e9t\u00e9 pos\u00e9 en 2011.\u00a0\u00c0 Roubaix, deux premiers pav\u00e9s ont d\u00e9j\u00e0 \u00e9t\u00e9 install\u00e9s en juin\u00a02025 en m\u00e9moire d\u2019un couple de r\u00e9sistants, Marcelle et Edouard Pieters. Cette fois, c\u2019est l\u2019ancien maire de la ville qui \u00e9tait honor\u00e9\u2009: Jean Lebas.<\/p>\n<p>    <img   decoding=\"async\" loading=\"lazy\" class=\"size-large\" src=\"https:\/\/www.europesays.com\/fr\/wp-content\/uploads\/2025\/12\/549b626889296a89b62688929be9b6v-960x640.jpg\" alt=\"stolpersteine jean lebas roubaix\" width=\"960\" height=\"640\"\/><br \/>\n    Th\u00e9o Hooreman, pr\u00e9sident de l\u2019association Stolpersteine Nord \u2013 Pas-de-Calais, tenant le fameux \u00ab\u2009pav\u00e9\u2009\u00bb avant son installation. \u00a9Anne-Sophie Hourdeaux\/Croix du Nord<\/p>\n<p>Votre r\u00e9gion, votre actu !<\/p>\n<p>Recevez chaque jour les infos qui comptent pour vous.<\/p>\n<p>\t<a href=\"https:\/\/actu.fr\/newsletter\" class=\"ac-btn ac-btn--corner ac-btn--medium ac-btn--blue800\" target=\"_blank\" rel=\"noopener\">S&rsquo;incrire<\/a><\/p>\n<p class=\" wall-content\">C\u2019est devant l\u2019ancienne maison o\u00f9 il r\u00e9sidait, <b>non loin de l\u2019h\u00f4pital<\/b> de Roubaix, que s\u2019\u00e9taient donn\u00e9 rendez-vous l\u2019association Stolpersteine nordiste, les associations patriotiques, les Amis de Jean Lebas, des \u00e9lus et aussi des coll\u00e9giens de l\u2019\u00e9tablissement qui porte le nom de l\u2019ancien maire.<\/p>\n<p class=\" wall-content\">\u00ab\u2009\u00c0 Roubaix, la pr\u00e9sence de Jean Lebas est permanente, avec \u00e0 son nom un coll\u00e8ge, un monument, une rue, un m\u00e9morial en mairie\u2009\u00bb a rappel\u00e9 Margaret Connell, adjointe au maire.<\/p>\n<p>    <img   decoding=\"async\" loading=\"lazy\" class=\"size-large\" src=\"https:\/\/www.europesays.com\/fr\/wp-content\/uploads\/2025\/12\/251c826889296191c82688929ec1c8v-960x640.jpg\" alt=\"stolpersteine jean lebas roubaix\" width=\"960\" height=\"640\"\/><br \/>\n    Le stolpersteine a \u00e9t\u00e9 scell\u00e9 dans le trottoir. \u00a9Anne-Sophie Hourdeaux\/Croix du NordConqu\u00eates sociales, d\u00e9fenseur de sa ville<\/p>\n<p class=\" wall-content\">Eve Flament, pr\u00e9sidente de l\u2019association des Amis de jean Lebas, a retrac\u00e9 son parcours exemplaire, \u00ab\u2009qui force le respect\u2009\u00bb. \u00ab\u2009Il \u00e9tait un homme ordinaire, discret, modeste. Il est n\u00e9 en 1878 dans une cour\u00e9e. D\u2019abord ouvrier d\u00e8s 15\u00a0ans, il devient comptable. Il rejoint le Parti ouvrier, et est \u00e9lu maire de Roubaix en 1912\u2009! Il est oppos\u00e9 aux Allemands d\u00e8s 1915, refusant de leur donner le nom des jeunes Roubaisiens en \u00e2ge d\u2019aller travailler en Allemagne. Il est donc d\u00e9port\u00e9\u2009!\u2009\u00bb Jean Lebas aura donc connu deux d\u00e9portations, dont la 2e lui sera fatale.<\/p>\n<p class=\" wall-content\">Concernant son poste de ministre de travail sous le gouvernement Blum, Eve Flament rappelle toutes les avanc\u00e9es sociales auxquelles il a contribu\u00e9\u2009: \u00ab\u2009Les premiers cong\u00e9s pay\u00e9s, l\u2019assurance sociale, c\u2019est lui\u2009\u00bb.<\/p>\n<p>\u00ab\u00a0\u2009H\u00e9ros presque malgr\u00e9 lui\u2009\u00a0\u00bb<\/p>\n<p class=\" wall-content\">En 1940, il est toujours maire de Roubaix\u2009: \u00ab\u2009Il fonde un r\u00e9seau de r\u00e9sistance et un journal r\u00e9sistant, l\u2019Homme libre\u2009\u00bb. Il sera arr\u00eat\u00e9 en 1941 et d\u00e9port\u00e9. Il mourra en 1944. \u00ab\u2009C\u2019est un homme tr\u00e8s courageux, un h\u00e9ros presque malgr\u00e9 lui\u2009\u00bb.<\/p>\n<p class=\" wall-content\">Repr\u00e9sentant le pr\u00e9fet, Pierre Molager, secr\u00e9taire g\u00e9n\u00e9ral de la pr\u00e9fecture du Nord, a confi\u00e9\u2009: \u00ab\u2009Le nom de Jean Lebas est d\u00e9sormais grav\u00e9 dans la terre de Roubaix qu\u2019il a tant aim\u00e9e et tant servie. Tant notre monde actuel, on a besoin d\u2019avoir des mod\u00e8les forts, des boussoles. Jean Lebas a aid\u00e9 les faibles. La nation a toujours \u00e9t\u00e9 attaqu\u00e9e, elle s\u2019est toujours relev\u00e9e gr\u00e2ce \u00e0 des hommes set des femmes comme lui\u2009\u00bb.<\/p>\n<p>    <img   decoding=\"async\" loading=\"lazy\" class=\"size-large\" src=\"https:\/\/www.europesays.com\/fr\/wp-content\/uploads\/2025\/12\/0d7c626889296018c62688929e48c6v-960x640.jpg\" alt=\"stolpersteine jean lebas roubaix\" width=\"960\" height=\"640\"\/><br \/>\n    Des jeunes de 3e du coll\u00e8ge Jean Lebas ont particip\u00e9 \u00e0 l\u2019hommage \u00e0 Jean Lebas en lisant ses derni\u00e8res lettres \u00e9crites en captivit\u00e9 \u00e0 son \u00e9pouse. \u00a9Anne-Sophie Hourdeaux\/Croix du NordAvec les jeunes<\/p>\n<p class=\" wall-content\">Cette initiative de pose des stolpersteine dans nos rues allie toujours la jeunesse, car la dimension de transmission fait partie des valeurs du projet. Associer les \u00e9l\u00e8ves du coll\u00e8ge portant le m\u00eame nom \u00e9tait une \u00e9vidence. 12 coll\u00e9giens de 3e de l\u2019\u00e9tablissement Jean Lebas ont particip\u00e9 \u00e0 ce bel \u00e9v\u00e9nement. Ils ont lu les derni\u00e8res lettres du maire victime du nazisme, \u00e9crites \u00e0 sa femme alors qu\u2019il est emprisonn\u00e9.<\/p>\n<p class=\" wall-content\">Interrog\u00e9s sur ce qu\u2019ils retiennent de Jean Lebas, les jeunes, Chris, Nabintou, Tiguida, Yasmine, Imane, Boucif, Ridha, Danestiana, Romaysaa, n\u2019h\u00e9sitent pas\u2009: \u00ab\u2009Il est mort pour la France\u2009\u00bb, \u00ab\u2009Il a gard\u00e9 la t\u00eate haute\u2009\u00bb, \u00ab\u2009Quand on a d\u00e9couvert ses derni\u00e8res lettres, on a ressenti de la tristesse\u2009\u00bb\u2026<\/p>\n<p class=\" wall-content\">Depuis 3\u00a0mois, deux heures par semaine apr\u00e8s les cours, les \u00e9l\u00e8ves, tous volontaires, pr\u00e9parent aussi une exposition avec les documents collect\u00e9s. Elle est install\u00e9e dans le hall de leur coll\u00e8ge, \u00ab\u2009mais on esp\u00e8re qu\u2019elle pourra aller dans d\u2019autres lieux roubaisiens\u2009\u00bb disent les jeunes.<\/p>\n<blockquote class=\"ac-article-quote wall-content\">\n<p>Il y a 8 kak\u00e9monos, avec des documents comme son acte de naissance. On est all\u00e9 aux archives municipales pour cela. Les th\u00e8mes pr\u00e9sent\u00e9s sont sa jeunesse, ses actions en 14-18, la r\u00e9sistance, sa p\u00e9riode comme ministre, sa m\u00e9moire aujourd\u2019hui\u2026 Avec des QR code, on peut \u00e9couter ses derni\u00e8res lettres\u2026<\/p>\n<p>Les coll\u00e9giens de Jean Lebas \u00e0 Roubaix<\/p><\/blockquote>\n<p class=\" wall-content\">Et ce n\u2019est pas tout pour ces jeunes. Marjorie Beauchamp, enseignante, pr\u00e9cise la suite\u2009: \u00ab\u2009Le groupe va continuer \u00e0 honorer la m\u00e9moire de victimes roubaisiennes du nazisme\u2009: les jeunes vont faire des recherches sur Nelly Devienne et la famille Bernstein\u2009\u00bb.<\/p>\n<p class=\" wall-content\">Les jeunes apr\u00e8s la c\u00e9r\u00e9monie ont pu entrer dans l\u2019ancienne maison du marie, les propri\u00e9taires ont ouvert leur porte !<\/p>\n<p class=\" wall-content\">Personnalisez votre actualit\u00e9 en ajoutant vos villes et m\u00e9dias en favori avec <a href=\"https:\/\/moncompte.actu.fr\" title=\"D\u00e9couvez Mon Actu\" rel=\"nofollow noopener\" data-trk=\"{&quot;cta&quot;:{&quot;action&quot;:&quot;https:\\\/\\\/moncompte.actu.fr&quot;,&quot;category&quot;:&quot;mon compte&quot;,&quot;from&quot;:&quot;article footer&quot;,&quot;name&quot;:&quot;Mon actu&quot;,&quot;type&quot;:&quot;cta&quot;}}\" target=\"_blank\">Mon Actu<\/a>.<\/p>\n","protected":false},"excerpt":{"rendered":"Par Anne-Sophie Hourdeaux Publi\u00e9 le 11 d\u00e9c. 2025 \u00e0 13h46 \u00c0 Roubaix, Jean Lebas a une avenue, un&hellip;\n","protected":false},"author":2,"featured_media":592877,"comment_status":"","ping_status":"","sticky":false,"template":"","format":"standard","meta":{"footnotes":""},"categories":[2815],"tags":[1111,11,1777,674,1011,27,811,1307,12,25,935,104],"class_list":{"0":"post-592876","1":"post","2":"type-post","3":"status-publish","4":"format-standard","5":"has-post-thumbnail","7":"category-lille","8":"tag-actu","9":"tag-actualites","10":"tag-eu","11":"tag-europe","12":"tag-fr","13":"tag-france","14":"tag-hauts-de-france","15":"tag-lille","16":"tag-news","17":"tag-republique-francaise","18":"tag-seconde-guerre-mondiale","19":"tag-societe"},"share_on_mastodon":{"url":"https:\/\/pubeurope.com\/@fr\/115701176370218835","error":""},"_links":{"self":[{"href":"https:\/\/www.europesays.com\/fr\/wp-json\/wp\/v2\/posts\/592876","targetHints":{"allow":["GET"]}}],"collection":[{"href":"https:\/\/www.europesays.com\/fr\/wp-json\/wp\/v2\/posts"}],"about":[{"href":"https:\/\/www.europesays.com\/fr\/wp-json\/wp\/v2\/types\/post"}],"author":[{"embeddable":true,"href":"https:\/\/www.europesays.com\/fr\/wp-json\/wp\/v2\/users\/2"}],"replies":[{"embeddable":true,"href":"https:\/\/www.europesays.com\/fr\/wp-json\/wp\/v2\/comments?post=592876"}],"version-history":[{"count":0,"href":"https:\/\/www.europesays.com\/fr\/wp-json\/wp\/v2\/posts\/592876\/revisions"}],"wp:featuredmedia":[{"embeddable":true,"href":"https:\/\/www.europesays.com\/fr\/wp-json\/wp\/v2\/media\/592877"}],"wp:attachment":[{"href":"https:\/\/www.europesays.com\/fr\/wp-json\/wp\/v2\/media?parent=592876"}],"wp:term":[{"taxonomy":"category","embeddable":true,"href":"https:\/\/www.europesays.com\/fr\/wp-json\/wp\/v2\/categories?post=592876"},{"taxonomy":"post_tag","embeddable":true,"href":"https:\/\/www.europesays.com\/fr\/wp-json\/wp\/v2\/tags?post=592876"}],"curies":[{"name":"wp","href":"https:\/\/api.w.org\/{rel}","templated":true}]}}