{"id":592878,"date":"2025-12-11T13:29:16","date_gmt":"2025-12-11T13:29:16","guid":{"rendered":"https:\/\/www.europesays.com\/fr\/592878\/"},"modified":"2025-12-11T13:29:16","modified_gmt":"2025-12-11T13:29:16","slug":"young-boys-lille-pourquoi-vous-ne-pourrez-pas-voir-le-match-de-ligue-europa-a-la-television","status":"publish","type":"post","link":"https:\/\/www.europesays.com\/fr\/592878\/","title":{"rendered":"Young Boys &#8211; Lille\u00a0: Pourquoi vous ne pourrez pas voir le match de Ligue Europa \u00e0 la t\u00e9l\u00e9vision\u00a0?"},"content":{"rendered":"<p>Que les supporteurs lillois se rassurent. Non, les m\u00e9dias fran\u00e7ais ne vont pas boycotter leur club ce jeudi soir, \u00e0 l\u2019occasion de la sixi\u00e8me journ\u00e9e de la <a href=\"https:\/\/www.20minutes.fr\/sport\/football\/ligue_des_champions\/4188542-20251128-indice-uefa-signal-fort-football-francais-levitation-europe-place-cinquieme-qualif-c1\" target=\"_blank\" class=\"c-link c-link--is-underlined\" rel=\"noopener\">phase r\u00e9guli\u00e8re de Ligue Europa<\/a>. En d\u00e9placement \u00e0 Berne, en Suisse, pour y affronter les <a href=\"https:\/\/www.20minutes.fr\/sport\/football\/ligue_europa\/4188487-20251128-ligue-europa-ultras-young-boys-berne-mitraillent-projectiles-malen-battent-police-anglaise\" target=\"_blank\" class=\"c-link c-link--is-underlined\" rel=\"noopener\">Young Boys<\/a>, le Losc ne pourra pas compter sur le soutien de ses fans devant le poste de t\u00e9l\u00e9vision, car aucune cha\u00eene fran\u00e7aise ne diffusera la rencontre, bien que Canal+\u00a0dispose des droits de diffusion des coupes d\u2019Europe.<\/p>\n<p>Non, si Young Boys-Lille n\u2019est pas diffus\u00e9 ce jeudi, c\u2019est uniquement en raison du sponsor maillot du club suisse. Pr\u00e9sent il y a quelques ann\u00e9es sur les liquettes de l\u2019<a href=\"https:\/\/www.20minutes.fr\/dossier\/atletico_madrid\" target=\"_blank\" class=\"c-link c-link--is-underlined\" rel=\"noopener\">Atl\u00e9tico de Madrid<\/a>, \u00ab\u00a0Plus 500\u00a0\u00bb est une soci\u00e9t\u00e9 de trading, \u00ab\u00a0dont certains contrats financiers sont class\u00e9s tr\u00e8s risqu\u00e9s par l\u2019Autorit\u00e9 fran\u00e7aise des march\u00e9s financiers (AMF), rapporte L\u2019Equipe. Et, depuis\u00a02016, faire de la publicit\u00e9 pour ce genre d\u2019entreprises est totalement interdit en France.<\/p>\n<\/p>\n<p>Le diffuseur risque une amende sal\u00e9e (100.000 euros) s\u2019il ne respecte pas cette r\u00e8gle. R\u00e9sultat, aucun match des Young Boys n\u2019est diffus\u00e9 dans l\u2019Hexagone. Tant pis pour les fans lillois, mais aussi lyonnais, qui doivent affronter l\u2019ancien club de Guillaume Hoarau en Ligue Europa. Selon <a href=\"https:\/\/www.lequipe.fr\/Medias\/Actualites\/Young-boys-berne-lille-non-diffuse-en-direct-mais-un-resume-prevu-dans-la-soiree-sur-canal\/1616162\" rel=\"nofollow noopener\" target=\"_blank\" class=\"c-link c-link--is-underlined\">L\u2019Equipe<\/a>, Canal+\u00a0devrait tout de m\u00eame diffuser un r\u00e9sum\u00e9 du match dans la soir\u00e9e apr\u00e8s avoir flout\u00e9 les maillots suisses. Un gros boulot les attend.<\/p>\n","protected":false},"excerpt":{"rendered":"Que les supporteurs lillois se rassurent. Non, les m\u00e9dias fran\u00e7ais ne vont pas boycotter leur club ce jeudi&hellip;\n","protected":false},"author":2,"featured_media":592879,"comment_status":"","ping_status":"","sticky":false,"template":"","format":"standard","meta":{"footnotes":""},"categories":[2815],"tags":[1111,11,1777,674,63,1011,27,811,5843,1307,2854,12,25,517,3067,252],"class_list":{"0":"post-592878","1":"post","2":"type-post","3":"status-publish","4":"format-standard","5":"has-post-thumbnail","7":"category-lille","8":"tag-actu","9":"tag-actualites","10":"tag-eu","11":"tag-europe","12":"tag-football","13":"tag-fr","14":"tag-france","15":"tag-hauts-de-france","16":"tag-ligue-europa","17":"tag-lille","18":"tag-losc-lille","19":"tag-news","20":"tag-republique-francaise","21":"tag-sport","22":"tag-suisse","23":"tag-television"},"share_on_mastodon":{"url":"https:\/\/pubeurope.com\/@fr\/115701177706563626","error":""},"_links":{"self":[{"href":"https:\/\/www.europesays.com\/fr\/wp-json\/wp\/v2\/posts\/592878","targetHints":{"allow":["GET"]}}],"collection":[{"href":"https:\/\/www.europesays.com\/fr\/wp-json\/wp\/v2\/posts"}],"about":[{"href":"https:\/\/www.europesays.com\/fr\/wp-json\/wp\/v2\/types\/post"}],"author":[{"embeddable":true,"href":"https:\/\/www.europesays.com\/fr\/wp-json\/wp\/v2\/users\/2"}],"replies":[{"embeddable":true,"href":"https:\/\/www.europesays.com\/fr\/wp-json\/wp\/v2\/comments?post=592878"}],"version-history":[{"count":0,"href":"https:\/\/www.europesays.com\/fr\/wp-json\/wp\/v2\/posts\/592878\/revisions"}],"wp:featuredmedia":[{"embeddable":true,"href":"https:\/\/www.europesays.com\/fr\/wp-json\/wp\/v2\/media\/592879"}],"wp:attachment":[{"href":"https:\/\/www.europesays.com\/fr\/wp-json\/wp\/v2\/media?parent=592878"}],"wp:term":[{"taxonomy":"category","embeddable":true,"href":"https:\/\/www.europesays.com\/fr\/wp-json\/wp\/v2\/categories?post=592878"},{"taxonomy":"post_tag","embeddable":true,"href":"https:\/\/www.europesays.com\/fr\/wp-json\/wp\/v2\/tags?post=592878"}],"curies":[{"name":"wp","href":"https:\/\/api.w.org\/{rel}","templated":true}]}}