{"id":592886,"date":"2025-12-11T13:34:29","date_gmt":"2025-12-11T13:34:29","guid":{"rendered":"https:\/\/www.europesays.com\/fr\/592886\/"},"modified":"2025-12-11T13:34:29","modified_gmt":"2025-12-11T13:34:29","slug":"30-anciens-de-lamour-est-dans-le-pre-attendus-au-marche-de-noel-de-jerome-et-lucile","status":"publish","type":"post","link":"https:\/\/www.europesays.com\/fr\/592886\/","title":{"rendered":"30 anciens de L\u2019Amour est dans le pr\u00e9 attendus au march\u00e9 de No\u00ebl de J\u00e9r\u00f4me et Lucile"},"content":{"rendered":"<p>\u00ab\u00a0On ne nous parle que de \u00e7a en ce moment\u00a0!\u00a0\u00bb Le fameux march\u00e9 de No\u00ebl de Lucile et J\u00e9r\u00f4me, m\u00e9morables protagonistes de la saison 15 de L\u2019Amour est dans le pr\u00e9, approche \u00e0 grand pas. Le couple est en pleins pr\u00e9paratifs et leurs fans \u2013 quelque 325\u00a0000 followers sur Instagram \u2014 tr\u00e9pignent d\u2019impatience.<\/p>\n<p>\u00ab\u00a0Il y a beaucoup de nouveaut\u00e9s cette ann\u00e9e, poursuit Lucile. Nous avons chang\u00e9 la restauration, il y a beaucoup plus d\u2019exposants\u2026 \u00c7a prend une nouvelle dimension, le stress monte un peu.\u00a0\u00bb<\/p>\n<p>Organiser un grand \u00e9v\u00e9nement\u2026 avec un nouveau-n\u00e9\u00a0!<\/p>\n<p>Mais la plus grande nouveaut\u00e9, pour le couple, est plus personnelle. \u00c0 travers le t\u00e9l\u00e9phone, des gazouillis nous rappellent <a href=\"https:\/\/www.leprogres.fr\/economie\/2025\/10\/28\/l-amour-est-dans-le-pre-lucile-et-jerome-attendent-une-petite-fille-pour-fin-novembre\" target=\"_blank\" rel=\"noopener\">la naissance, il y a quinze&#8230;<\/a><\/p>\n","protected":false},"excerpt":{"rendered":"\u00ab\u00a0On ne nous parle que de \u00e7a en ce moment\u00a0!\u00a0\u00bb Le fameux march\u00e9 de No\u00ebl de Lucile et&hellip;\n","protected":false},"author":2,"featured_media":592887,"comment_status":"","ping_status":"","sticky":false,"template":"","format":"standard","meta":{"footnotes":""},"categories":[1889],"tags":[1111,11,327,2430,4406,1687,33,3152,1777,674,3326,107,1011,27,51513,2428,12,25,2429,23534,2205],"class_list":{"0":"post-592886","1":"post","2":"type-post","3":"status-publish","4":"format-standard","5":"has-post-thumbnail","7":"category-lyon","8":"tag-actu","9":"tag-actualites","10":"tag-agriculture","11":"tag-auvergne-rhone-alpes","12":"tag-commerce-et-services","13":"tag-culture-loisirs","14":"tag-economie","15":"tag-edition-est-lyonnais","16":"tag-eu","17":"tag-europe","18":"tag-fete-locale","19":"tag-fil-info","20":"tag-fr","21":"tag-france","22":"tag-jons","23":"tag-lyon","24":"tag-news","25":"tag-republique-francaise","26":"tag-rhone","27":"tag-saint-laurent-de-mure-bassin","28":"tag-television-medias"},"share_on_mastodon":{"url":"https:\/\/pubeurope.com\/@fr\/115701197277474142","error":""},"_links":{"self":[{"href":"https:\/\/www.europesays.com\/fr\/wp-json\/wp\/v2\/posts\/592886","targetHints":{"allow":["GET"]}}],"collection":[{"href":"https:\/\/www.europesays.com\/fr\/wp-json\/wp\/v2\/posts"}],"about":[{"href":"https:\/\/www.europesays.com\/fr\/wp-json\/wp\/v2\/types\/post"}],"author":[{"embeddable":true,"href":"https:\/\/www.europesays.com\/fr\/wp-json\/wp\/v2\/users\/2"}],"replies":[{"embeddable":true,"href":"https:\/\/www.europesays.com\/fr\/wp-json\/wp\/v2\/comments?post=592886"}],"version-history":[{"count":0,"href":"https:\/\/www.europesays.com\/fr\/wp-json\/wp\/v2\/posts\/592886\/revisions"}],"wp:featuredmedia":[{"embeddable":true,"href":"https:\/\/www.europesays.com\/fr\/wp-json\/wp\/v2\/media\/592887"}],"wp:attachment":[{"href":"https:\/\/www.europesays.com\/fr\/wp-json\/wp\/v2\/media?parent=592886"}],"wp:term":[{"taxonomy":"category","embeddable":true,"href":"https:\/\/www.europesays.com\/fr\/wp-json\/wp\/v2\/categories?post=592886"},{"taxonomy":"post_tag","embeddable":true,"href":"https:\/\/www.europesays.com\/fr\/wp-json\/wp\/v2\/tags?post=592886"}],"curies":[{"name":"wp","href":"https:\/\/api.w.org\/{rel}","templated":true}]}}