{"id":592888,"date":"2025-12-11T13:36:26","date_gmt":"2025-12-11T13:36:26","guid":{"rendered":"https:\/\/www.europesays.com\/fr\/592888\/"},"modified":"2025-12-11T13:36:26","modified_gmt":"2025-12-11T13:36:26","slug":"la-region-ile-de-france-prevoit-de-debloquer-un-million-deuros","status":"publish","type":"post","link":"https:\/\/www.europesays.com\/fr\/592888\/","title":{"rendered":"la R\u00e9gion \u00cele-de-France pr\u00e9voit de d\u00e9bloquer un million d&rsquo;euros"},"content":{"rendered":"<p class=\"fig-paragraph\">La R\u00e9gion \u00cele-de-France a annonc\u00e9 mardi son intention de d\u00e9bloquer une aide d&rsquo;un million d&rsquo;euros pour soutenir la reprise en Scop du groupe centenaire d&rsquo;\u00e9lectrom\u00e9nager\u00a0<a href=\"http:\/\/www.lefigaro.fr\/societes\/l-avenir-du-fabricant-centenaire-d-electromenager-brandt-en-suspens-la-decision-du-tribunal-mise-en-delibere-20251203\" data-fig-type=\"NewsFlash\" data-gtm-custom-categorie=\"navigation\" data-gtm-custom-action=\"crossclick\" data-gtm-custom-label=\"Contextuel\" data-gtm-event=\"customEventSPE\" data-fig-domain=\"LEFIGARO\" target=\"_blank\" rel=\"noopener\">Brandt<\/a>, dont l&rsquo;avenir est suspendu \u00e0 une d\u00e9cision du tribunal des activit\u00e9s \u00e9conomiques de Nanterre.<\/p>\n<p class=\"fig-paragraph\">\u00abLa R\u00e9gion \u00cele-de-France, inform\u00e9e de la mise en redressement judiciaire des soci\u00e9t\u00e9s Groupe Brandt et Brandt, qui regroupent plus de 200 emplois sur le territoire francilien, se mobilise autour du projet de reprise et soumettra une aide d&rsquo;1 million d&rsquo;euros lors de sa prochaine commission permanente\u00bb, pr\u00e9vue le 29 janvier, a annonc\u00e9 l&rsquo;institution r\u00e9gionale dans un communiqu\u00e9. Cette aide est toutefois conditionn\u00e9e \u00abau maintien du site de Cergy-Pontoise dans le Val-d&rsquo;Oise, qui regroupe les personnels du service apr\u00e8s-vente, et du si\u00e8ge social\u00bb, a-t-elle pr\u00e9cis\u00e9.<\/p>\n<p>                                            <a class=\"fig-a11y-skip\" href=\"#fig-a11y-skip-main-inarticle\" data-module=\"a11y-skip\" data-context=\"was @visible\"><br \/>\n    Passer la publicit\u00e9<br \/>\n<\/a>            <\/p>\n<p>                                            Un acteur historique de l\u2019\u00e9lectrom\u00e9nager<\/p>\n<p class=\"fig-paragraph\">Le tribunal de Nanterre doit statuer jeudi sur le sort du groupe Brandt, bien incertain depuis son placement en redressement judiciaire d\u00e9but octobre. Le sc\u00e9nario d&rsquo;un arr\u00eat de l&rsquo;activit\u00e9 et d&rsquo;une mise en liquidation est particuli\u00e8rement redout\u00e9. Parmi les offres pr\u00e9sent\u00e9es, seul le projet de Scop (soci\u00e9t\u00e9 coop\u00e9rative et participative port\u00e9e par les salari\u00e9s), soutenu par le groupe Revive, permettrait de sauver au moins 300 emplois, d&rsquo;apr\u00e8s le ministre d\u00e9l\u00e9gu\u00e9 \u00e0 l&rsquo;Industrie, S\u00e9bastien Martin. Brandt, entreprise embl\u00e9matique du patrimoine industriel fran\u00e7ais et acteur historique de l&rsquo;\u00e9lectrom\u00e9nager, a son si\u00e8ge \u00e0 Rueil-Malmaison (Hauts-de-Seine), qui regroupe 156 emplois, et ses activit\u00e9s de service apr\u00e8s-vente \u00e0 Cergy-Pontoise, repr\u00e9sentant 92 emplois.<\/p>\n<p class=\"fig-paragraph\">En jeu, l&rsquo;avenir du fabricant des produits Brandt, mais aussi de ceux des marques Vedette, Sauter et De Dietrich. Mais la t\u00e2che s&rsquo;annonce difficile pour un groupe dont la production est quasiment \u00e0 l&rsquo;arr\u00eat. Le gouvernement a annonc\u00e9 un soutien de l&rsquo;\u00c9tat \u00e0 hauteur de 5 millions d&rsquo;euros. La m\u00e9tropole d&rsquo;Orl\u00e9ans a promis un apport, tout comme la R\u00e9gion Centre-Val de Loire. Brandt, propri\u00e9t\u00e9 depuis 2014 du groupe alg\u00e9rien Cevital, r\u00e9alise 260 millions d&rsquo;euros de chiffre d&rsquo;affaires. L&rsquo;entreprise subit notamment les cons\u00e9quences des temps difficiles v\u00e9cus par le secteur du gros \u00e9lectrom\u00e9nager.<\/p>\n","protected":false},"excerpt":{"rendered":"La R\u00e9gion \u00cele-de-France a annonc\u00e9 mardi son intention de d\u00e9bloquer une aide d&rsquo;un million d&rsquo;euros pour soutenir la&hellip;\n","protected":false},"author":2,"featured_media":592889,"comment_status":"","ping_status":"","sticky":false,"template":"","format":"standard","meta":{"footnotes":""},"categories":[1592],"tags":[1111,11,38415,1777,674,1011,27,662,12,626,25],"class_list":{"0":"post-592888","1":"post","2":"type-post","3":"status-publish","4":"format-standard","5":"has-post-thumbnail","7":"category-ile-de-france","8":"tag-actu","9":"tag-actualites","10":"tag-electromenager","11":"tag-eu","12":"tag-europe","13":"tag-fr","14":"tag-france","15":"tag-ile-de-france","16":"tag-news","17":"tag-paris","18":"tag-republique-francaise"},"share_on_mastodon":{"url":"https:\/\/pubeurope.com\/@fr\/115701205372243157","error":""},"_links":{"self":[{"href":"https:\/\/www.europesays.com\/fr\/wp-json\/wp\/v2\/posts\/592888","targetHints":{"allow":["GET"]}}],"collection":[{"href":"https:\/\/www.europesays.com\/fr\/wp-json\/wp\/v2\/posts"}],"about":[{"href":"https:\/\/www.europesays.com\/fr\/wp-json\/wp\/v2\/types\/post"}],"author":[{"embeddable":true,"href":"https:\/\/www.europesays.com\/fr\/wp-json\/wp\/v2\/users\/2"}],"replies":[{"embeddable":true,"href":"https:\/\/www.europesays.com\/fr\/wp-json\/wp\/v2\/comments?post=592888"}],"version-history":[{"count":0,"href":"https:\/\/www.europesays.com\/fr\/wp-json\/wp\/v2\/posts\/592888\/revisions"}],"wp:featuredmedia":[{"embeddable":true,"href":"https:\/\/www.europesays.com\/fr\/wp-json\/wp\/v2\/media\/592889"}],"wp:attachment":[{"href":"https:\/\/www.europesays.com\/fr\/wp-json\/wp\/v2\/media?parent=592888"}],"wp:term":[{"taxonomy":"category","embeddable":true,"href":"https:\/\/www.europesays.com\/fr\/wp-json\/wp\/v2\/categories?post=592888"},{"taxonomy":"post_tag","embeddable":true,"href":"https:\/\/www.europesays.com\/fr\/wp-json\/wp\/v2\/tags?post=592888"}],"curies":[{"name":"wp","href":"https:\/\/api.w.org\/{rel}","templated":true}]}}