{"id":592894,"date":"2025-12-11T13:39:59","date_gmt":"2025-12-11T13:39:59","guid":{"rendered":"https:\/\/www.europesays.com\/fr\/592894\/"},"modified":"2025-12-11T13:39:59","modified_gmt":"2025-12-11T13:39:59","slug":"quinte-quinte-du-vendredi-12-decembre-a-vincennes-iris-intense-peut-refaire-parler-de-lui","status":"publish","type":"post","link":"https:\/\/www.europesays.com\/fr\/592894\/","title":{"rendered":"Quint\u00e9+: Quint\u00e9+ du vendredi 12 d\u00e9cembre \u00e0 Vincennes : Iris Intense peut refaire parler de lui"},"content":{"rendered":"<p><strong>Les partants du Quint\u00e9+ de ce vendredi 12 d\u00e9cembre<\/strong><strong style=\"float: left;margin-left: 2%;\">PRIX DE TOURCOING<\/strong><strong style=\"float: right;margin-right: 2%;\">VENDREDI 12 D\u00c9CEMBRE<\/strong><br \/>PARIS-VINCENNES &#8211; 2850 METRES &#8211; \u00a0<img decoding=\"async\" alt=\"picto_attele\" class=\"img2\" src=\"https:\/\/static.equidia.fr\/equidia\/discipline\/attele.svg\"\/>D\u00c9PART : 20H15<strong>Les forces en pr\u00e9sence<\/strong><\/p>\n<p style=\"text-align: justify;\">Apr\u00e8s une longue absence, <a href=\"https:\/\/www.equidia.fr\/chevaux\/iris-intense?horse_uuid=54c017be-c25f-49d7-b456-2c5f1b8e17a4\" target=\"_blank\" rel=\"noopener\">IRIS INTENSE (5)<\/a> a d\u00e9sormais trois courses dans les jambes. Il avait fort bien tenu sa partie le 21 novembre, malgr\u00e9 une faute en fin de parcours, et sera cette fois d\u00e9ferr\u00e9 des ant\u00e9rieurs. Id\u00e9alement situ\u00e9 au premier \u00e9chelon, il peut r\u00e9aliser un \u00ab\u00a0num\u00e9ro\u00a0\u00bb s&rsquo;il daigne rester sage d&rsquo;un bout \u00e0 l&rsquo;autre. Le danger viendra des concurrents du second \u00e9chelon, \u00e0 commencer par <a href=\"https:\/\/www.equidia.fr\/chevaux\/idylle-express?horse_uuid=019c7a79-d639-4eb5-85c6-f3b7836d06a9\" target=\"_blank\" rel=\"noopener\">IDYLLE EXPRESS (13)<\/a>, \u00e9blouissante laur\u00e9ate de l&rsquo;\u00e9preuve cl\u00e9 du 29 novembre, <a href=\"https:\/\/www.equidia.fr\/chevaux\/iacynthe-didjeap?horse_uuid=e1f4913e-2681-4d31-bbee-9e04cf162b1d\" target=\"_blank\" rel=\"noopener\">IACYNTHE DIDJEAP (14)<\/a>, pr\u00e9par\u00e9 pour cet engagement int\u00e9ressant au plafond des gains, <a href=\"https:\/\/www.equidia.fr\/chevaux\/high-propulsion?horse_uuid=07fc04d6-60d0-464f-8aae-d92212bc1d7a\" target=\"_blank\" rel=\"noopener\">HIGH PROPULSION (10)<\/a>, capable de finir fort si elle parvient \u00e0 trouver les bons dos, et <a href=\"https:\/\/www.equidia.fr\/chevaux\/imperator-dela?horse_uuid=813beba1-e340-4707-8086-2e6db6fc99d3\" target=\"_blank\" rel=\"noopener\">IMPERATOR D&rsquo;ELA (11)<\/a>, revenu au mieux apr\u00e8s une travers\u00e9e du d\u00e9sert. Dot\u00e9 d&rsquo;un joli rush final, <a href=\"https:\/\/www.equidia.fr\/chevaux\/guerrier-castelets?horse_uuid=cbca2742-c278-414e-8e1b-38e144201eb5\" target=\"_blank\" rel=\"noopener\">GUERRIER CASTELETS (12)<\/a> appr\u00e9ciera le probable rythme s\u00e9lectif et peut \u00e9galement viser un accessit. <a href=\"https:\/\/www.equidia.fr\/chevaux\/intrepide-des-bois?horse_uuid=38adbd9a-252a-49bf-a7b0-e28f90cad8aa\" target=\"_blank\" rel=\"noopener\">INTREPIDE DES BOIS (3)<\/a> et <a href=\"https:\/\/www.equidia.fr\/chevaux\/impact-player?horse_uuid=a55d6837-3623-416b-804c-df1a9a2273ac\" target=\"_blank\" rel=\"noopener\">IMPACT PLAYER (4)<\/a> ont montr\u00e9 leur forme et peuvent compl\u00e9ter la combinaison gagnante du Quint\u00e9+ gr\u00e2ce \u00e0 leur situation enviable au premier \u00e9chelon.<\/p>\n<p><strong>Le prono de Micka\u00ebl AFRIAT<\/strong><\/p>\n<tr cellpadding=\"0\" cellspacing=\"10\" class=\"row5\" style=\"text-align: left; background-color: #FFFFFF; font-size: 130%;\">\n<td style=\"text-align: center;\">5<\/td>\n<td style=\"text-align: center;\">13<\/td>\n<td style=\"text-align: center;\">14<\/td>\n<td style=\"text-align: center;\">10<\/td>\n<td style=\"text-align: center;\">11<\/td>\n<td style=\"text-align: center;\">12<\/td>\n<td style=\"text-align: center;\">3<\/td>\n<td style=\"text-align: center;\">4<\/td>\n<\/tr>\n<tr class=\"row6\" style=\"text-align: center; background-color: #FFFFFF; column-width: 6rem;\">\n<td class=\"col5\"><img decoding=\"async\" alt=\"casaque_IRIS INTENSE\" class=\"cas\" src=\"https:\/\/www.europesays.com\/fr\/wp-content\/uploads\/2025\/12\/20251212-r1c8p5-png.png\" style=\" width: 70%;\"\/><\/p>\n<p class=\"col10\" style=\"font-size: x-small; line-height: 11px;;\">IRIS INTENSE<\/p>\n<\/td>\n<td class=\"col13\"><img decoding=\"async\" alt=\"casaque_IDYLLE EXPRESS\" class=\"cas\" src=\"https:\/\/www.europesays.com\/fr\/wp-content\/uploads\/2025\/12\/20251212-r1c8p13-png.png\" style=\" width: 70%;\"\/><\/p>\n<p class=\"col10\" style=\"font-size: x-small; line-height: 11px;;\">IDYLLE EXPRESS<\/p>\n<\/td>\n<td class=\"col14\"><img decoding=\"async\" alt=\"casaque_IACYNTHE DIDJEAP\" class=\"cas\" src=\"https:\/\/www.europesays.com\/fr\/wp-content\/uploads\/2025\/12\/20251212-r1c8p14-png.png\" style=\" width: 70%;\"\/><\/p>\n<p class=\"col10\" style=\"font-size: x-small; line-height: 11px;;\">IACYNTHE DIDJEAP<\/p>\n<\/td>\n<td class=\"col10\"><img decoding=\"async\" alt=\"casaque_HIGH PROPULSION\" class=\"cas\" src=\"https:\/\/www.europesays.com\/fr\/wp-content\/uploads\/2025\/12\/20251212-r1c8p10-png.png\" style=\" width: 70%;\"\/><\/p>\n<p class=\"col10\" style=\"font-size: x-small; line-height: 11px;;\">HIGH PROPULSION<\/p>\n<\/td>\n<td class=\"col11\"><img decoding=\"async\" alt=\"casaque_IMPERATOR D'ELA\" class=\"cas\" src=\"https:\/\/www.europesays.com\/fr\/wp-content\/uploads\/2025\/12\/20251212-r1c8p11-png.png\" style=\" width: 70%;\"\/><\/p>\n<p class=\"col10\" style=\"font-size: x-small; line-height: 11px;;\">IMPERATOR D&rsquo;ELA<\/p>\n<\/td>\n<td class=\"col12\"><img decoding=\"async\" alt=\"casaque_GUERRIER CASTELETS\" class=\"cas\" src=\"https:\/\/www.europesays.com\/fr\/wp-content\/uploads\/2025\/12\/20251212-r1c8p12-png.png\" style=\" width: 70%;\"\/><\/p>\n<p class=\"col10\" style=\"font-size: x-small; line-height: 11px;;\">GUERRIER CASTELETS<\/p>\n<\/td>\n<td class=\"col3\"><img decoding=\"async\" alt=\"casaque_INTREPIDE DES BOIS\" class=\"cas\" src=\"https:\/\/www.europesays.com\/fr\/wp-content\/uploads\/2025\/12\/20251212-r1c8p3-png.png\" style=\" width: 70%;\"\/><\/p>\n<p class=\"col10\" style=\"font-size: x-small; line-height: 11px;;\">INTREPIDE DES BOIS<\/p>\n<\/td>\n<td class=\"col4\"><img decoding=\"async\" alt=\"casaque_IMPACT PLAYER\" class=\"cas\" src=\"https:\/\/www.europesays.com\/fr\/wp-content\/uploads\/2025\/12\/20251212-r1c8p4-png.png\" style=\" width: 70%;\"\/><\/p>\n<p class=\"col10\" style=\"font-size: x-small; line-height: 11px;;\">IMPACT PLAYER<\/p>\n<\/td>\n<\/tr>\n<p><a href=\"https:\/\/servedby.revive-adserver.net\/ck.php?n=a3265498&amp;cb=1234\" target=\"_blank\" rel=\"noopener\"><img decoding=\"async\" alt=\"\" border=\"0\" src=\"https:\/\/www.europesays.com\/fr\/wp-content\/uploads\/2025\/12\/avw\"\/><\/a><\/p>\n<p><strong>Les partants en d\u00e9tail (par M. AFRIAT) et l&rsquo;avis des pros (par M. BRIDAULT)<\/strong><\/p>\n<p id=\"ch_INVICTUS DU DOLLAR\" style=\"margin-bottom: 1%;\"><a href=\"https:\/\/www.equidia.fr\/chevaux\/invictus-du-dollar?horse_uuid=73b0b83a-7e75-4a48-9360-20cf0f862110\" target=\"_blank\" rel=\"noopener\">1 &#8211; \u00a0<img decoding=\"async\" alt=\"casaque_INVICTUS DU DOLLAR\" src=\"https:\/\/www.europesays.com\/fr\/wp-content\/uploads\/2025\/12\/20251212-r1c8p1-png.png\" style=\"width: 4.5%; margin :0; vertical-align : middle;\"\/>\u00a0\u00a0INVICTUS DU DOLLAR<\/a><\/p>\n<p style=\"text-align: justify;\">Dans la course cl\u00e9, il a compromis une bonne partie de ses chances au d\u00e9part et n&rsquo;a plus \u00e9t\u00e9 dangereux (9e). Il est annonc\u00e9 en grande forme mais n&rsquo;a plus termin\u00e9 dans les cinq premiers d&rsquo;une comp\u00e9tition officielle depuis le 2 mars dernier. Pour l&rsquo;heure, il doit surtout rassurer.<\/p>\n<p><strong>Lana Henry, driver : <\/strong><\/p>\n<p style=\"text-align: justify;\">\u00ab Invictus du Dollar (1) est p\u00e9tri de classe, mais il reste tr\u00e8s compliqu\u00e9. La derni\u00e8re fois, on a voulu effectuer des changements mais cela ne s&rsquo;est pas av\u00e9r\u00e9 fructueux. Il s&rsquo;est bien acclimat\u00e9 \u00e0 Grosbois. Ce sera tout ou rien. Il est difficilement recommandable mais je ne serais pas \u00e9tonn\u00e9e de le voir \u00e0 l&rsquo;arriv\u00e9e, sur sa classe. \u00bb<\/p>\n<p id=\"ch_INVICTUS DE NILREM\" style=\"margin-bottom: 1%;\"><a href=\"https:\/\/www.equidia.fr\/chevaux\/invictus-de-nilrem?horse_uuid=a674257f-257a-474f-9bf7-7d6edeabbccb\" target=\"_blank\" rel=\"noopener\">2 &#8211; \u00a0<img decoding=\"async\" alt=\"casaque_INVICTUS DE NILREM\" src=\"https:\/\/www.europesays.com\/fr\/wp-content\/uploads\/2025\/12\/20251212-r1c8p2-png.png\" style=\"width: 4.5%; margin :0; vertical-align : middle;\"\/>\u00a0\u00a0INVICTUS DE NILREM<\/a><\/p>\n<p style=\"text-align: justify;\">Il a enregistr\u00e9 des performances en dents de scie cette ann\u00e9e et son retour \u00e0 Vincennes, le 6 novembre, est meilleur que ne l&rsquo;indique le classement brut (7e). Il s&rsquo;attaque \u00e0 forte partie et peut parfois se montrer h\u00e9sitant dans la phase initiale, mais il ne surprendrait pas en accrochant la quatri\u00e8me ou cinqui\u00e8me place.<\/p>\n<p><strong>Bastien Michardi\u00e8re, entra\u00eeneur : <\/strong><\/p>\n<p style=\"text-align: justify;\">\u00ab Invictus de Nilrem (2) est parti sur un petit temps de galop derni\u00e8rement, puis il s&rsquo;est retrouv\u00e9 trop loin. Pour autant, il n&rsquo;a pas d\u00e9m\u00e9rit\u00e9. Il faut oublier cette sortie. Il perd parfois du temps \u00e0 la volte, mais il y a peu de partants \u00e0 son \u00e9chelon cette fois. Je ne suis donc pas trop inquiet de ce c\u00f4t\u00e9-l\u00e0. Il est pr\u00eat \u00e0 en d\u00e9coudre et a largement sa place dans le Quint\u00e9+. \u00bb<\/p>\n<p id=\"ch_INTREPIDE DES BOIS\" style=\"margin-bottom: 1%;\"><a href=\"https:\/\/www.equidia.fr\/chevaux\/intrepide-des-bois?horse_uuid=38adbd9a-252a-49bf-a7b0-e28f90cad8aa\" target=\"_blank\" rel=\"noopener\">3 &#8211; \u00a0<img decoding=\"async\" alt=\"casaque_INTREPIDE DES BOIS\" src=\"https:\/\/www.europesays.com\/fr\/wp-content\/uploads\/2025\/12\/1765460379_473_20251212-r1c8p3-png.png\" style=\"width: 4.5%; margin :0; vertical-align : middle;\"\/>\u00a0\u00a0INTREPIDE DES BOIS<\/a><\/p>\n<p style=\"text-align: justify;\">Cet \u00e9l\u00e8ve de Philippe Daugeard avait laiss\u00e9 une impression tr\u00e8s favorable sur ce parcours le 6 novembre, face \u00e0 ses contemporains (4e). Il a trac\u00e9 une belle ligne droite en dernier lieu \u00e0 Cherbourg et d\u00e9couvre ici un engagement int\u00e9ressant. Pour une place.<\/p>\n<p><strong>Philippe Daugeard, entra\u00eeneur : <\/strong><\/p>\n<p style=\"text-align: justify;\">\u00ab Intr\u00e9pide des Bois (3) est s\u00e9rieux et en forme. Il fait toutes ses courses. Lors de son avant-derni\u00e8re sortie, il a montr\u00e9 sa comp\u00e9titivit\u00e9 sur ce parcours. Il y a de l&rsquo;opposition, mais avec un bon parcours, il peut finir dans les cinq premiers. \u00bb<\/p>\n<p id=\"ch_IMPACT PLAYER\" style=\"margin-bottom: 1%;\"><a href=\"https:\/\/www.equidia.fr\/chevaux\/impact-player?horse_uuid=a55d6837-3623-416b-804c-df1a9a2273ac\" target=\"_blank\" rel=\"noopener\">4 &#8211; \u00a0<img decoding=\"async\" alt=\"casaque_IMPACT PLAYER\" src=\"https:\/\/www.europesays.com\/fr\/wp-content\/uploads\/2025\/12\/1765460380_991_20251212-r1c8p4-png.png\" style=\"width: 4.5%; margin :0; vertical-align : middle;\"\/>\u00a0\u00a0IMPACT PLAYER<\/a><\/p>\n<p style=\"text-align: justify;\">Il a mis du temps \u00e0 recouvrer ses sensations apr\u00e8s une longue absence, mais c&rsquo;est d\u00e9sormais chose faite, en attestent ses derniers r\u00e9sultats. Il s&rsquo;est bien d\u00e9fendu dans l&rsquo;\u00e9preuve de r\u00e9f\u00e9rence (4e) et visera un classement similaire ce jeudi.<\/p>\n<p><strong>Emmanuel Allard, entra\u00eeneur et driver : <\/strong><\/p>\n<p style=\"text-align: justify;\">\u00ab Impact Player (4) s&rsquo;est bien d\u00e9fendu dans la course r\u00e9f\u00e9rence sur ce parcours. Il est bien engag\u00e9 en t\u00eate et semble \u00eatre rest\u00e9 bien le matin. Il est dans sa cat\u00e9gorie. Il devrait pouvoir r\u00e9p\u00e9ter la m\u00eame valeur, mais \u00e0 ce niveau, c&rsquo;est une question de parcours. \u00bb<\/p>\n<p id=\"ch_IRIS INTENSE\" style=\"margin-bottom: 1%;\"><a href=\"https:\/\/www.equidia.fr\/chevaux\/iris-intense?horse_uuid=54c017be-c25f-49d7-b456-2c5f1b8e17a4\" target=\"_blank\" rel=\"noopener\">5 &#8211; \u00a0<img decoding=\"async\" alt=\"casaque_IRIS INTENSE\" src=\"https:\/\/www.europesays.com\/fr\/wp-content\/uploads\/2025\/12\/1765460382_614_20251212-r1c8p5-png.png\" style=\"width: 4.5%; margin :0; vertical-align : middle;\"\/>\u00a0\u00a0IRIS INTENSE<\/a><\/p>\n<p style=\"text-align: justify;\">Ce hongre affiche une musique inqui\u00e9tante, mais il avait sign\u00e9 une performance encourageante le 21 novembre, malgr\u00e9 sa disqualification en fin de parcours. Il est bien engag\u00e9 et sera cette fois en \u00ab\u00a0mode course\u00a0\u00bb. S&rsquo;il se montre appliqu\u00e9 d&rsquo;un bout \u00e0 l&rsquo;autre, il peut faire tr\u00e8s mal ! Notre coup de c\u0153ur.<\/p>\n<p><strong>L&rsquo;avis du reporter : <\/strong><\/p>\n<p style=\"text-align: justify;\">\u00ab Iris Intense (5) a toujours d\u00e9voil\u00e9 de s\u00e9rieux moyens mais \u00e9galement de la susceptibilit\u00e9. Il a trois parcours dans les jambes apr\u00e8s une longue absence et sera cette fois d\u00e9ferr\u00e9 des ant\u00e9rieurs. Confi\u00e9 \u00e0 David Thomain, avec qui il a d\u00e9j\u00e0 sign\u00e9 deux succ\u00e8s, il m\u00e9rite une note de m\u00e9fiance. \u00bb<\/p>\n<p id=\"ch_ICE HAUFOR\" style=\"margin-bottom: 1%;\"><a href=\"https:\/\/www.equidia.fr\/chevaux\/ice-haufor?horse_uuid=938ab6b3-b37a-408d-8f11-67dadc5a23a9\" target=\"_blank\" rel=\"noopener\">6 &#8211; \u00a0<img decoding=\"async\" alt=\"casaque_ICE HAUFOR\" src=\"https:\/\/www.europesays.com\/fr\/wp-content\/uploads\/2025\/12\/20251212-r1c8p6-png.png\" style=\"width: 4.5%; margin :0; vertical-align : middle;\"\/>\u00a0\u00a0ICE HAUFOR<\/a><\/p>\n<p style=\"text-align: justify;\">Premier des deux atouts d&rsquo;Antoine Marion, cette fille de Booster Winner n&rsquo;a gu\u00e8re convaincu ces derni\u00e8res semaines. Elle vient de causer une vive d\u00e9ception \u00e0 Amiens (8e \u00e0 3,5\/1) et devra montrer un tout autre visage face \u00e0 cette opposition. Malgr\u00e9 la qualit\u00e9 de son engagement, nous en pr\u00e9f\u00e9rons d&rsquo;autres.<\/p>\n<p><strong>Antoine Marion, entra\u00eeneur : <\/strong><\/p>\n<p style=\"text-align: justify;\">\u00ab Il faut oublier la derni\u00e8re course d&rsquo;Ice Haufor (6) \u00e0 Amiens. Avec son num\u00e9ro 13 en seconde ligne, sa mission \u00e9tait d\u00e9licate. Elle est bien engag\u00e9e en t\u00eate et reste meilleure corde \u00e0 gauche. Elle a bien travaill\u00e9. Sur sa vraie valeur, elle a le droit de terminer quatri\u00e8me ou cinqui\u00e8me. \u00bb<\/p>\n<p id=\"ch_GISARO\" style=\"margin-bottom: 1%;\"><a href=\"https:\/\/www.equidia.fr\/chevaux\/gisaro?horse_uuid=9cae8106-097b-4b41-9642-5ffd31bba399\" target=\"_blank\" rel=\"noopener\">7 &#8211; \u00a0<img decoding=\"async\" alt=\"casaque_GISARO\" src=\"https:\/\/www.europesays.com\/fr\/wp-content\/uploads\/2025\/12\/20251212-r1c8p7-png.png\" style=\"width: 4.5%; margin :0; vertical-align : middle;\"\/>\u00a0\u00a0GISARO<\/a><\/p>\n<p style=\"text-align: justify;\">Ce trotteur impr\u00e9visible a \u00e9t\u00e9 men\u00e9 offensivement dans la course cl\u00e9 et s&rsquo;est montr\u00e9 tenace pour conserver le second accessit. Ses espoirs de revanche sur IDYLLE EXPRESS (15) sont bien minces, mais il reste capable de s&rsquo;illustrer s&rsquo;il est encore dans un jour faste. Notre principal regret.<\/p>\n<p><strong>Gauthier Baudouin, fils de l&rsquo;entra\u00eeneur : <\/strong><\/p>\n<p style=\"text-align: justify;\">\u00ab La derni\u00e8re performance de Gisaro (7) est bonne. Depuis, je le trouve encore mieux le matin. Il peut tout faire dans un parcours, mais je vais demander \u00e0 son partenaire de le pr\u00e9server le plus longtemps possible. Le d\u00e9part reste son talon d&rsquo;Achille, mais \u00e0 Vincennes, cela se passe g\u00e9n\u00e9ralement bien en partant dans un dos. Selon moi, il fait partie des bases pour les joueurs de Quint\u00e9+. \u00bb<\/p>\n<p id=\"ch_INTOUCHABLE\" style=\"margin-bottom: 1%;\"><a href=\"https:\/\/www.equidia.fr\/chevaux\/intouchable-2?horse_uuid=e33124b8-a0f9-11e9-b652-0ae587244f4e\" target=\"_blank\" rel=\"noopener\">8 &#8211; \u00a0<img decoding=\"async\" alt=\"casaque_INTOUCHABLE\" src=\"https:\/\/www.europesays.com\/fr\/wp-content\/uploads\/2025\/12\/20251212-r1c8p8-png.png\" style=\"width: 4.5%; margin :0; vertical-align : middle;\"\/>\u00a0\u00a0INTOUCHABLE<\/a><\/p>\n<p style=\"text-align: justify;\">Ce fils de Prodigious a quelque peu rassur\u00e9 ses supporters dans la course cl\u00e9, puisqu&rsquo;il a fini dans une belle action \u00e0 la cinqui\u00e8me place. Cette sortie, cons\u00e9cutive \u00e0 50 jours d&rsquo;absence, lui a certainement fait le plus grand bien. D\u00e8s lors, il peut compl\u00e9ter la combinaison gagnante.<\/p>\n<p><strong>Antoine Marion, entra\u00eeneur : <\/strong><\/p>\n<p style=\"text-align: justify;\">\u00ab J&rsquo;ai \u00e9t\u00e9 un peu d\u00e9\u00e7u de la r\u00e9cente cinqui\u00e8me place d&rsquo;Intouchable (8), m\u00eame si la performance reste bonne. Il est souffreteux mais je le trouve nettement mieux au travail depuis. S&rsquo;il court comme il travaille le matin, je lui vois une premi\u00e8re chance dans un tel lot. \u00bb<\/p>\n<p id=\"ch_GILBERTO\" style=\"margin-bottom: 1%;\"><a href=\"https:\/\/www.equidia.fr\/chevaux\/gilberto?horse_uuid=d1913e9e-e135-4845-a296-2fc172028bc1\" target=\"_blank\" rel=\"noopener\">9 &#8211; \u00a0<img decoding=\"async\" alt=\"casaque_GILBERTO\" src=\"https:\/\/www.europesays.com\/fr\/wp-content\/uploads\/2025\/12\/20251212-r1c8p9-png.png\" style=\"width: 4.5%; margin :0; vertical-align : middle;\"\/>\u00a0\u00a0GILBERTO<\/a><\/p>\n<p style=\"text-align: justify;\">Ce repr\u00e9sentant de l&rsquo;\u00c9curie des Charmes donne toujours son maximum mais n&rsquo;a toujours pas glan\u00e9 le moindre podium sur la grande piste de Vincennes (en sept essais \u00e0 l&rsquo;attel\u00e9). Compte tenu de sa forme et de la maestria de son driver, il peut \u00eatre gliss\u00e9 dans un champ r\u00e9duit.<\/p>\n<p><strong>Th\u00e9o Radoux, entra\u00eeneur : <\/strong><\/p>\n<p style=\"text-align: justify;\">\u00ab Gilberto (9) a montr\u00e9 sa forme en province \u00e0 plusieurs reprises. On n&rsquo;a pas h\u00e9sit\u00e9 \u00e0 faire des kilom\u00e8tres pour b\u00e9n\u00e9ficier de bons engagements. Son moral est au beau fixe. Il faut rendre la distance, mais il a trott\u00e9 1&rsquo;13\u00a0\u00bb sur ce parcours cette ann\u00e9e, ce qui pourrait bien suffire. J&rsquo;ai pr\u00e9f\u00e9r\u00e9 cette course plut\u00f4t que celle de mercredi \u00e0 Vincennes. Avec un bon d\u00e9roulement, il peut se m\u00ealer \u00e0 la lutte. \u00bb<\/p>\n<p id=\"ch_HIGH PROPULSION\" style=\"margin-bottom: 1%;\"><a href=\"https:\/\/www.equidia.fr\/chevaux\/high-propulsion?horse_uuid=07fc04d6-60d0-464f-8aae-d92212bc1d7a\" target=\"_blank\" rel=\"noopener\">10 &#8211; \u00a0<img decoding=\"async\" alt=\"casaque_HIGH PROPULSION\" src=\"https:\/\/www.europesays.com\/fr\/wp-content\/uploads\/2025\/12\/1765460389_373_20251212-r1c8p10-png.png\" style=\"width: 4.5%; margin :0; vertical-align : middle;\"\/>\u00a0\u00a0HIGH PROPULSION<\/a><\/p>\n<p style=\"text-align: justify;\">Bonne cinqui\u00e8me de l&rsquo;\u00e9v\u00e9nement du 30 octobre, elle nous a l\u00e9g\u00e8rement laiss\u00e9s sur notre faim ensuite dans le Prix du Sap. Elle est dans sa cat\u00e9gorie mais n&rsquo;a pas la marge pour faire le tour de ses adversaires. Si elle peut b\u00e9n\u00e9ficier d&rsquo;un parcours limpide, elle peut finir dans les quatre premiers cette fois.<\/p>\n<p><strong>Jean-Luc Bigeon, entra\u00eeneur : <\/strong><\/p>\n<p style=\"text-align: justify;\">\u00ab High Propulsion (10) reste sur deux cinqui\u00e8mes places encourageantes \u00e0 Vincennes. Elle s&rsquo;adapte \u00e0 tous les parcours. Elle doit surtout \u00eatre pr\u00e9serv\u00e9e pour \u00eatre comp\u00e9titive. Elle est rest\u00e9e bien le matin et peut prendre une place en bout de combinaison. \u00bb<\/p>\n<p id=\"ch_IMPERATOR D'ELA\" style=\"margin-bottom: 1%;\"><a href=\"https:\/\/www.equidia.fr\/chevaux\/imperator-dela?horse_uuid=813beba1-e340-4707-8086-2e6db6fc99d3\" target=\"_blank\" rel=\"noopener\">11 &#8211; \u00a0<img decoding=\"async\" alt=\"casaque_IMPERATOR D'ELA\" src=\"https:\/\/www.europesays.com\/fr\/wp-content\/uploads\/2025\/12\/1765460390_755_20251212-r1c8p11-png.png\" style=\"width: 4.5%; margin :0; vertical-align : middle;\"\/>\u00a0\u00a0IMPERATOR D&rsquo;ELA<\/a><\/p>\n<p style=\"text-align: justify;\">Apr\u00e8s une s\u00e9rie de contre-performances, il a retrouv\u00e9 la bonne carburation au mois de novembre. Il a fourni une belle valeur en dernier lieu, dans le Prix de Sill\u00e9-le-Guillaume (3e), en devan\u00e7ant Dozen of Oysters, qui a r\u00e9p\u00e9t\u00e9 samedi dernier. Malgr\u00e9 son handicap initial, il peut accrocher une place.<\/p>\n<p><strong>Matthieu Varin, entra\u00eeneur : <\/strong><\/p>\n<p style=\"text-align: justify;\">\u00ab Imperator d&rsquo;Ela (11) revient en grande forme. Il redescend de cat\u00e9gorie par rapport \u00e0 la derni\u00e8re fois, puisque les \u00e9trangers sont absents. Il faut rendre la distance, ce qui peut comporter quelques al\u00e9as, mais il n&rsquo;a besoin de personne dans un parcours. Il a tr\u00e8s bien travaill\u00e9 et tous les feux me semblent au vert. Je serais vraiment tr\u00e8s d\u00e9\u00e7u de ne pas le voir dans les trois premiers. C&rsquo;est sa course ! \u00bb<\/p>\n<p id=\"ch_GUERRIER CASTELETS\" style=\"margin-bottom: 1%;\"><a href=\"https:\/\/www.equidia.fr\/chevaux\/guerrier-castelets?horse_uuid=cbca2742-c278-414e-8e1b-38e144201eb5\" target=\"_blank\" rel=\"noopener\">12 &#8211; \u00a0<img decoding=\"async\" alt=\"casaque_GUERRIER CASTELETS\" src=\"https:\/\/www.europesays.com\/fr\/wp-content\/uploads\/2025\/12\/1765460392_600_20251212-r1c8p12-png.png\" style=\"width: 4.5%; margin :0; vertical-align : middle;\"\/>\u00a0\u00a0GUERRIER CASTELETS<\/a><\/p>\n<p style=\"text-align: justify;\">Ce bon sprinteur vient d&rsquo;afficher un net regain de forme sur les 2 100 m\u00e8tres de la grande piste (4e), apr\u00e8s une campagne infructueuse dans le Tour Europ\u00e9en du Trotteur Fran\u00e7ais. N\u00e9anmoins, il n&rsquo;a pas de marge et doit b\u00e9n\u00e9ficier d&rsquo;un parcours sur mesure pour donner sa pleine mesure. Pour une place.<\/p>\n<p><strong>Barbara Guenet, entra\u00eeneur : <\/strong><\/p>\n<p style=\"text-align: justify;\">\u00ab Guerrier Castelets (12) reste sur une tr\u00e8s belle fin de course, sur un parcours de vitesse. Il est en belle forme en ce moment. Il est dans sa cat\u00e9gorie mais doit b\u00e9n\u00e9ficier d&rsquo;un bon d\u00e9roulement de course pour placer sa pointe de vitesse finale. Si tel est le cas, il devrait confirmer ses bons dispositions. \u00bb<\/p>\n<p id=\"ch_IDYLLE EXPRESS\" style=\"margin-bottom: 1%;\"><a href=\"https:\/\/www.equidia.fr\/chevaux\/idylle-express?horse_uuid=019c7a79-d639-4eb5-85c6-f3b7836d06a9\" target=\"_blank\" rel=\"noopener\">13 &#8211; \u00a0<img decoding=\"async\" alt=\"casaque_IDYLLE EXPRESS\" src=\"https:\/\/www.europesays.com\/fr\/wp-content\/uploads\/2025\/12\/1765460393_805_20251212-r1c8p13-png.png\" style=\"width: 4.5%; margin :0; vertical-align : middle;\"\/>\u00a0\u00a0IDYLLE EXPRESS<\/a><\/p>\n<p style=\"text-align: justify;\">Invaincue en deux associations avec Jean-Michel Bazire, elle vient de remporter la course cl\u00e9 avec la mani\u00e8re. Les conditions du jour sont identiques et rien ne s&rsquo;oppose \u00e0 la voir r\u00e9p\u00e9ter. En toute logique, elle ralliera de nombreux suffrages.<\/p>\n<p><strong>Pascal Leli\u00e8vre, entra\u00eeneur : <\/strong><\/p>\n<p style=\"text-align: justify;\">\u00ab Idylle Express (13) faisait face \u00e0 un objectif en dernier lieu et elle n&rsquo;a pas manqu\u00e9 sa cible. J&rsquo;\u00e9tais vraiment ravi de ce succ\u00e8s. Jeudi, le lot est similaire, puisqu&rsquo;il s&rsquo;agit du m\u00eame parcours et que l&rsquo;opposition est similaire. Elle a bien r\u00e9cup\u00e9r\u00e9 et ses derniers exercices matinaux m&rsquo;ont plu. Il faut la pr\u00e9server pour qu&rsquo;elle puisse placer sa redoutable pointe de vitesse finale. Jean-Michel (Bazire, ndlr) la connait parfaitement. Tous les feux sont au vert. \u00bb<\/p>\n<p id=\"ch_IACYNTHE DIDJEAP\" style=\"margin-bottom: 1%;\"><a href=\"https:\/\/www.equidia.fr\/chevaux\/iacynthe-didjeap?horse_uuid=e1f4913e-2681-4d31-bbee-9e04cf162b1d\" target=\"_blank\" rel=\"noopener\">14 &#8211; \u00a0<img decoding=\"async\" alt=\"casaque_IACYNTHE DIDJEAP\" src=\"https:\/\/www.europesays.com\/fr\/wp-content\/uploads\/2025\/12\/1765460394_514_20251212-r1c8p14-png.png\" style=\"width: 4.5%; margin :0; vertical-align : middle;\"\/>\u00a0\u00a0IACYNTHE DIDJEAP<\/a><\/p>\n<p style=\"text-align: justify;\">Ce cheval s\u00e9rieux se frottait \u00e0 forte partie en dernier lieu, mais cette sortie lui aura permis de peaufiner sa condition en vue de cet engagement id\u00e9al. Il s&rsquo;entend parfaitement avec \u00c9ric Raffin (une victoire et quatre places en six associations) et devrait r\u00e9pondre pr\u00e9sent, m\u00eame si sa marge est r\u00e9duite.<\/p>\n<p><strong>Jonathan Vanmeerbeck, entra\u00eeneur : <\/strong><\/p>\n<p style=\"text-align: justify;\">\u00ab Iacynthe Didjeap (14) d\u00e9couvre ici son meilleur engagement de l&rsquo;hiver. Cela fait deux fois qu&rsquo;il ne finit pas ses parcours comme je le souhaite. Il est bien au travail et, pour une fois, il n&rsquo;y a pas les \u00e9trangers au d\u00e9part. C&rsquo;est une course vis\u00e9e mais il doit courir cach\u00e9, ce qui comporte des risques. Il m&rsquo;a fait une seime, c&rsquo;est pour cela qu&rsquo;il sera plaqu\u00e9 aux ant\u00e9rieurs. C&rsquo;est emb\u00eatant mais je pense que cela devrait aller. Sans incident de parcours, il doit \u00eatre dans le coup. \u00bb<\/p>\n<p><strong>Les favoris de la presse<\/strong><\/p>\n<p class=\"synthese\"><strong>SYNTH\u00c8SE \u00a0\u00a0\u00a0\u00a013\u00a0\u00a0&#8211;\u00a0\u00a011\u00a0\u00a0&#8211;\u00a0\u00a014\u00a0\u00a0&#8211;\u00a0\u00a07\u00a0\u00a0&#8211;\u00a0\u00a012\u00a0\u00a0&#8211;\u00a0\u00a010\u00a0\u00a0&#8211;\u00a0\u00a04\u00a0\u00a0&#8211;\u00a0\u00a02<\/strong><\/p>\n<p><a href=\"https:\/\/servedby.revive-adserver.net\/ck.php?n=aa10a822&amp;cb=1234\" target=\"_blank\" rel=\"noopener\"><img decoding=\"async\" alt=\"\" border=\"0\" src=\"https:\/\/www.europesays.com\/fr\/wp-content\/uploads\/2025\/12\/1765460397_821_avw\"\/><\/a><\/p>\n<p><strong>Les stats du jour<\/strong><\/p>\n<p><img decoding=\"async\" src=\"https:\/\/www.europesays.com\/fr\/wp-content\/uploads\/2025\/12\/1212_stats-web-jpg\"\/><\/p>\n","protected":false},"excerpt":{"rendered":"Les partants du Quint\u00e9+ de ce vendredi 12 d\u00e9cembrePRIX DE TOURCOINGVENDREDI 12 D\u00c9CEMBREPARIS-VINCENNES &#8211; 2850 METRES &#8211; \u00a0D\u00c9PART&hellip;\n","protected":false},"author":2,"featured_media":592895,"comment_status":"","ping_status":"","sticky":false,"template":"","format":"standard","meta":{"footnotes":""},"categories":[1888],"tags":[11,7635,1777,674,1011,27,12,626,1821,3015,25,7637],"class_list":{"0":"post-592894","1":"post","2":"type-post","3":"status-publish","4":"format-standard","5":"has-post-thumbnail","7":"category-paris","8":"tag-actualites","9":"tag-attele","10":"tag-eu","11":"tag-europe","12":"tag-fr","13":"tag-france","14":"tag-news","15":"tag-paris","16":"tag-pronostics","17":"tag-qrcode","18":"tag-republique-francaise","19":"tag-trot"},"share_on_mastodon":{"url":"https:\/\/pubeurope.com\/@fr\/115701223067346443","error":""},"_links":{"self":[{"href":"https:\/\/www.europesays.com\/fr\/wp-json\/wp\/v2\/posts\/592894","targetHints":{"allow":["GET"]}}],"collection":[{"href":"https:\/\/www.europesays.com\/fr\/wp-json\/wp\/v2\/posts"}],"about":[{"href":"https:\/\/www.europesays.com\/fr\/wp-json\/wp\/v2\/types\/post"}],"author":[{"embeddable":true,"href":"https:\/\/www.europesays.com\/fr\/wp-json\/wp\/v2\/users\/2"}],"replies":[{"embeddable":true,"href":"https:\/\/www.europesays.com\/fr\/wp-json\/wp\/v2\/comments?post=592894"}],"version-history":[{"count":0,"href":"https:\/\/www.europesays.com\/fr\/wp-json\/wp\/v2\/posts\/592894\/revisions"}],"wp:featuredmedia":[{"embeddable":true,"href":"https:\/\/www.europesays.com\/fr\/wp-json\/wp\/v2\/media\/592895"}],"wp:attachment":[{"href":"https:\/\/www.europesays.com\/fr\/wp-json\/wp\/v2\/media?parent=592894"}],"wp:term":[{"taxonomy":"category","embeddable":true,"href":"https:\/\/www.europesays.com\/fr\/wp-json\/wp\/v2\/categories?post=592894"},{"taxonomy":"post_tag","embeddable":true,"href":"https:\/\/www.europesays.com\/fr\/wp-json\/wp\/v2\/tags?post=592894"}],"curies":[{"name":"wp","href":"https:\/\/api.w.org\/{rel}","templated":true}]}}