{"id":592916,"date":"2025-12-11T13:51:20","date_gmt":"2025-12-11T13:51:20","guid":{"rendered":"https:\/\/www.europesays.com\/fr\/592916\/"},"modified":"2025-12-11T13:51:20","modified_gmt":"2025-12-11T13:51:20","slug":"un-nouveau-salon-a-laeroport-de-londres-heathrow","status":"publish","type":"post","link":"https:\/\/www.europesays.com\/fr\/592916\/","title":{"rendered":"un nouveau salon \u00e0 l\u2019a\u00e9roport de Londres Heathrow"},"content":{"rendered":"<p>\t\t\t\t\t Des <b>zones d\u00e9di\u00e9es aux soins, \u00e0 la d\u00e9tente ou au travail<\/b> seront \u00e9galement \u00e0 leur disposition. <\/p>\n<p>Pour rappel, Air France propose cet hiver jusqu\u2019\u00e0 <b>sept vols quotidiens entre Londres Heathrow et Paris &#8211; Charles de Gaulle<\/b>. &#13;\t\t\t\t\t <\/p>\n<p>\u00c0 compter du 29 mars 2026, la compagnie desservira \u00e9galement l\u2019a\u00e9roport de <a class=\"liens\" href=\"https:\/\/www.tourmag.com\/Air-France-ouvre-une-nouvelle-liaison-Paris-Londres-Gatwick_a129637.html\" target=\"_blank\" rel=\"noopener\">Londres Gatwick,<\/a> avec deux vols quotidiens au d\u00e9part de Paris &#8211; Charles de Gaulle.\n\t\t\t\t <\/p>\n","protected":false},"excerpt":{"rendered":"Des zones d\u00e9di\u00e9es aux soins, \u00e0 la d\u00e9tente ou au travail seront \u00e9galement \u00e0 leur disposition. Pour rappel,&hellip;\n","protected":false},"author":2,"featured_media":592917,"comment_status":"","ping_status":"","sticky":false,"template":"","format":"standard","meta":{"footnotes":""},"categories":[4],"tags":[11,1816,1011,27,70591,12,25],"class_list":{"0":"post-592916","1":"post","2":"type-post","3":"status-publish","4":"format-standard","5":"has-post-thumbnail","7":"category-france","8":"tag-actualites","9":"tag-air-france","10":"tag-fr","11":"tag-france","12":"tag-londres-heathrow","13":"tag-news","14":"tag-republique-francaise"},"share_on_mastodon":{"url":"https:\/\/pubeurope.com\/@fr\/115701264228890599","error":""},"_links":{"self":[{"href":"https:\/\/www.europesays.com\/fr\/wp-json\/wp\/v2\/posts\/592916","targetHints":{"allow":["GET"]}}],"collection":[{"href":"https:\/\/www.europesays.com\/fr\/wp-json\/wp\/v2\/posts"}],"about":[{"href":"https:\/\/www.europesays.com\/fr\/wp-json\/wp\/v2\/types\/post"}],"author":[{"embeddable":true,"href":"https:\/\/www.europesays.com\/fr\/wp-json\/wp\/v2\/users\/2"}],"replies":[{"embeddable":true,"href":"https:\/\/www.europesays.com\/fr\/wp-json\/wp\/v2\/comments?post=592916"}],"version-history":[{"count":0,"href":"https:\/\/www.europesays.com\/fr\/wp-json\/wp\/v2\/posts\/592916\/revisions"}],"wp:featuredmedia":[{"embeddable":true,"href":"https:\/\/www.europesays.com\/fr\/wp-json\/wp\/v2\/media\/592917"}],"wp:attachment":[{"href":"https:\/\/www.europesays.com\/fr\/wp-json\/wp\/v2\/media?parent=592916"}],"wp:term":[{"taxonomy":"category","embeddable":true,"href":"https:\/\/www.europesays.com\/fr\/wp-json\/wp\/v2\/categories?post=592916"},{"taxonomy":"post_tag","embeddable":true,"href":"https:\/\/www.europesays.com\/fr\/wp-json\/wp\/v2\/tags?post=592916"}],"curies":[{"name":"wp","href":"https:\/\/api.w.org\/{rel}","templated":true}]}}