{"id":592918,"date":"2025-12-11T13:52:13","date_gmt":"2025-12-11T13:52:13","guid":{"rendered":"https:\/\/www.europesays.com\/fr\/592918\/"},"modified":"2025-12-11T13:52:13","modified_gmt":"2025-12-11T13:52:13","slug":"une-capacite-a-se-sublimer-dans-les-gros-evenements","status":"publish","type":"post","link":"https:\/\/www.europesays.com\/fr\/592918\/","title":{"rendered":"\u00ab\u00a0Une capacit\u00e9 \u00e0 se sublimer dans les gros \u00e9v\u00e9nements\u00a0\u00bb"},"content":{"rendered":"<p>En d\u00e9crochant leur carte pour le LPGA Tour 2026, Perrine Delacour et Nastasia Nadaud vont rejoindre C\u00e9line Boutier (19e mondiale) et Pauline Roussin-Bouchard (118e) qui ont conserv\u00e9 leur droit de jeu cette ann\u00e9e. Cela porte \u00e0 quatre le nombre de Fran\u00e7aise install\u00e9es dans l&rsquo;\u00e9lite mondiale l&rsquo;ann\u00e9e prochaine puisque la rookie Adela Cernousek (22\u00a0ans, 148e de la Race) n&rsquo;est pas parvenue \u00e0 garder son statut.<\/p>\n<p>Si tout sera nouveau pour Nadaud, Delacour, qui compte deux s\u00e9lections olympiques, n&rsquo;en est pas \u00e0 sa premi\u00e8re exp\u00e9rience aux \u00c9tats-Unis. En terminant 3e ex aequo des Q-Series apr\u00e8s quatre tours sous le par (69, 67, 69, 70), la golfeuse originaire de Laon poursuit une aventure faite de hauts et de bas, entam\u00e9e depuis sa premi\u00e8re ascension sur le LPGA Tour en 2013.<\/p>\n","protected":false},"excerpt":{"rendered":"En d\u00e9crochant leur carte pour le LPGA Tour 2026, Perrine Delacour et Nastasia Nadaud vont rejoindre C\u00e9line Boutier&hellip;\n","protected":false},"author":2,"featured_media":592919,"comment_status":"","ping_status":"","sticky":false,"template":"","format":"standard","meta":{"footnotes":""},"categories":[1418],"tags":[1011,27,1472,60],"class_list":{"0":"post-592918","1":"post","2":"type-post","3":"status-publish","4":"format-standard","5":"has-post-thumbnail","7":"category-golf","8":"tag-fr","9":"tag-france","10":"tag-golf","11":"tag-sports"},"share_on_mastodon":{"url":"https:\/\/pubeurope.com\/@fr\/115701268194356321","error":""},"_links":{"self":[{"href":"https:\/\/www.europesays.com\/fr\/wp-json\/wp\/v2\/posts\/592918","targetHints":{"allow":["GET"]}}],"collection":[{"href":"https:\/\/www.europesays.com\/fr\/wp-json\/wp\/v2\/posts"}],"about":[{"href":"https:\/\/www.europesays.com\/fr\/wp-json\/wp\/v2\/types\/post"}],"author":[{"embeddable":true,"href":"https:\/\/www.europesays.com\/fr\/wp-json\/wp\/v2\/users\/2"}],"replies":[{"embeddable":true,"href":"https:\/\/www.europesays.com\/fr\/wp-json\/wp\/v2\/comments?post=592918"}],"version-history":[{"count":0,"href":"https:\/\/www.europesays.com\/fr\/wp-json\/wp\/v2\/posts\/592918\/revisions"}],"wp:featuredmedia":[{"embeddable":true,"href":"https:\/\/www.europesays.com\/fr\/wp-json\/wp\/v2\/media\/592919"}],"wp:attachment":[{"href":"https:\/\/www.europesays.com\/fr\/wp-json\/wp\/v2\/media?parent=592918"}],"wp:term":[{"taxonomy":"category","embeddable":true,"href":"https:\/\/www.europesays.com\/fr\/wp-json\/wp\/v2\/categories?post=592918"},{"taxonomy":"post_tag","embeddable":true,"href":"https:\/\/www.europesays.com\/fr\/wp-json\/wp\/v2\/tags?post=592918"}],"curies":[{"name":"wp","href":"https:\/\/api.w.org\/{rel}","templated":true}]}}