{"id":592930,"date":"2025-12-11T14:01:16","date_gmt":"2025-12-11T14:01:16","guid":{"rendered":"https:\/\/www.europesays.com\/fr\/592930\/"},"modified":"2025-12-11T14:01:16","modified_gmt":"2025-12-11T14:01:16","slug":"cetait-chaud-ce-baiser-avec-un-acteur-tres-connu-la-perturbee-pendant-3-jours","status":"publish","type":"post","link":"https:\/\/www.europesays.com\/fr\/592930\/","title":{"rendered":"C&rsquo;\u00e9tait chaud&#8230;\u00a0\u00bb Ce baiser avec un acteur tr\u00e8s connu l&rsquo;a \u00ab\u00a0perturb\u00e9e pendant 3 jours"},"content":{"rendered":"<p>Par <a class=\"author_recette\" id=\"author_name\" href=\"https:\/\/www.nextplz.fr\/auteur\/noelle-binet\" target=\"_blank\" rel=\"noopener\">No\u00eblle<br \/>\nBinet<\/a> &#8211;<br \/>\nPubli\u00e9 le 11 D\u00e9c 2025 \u00e0<br \/>\n10:43 &#8211; Modifi\u00e9 le 11 D\u00e9c 2025 \u00e0 12:22<\/p>\n<p class=\"article-intro excerpt\">En plus de la mode et de la<br \/>\nphilanthropie, Adriana Karembeu s\u2019est aussi brillamment illustr\u00e9e<br \/>\ncomme com\u00e9dienne. Pour les besoins d\u2019un c\u00e9l\u00e8bre long-m\u00e9trage, la<br \/>\ncompagne de Marc Lavoine a d\u00fb tourner plusieurs sc\u00e8nes<br \/>\nparticuli\u00e8rement intimes avec un acteur fran\u00e7ais tr\u00e8s appr\u00e9ci\u00e9 des<br \/>\ncin\u00e9philes\u2026 Chose qui a eu le m\u00e9rite de la troubler \u00e0 l\u2019en croire<br \/>\n!<\/p>\n<p>\u00c0 tout juste 54 ans, Adriana Karembeu semble plus \u00e9panouie que<br \/>\njamais ! Voil\u00e0 plus d\u00a0\u00bbun an qu&rsquo;elle file le parfait amour avec le<br \/>\nchanteur Marc Lavoine. Avant lui, l&rsquo;ambassadrice embl\u00e9matique de la<br \/>\nCroix Rouge a v\u00e9cu une belle histoire avec Andr\u00e9 Ohanian, avec qui<br \/>\nelle a eu sa fille Nina, qui a f\u00eat\u00e9 ses sept ans cet \u00e9t\u00e9.<\/p>\n<p>Adriana Karembeu \u00e0 c\u0153ur ouvert sur son premier baiser de<br \/>\ncin\u00e9ma<\/p>\n<p>Celle qui a \u00e9galement partag\u00e9 <a href=\"https:\/\/www.nextplz.fr\/people\/519951-adriana-karembeu-on-aimait-ca-son-intimite-avec-son-ex-christian-evoquee-sans-tabou\" target=\"_blank\" rel=\"noopener\"><br \/>\nla vie de Christian Karembeu<\/a> multiplie les projets en tous<br \/>\ngenres et partage d\u00e9sormais sa vie entre le Maroc, Paris et Monaco.<br \/>\nSi elle a brillamment fait carri\u00e8re dans l&rsquo;industrie de la mode<br \/>\ncomme mannequin, Adriana Karembeu s&rsquo;est aussi illustr\u00e9e en tant que<br \/>\ncom\u00e9dienne. Pour rappel en 2004, la m\u00e8re de famille d&rsquo;origine<br \/>\nslovaque a \u00e9t\u00e9 \u00e0 l&rsquo;affiche du film Trois Petites Filles de<br \/>\nJean-Loup Hubert. \u00ab\u00a0C&rsquo;\u00e9tait mon premier r\u00f4le, mon fran\u00e7ais \u00e9tait<br \/>\nh\u00e9sitant\u00a0\u00bb, a reconnu la star aux \u00e9quipes de Nouvelle<br \/>\n\u00e8re. Face cam\u00e9ra, Adriana Karembeu incarnait le r\u00f4le de<br \/>\nLaetitia, l&rsquo;\u00e9pouse de Paolo, un impr\u00e9sario jou\u00e9 par G\u00e9rard Jugnot<br \/>\nqui a visiblement su la mettre \u00ab\u00a0tr\u00e8s \u00e0 l&rsquo;aise\u00a0\u00bb. Pour les<br \/>\nbesoins du long-m\u00e9trage, plusieurs sc\u00e8nes d&rsquo;amour ont d&rsquo;ailleurs<br \/>\n\u00e9t\u00e9 tourn\u00e9es.<\/p>\n<p>\u00ab\u00a0Ce contact physique, ce<br \/>\nn\u2019est pas rien&#8230;\u00a0\u00bb<\/p>\n<p>Et Adriana Karembeu a r\u00e9alis\u00e9 \u00ab\u00a0son premier baiser de<br \/>\ncin\u00e9ma\u00a0\u00bb avec celui s&rsquo;est fait conna\u00eetre avec la troupe joyeuse<br \/>\ndu Splendid. Une grande premi\u00e8re pour la p\u00e9tillante blonde<br \/>\nqui a particuli\u00e8rement \u00e9t\u00e9 marqu\u00e9e par leur intimit\u00e9 fictive.<br \/>\n\u00ab\u00a0C&rsquo;est lui qui m&rsquo;a fait le premier baiser de cin\u00e9ma. Et c\u2019\u00e9tait<br \/>\nbon, en plus ! Je sais pas si on peut dire \u00e7a ! (Rires) Disons que<br \/>\nc&rsquo;\u00e9tait surprenant\u00a0\u00bb, a r\u00e9v\u00e9l\u00e9 l&rsquo;ancien top model qui<br \/>\nn&rsquo;oubliera probablement jamais leur premi\u00e8re sc\u00e8ne de baiser.<br \/>\n\u00ab\u00a0Ce contact physique, ce n\u2019est pas rien. \u00c7a m\u2019a perturb\u00e9e trois<br \/>\njours. Je me suis dit que c&rsquo;\u00e9tait chaud, quand m\u00eame.\u00a0\u00bb L&rsquo;an<br \/>\npass\u00e9, dans l&rsquo;\u00e9mission Notre vraie nature,<br \/>\n<a href=\"https:\/\/www.google.com\/search?q=g%C3%A9rard+jiugnot+nextplz&amp;oq=g%C3%A9rard+jiugnot+nextplz&amp;gs_lcrp=EgZjaHJvbWUyBggAEEUYOTIKCAEQABiABBiiBDIKCAIQABiABBiiBDIKCAMQABiABBiiBDIKCAQQABiABBiiBDIKCAUQABiABBiiBNIBCDI4MTJqMGo0qAIAsAIA&amp;sourceid=chrome&amp;ie=UTF-8\" target=\"_blank\" rel=\"noopener\">G\u00e9rard Jugnot \u00e9tait revenu<\/a> sur sa collaboration<br \/>\navec Adriana Karembeu qui incarnait le r\u00f4le d&rsquo;une gogo<br \/>\ndanseuse.<\/p>\n<p>G\u00e9rard Jugnot pas peu fier d&rsquo;avoir tourn\u00e9 \u00e0 ses c\u00f4t\u00e9s, il<br \/>\nraconte<\/p>\n<p>\u00ab\u00a0Je retrouve ma femme de cin\u00e9ma. Il y a vingt ans, j&rsquo;\u00e9tais<br \/>\ndans un lit avec elle. Enfin bon, elle me trompait avec tout le<br \/>\nmonde dans le film\u00a0\u00bb, s&rsquo;\u00e9tait rem\u00e9mor\u00e9 le papa d&rsquo;Arthur Jugnot<br \/>\ntout en ajoutant non sans humour : \u00ab\u00a0J&rsquo;ai beaucoup souffert de<br \/>\n\u00e7a, c&rsquo;est d&rsquo;ailleurs la raison pour laquelle on ne s&rsquo;est jamais<br \/>\nrevu\u00a0\u00bb. \u00c9galement pr\u00e9sente durant le tournage, la<br \/>\ncinquantenaire s&rsquo;\u00e9tait follement amus\u00e9e de ses multiples<br \/>\nr\u00e9v\u00e9lations et plaisanteries. \u00ab\u00a0Tu te souviens, on a \u00e9t\u00e9<br \/>\namoureux\u00a0\u00bb, avait <a href=\"https:\/\/www.nextplz.fr\/personnalite\/adriana-karembeu\/#:~:text=N%C3%A9e%20le%2017%20septembre%201971,homme%20d&#039;affaires%20Aram%20Ohanian.\" target=\"_blank\" rel=\"noopener\"><br \/>\ngliss\u00e9 Adriana Karembeu<\/a> \u00e0 son \u00e9gard. Ce \u00e0 quoi G\u00e9rard Jugnot<br \/>\navait r\u00e9pliqu\u00e9 taquin : \u00ab\u00a0Moi j&rsquo;\u00e9tais amoureux, toi non. Tu me<br \/>\npartageais avec d&rsquo;autres hommes\u00a0\u00bb.<\/p>\n<p>\u00ab\u00a0Moi j&rsquo;\u00e9tais \u00e0 poil, mais pas<br \/>\ntoi&#8230;\u00a0\u00bb<\/p>\n<p>Pour le plus grand bonheur des t\u00e9l\u00e9spectateurs, les deux<br \/>\ncom\u00e9diens particuli\u00e8rement complices en avaient dit davantage quant<br \/>\naux affriolantes coulisses du film. \u00ab\u00a0Moi j&rsquo;\u00e9tais \u00e0 poil, mais<br \/>\npas toi\u00a0\u00bb, avait pr\u00e9cis\u00e9 Adriana Karembeu. \u00c0 en croire G\u00e9rard<br \/>\nJugnot, il n&rsquo;y aurait vu que du feu : \u00ab\u00a0Je n&rsquo;ai rien vu du<br \/>\ntout\u00a0\u00bb. \u00ab\u00a0J&rsquo;avais du scotch de partout pour que tu ne<br \/>\npuisses rien voir. C&rsquo;\u00e9tait la classe\u00a0\u00bb, avait affirm\u00e9 la femme<br \/>\nd&rsquo;affaires en se replongeant volontiers dans ses souvenirs.<br \/>\n\u00ab\u00a0Moi je me souviens que j&rsquo;ai souffert parce que dis donc, tu<br \/>\np\u00e8ses ton poids\u00a0\u00bb, avait alors r\u00e9pondu G\u00e9rard Jugnot tout en<br \/>\nfaisant rire l&rsquo;assembl\u00e9e autour de lui.<\/p>\n","protected":false},"excerpt":{"rendered":"Par No\u00eblle Binet &#8211; Publi\u00e9 le 11 D\u00e9c 2025 \u00e0 10:43 &#8211; Modifi\u00e9 le 11 D\u00e9c 2025 \u00e0&hellip;\n","protected":false},"author":2,"featured_media":592931,"comment_status":"","ping_status":"","sticky":false,"template":"","format":"standard","meta":{"footnotes":""},"categories":[1359],"tags":[21303,58,59,1011,27,973,65861],"class_list":{"0":"post-592930","1":"post","2":"type-post","3":"status-publish","4":"format-standard","5":"has-post-thumbnail","7":"category-people","8":"tag-buzz_nonli","9":"tag-divertissement","10":"tag-entertainment","11":"tag-fr","12":"tag-france","13":"tag-people","14":"tag-trend"},"share_on_mastodon":{"url":"https:\/\/pubeurope.com\/@fr\/115701303591121804","error":""},"_links":{"self":[{"href":"https:\/\/www.europesays.com\/fr\/wp-json\/wp\/v2\/posts\/592930","targetHints":{"allow":["GET"]}}],"collection":[{"href":"https:\/\/www.europesays.com\/fr\/wp-json\/wp\/v2\/posts"}],"about":[{"href":"https:\/\/www.europesays.com\/fr\/wp-json\/wp\/v2\/types\/post"}],"author":[{"embeddable":true,"href":"https:\/\/www.europesays.com\/fr\/wp-json\/wp\/v2\/users\/2"}],"replies":[{"embeddable":true,"href":"https:\/\/www.europesays.com\/fr\/wp-json\/wp\/v2\/comments?post=592930"}],"version-history":[{"count":0,"href":"https:\/\/www.europesays.com\/fr\/wp-json\/wp\/v2\/posts\/592930\/revisions"}],"wp:featuredmedia":[{"embeddable":true,"href":"https:\/\/www.europesays.com\/fr\/wp-json\/wp\/v2\/media\/592931"}],"wp:attachment":[{"href":"https:\/\/www.europesays.com\/fr\/wp-json\/wp\/v2\/media?parent=592930"}],"wp:term":[{"taxonomy":"category","embeddable":true,"href":"https:\/\/www.europesays.com\/fr\/wp-json\/wp\/v2\/categories?post=592930"},{"taxonomy":"post_tag","embeddable":true,"href":"https:\/\/www.europesays.com\/fr\/wp-json\/wp\/v2\/tags?post=592930"}],"curies":[{"name":"wp","href":"https:\/\/api.w.org\/{rel}","templated":true}]}}