{"id":592932,"date":"2025-12-11T14:02:11","date_gmt":"2025-12-11T14:02:11","guid":{"rendered":"https:\/\/www.europesays.com\/fr\/592932\/"},"modified":"2025-12-11T14:02:11","modified_gmt":"2025-12-11T14:02:11","slug":"martin-parr-le-photographe-qui-a-mis-la-goutte-dor-sur-la-carte-liberation","status":"publish","type":"post","link":"https:\/\/www.europesays.com\/fr\/592932\/","title":{"rendered":"Martin Parr, le photographe qui a mis la Goutte d\u2019Or sur la carte \u2013 Lib\u00e9ration"},"content":{"rendered":"<p class=\"sc-cPiKLX AiZTS text-element\"><a href=\"https:\/\/www.liberation.fr\/culture\/mort-du-photographe-martin-parr-chantre-du-kitsch-british-20251207_QEWW36YXT5DH7AYJKUN3PD3ZSE\/\" target=\"_blank\" rel=\"noreferrer noopener\" title=\"https:\/\/www.liberation.fr\/culture\/mort-du-photographe-martin-parr-chantre-du-kitsch-british-20251207_QEWW36YXT5DH7AYJKUN3PD3ZSE\/\">La disparition de Martin Parr<\/a>, samedi 6 d\u00e9cembre, m\u2019a saisie d\u2019une fa\u00e7on qui m\u2019a moi-m\u00eame surprise : un m\u00e9lange de chagrin, de gratitude, et le retour vif d\u2019un souvenir qui a fa\u00e7onn\u00e9 ma vie. Je lui dois l\u2019une des aventures professionnelles les plus libres, les plus joyeuses et les plus transformatrices de mon parcours : l\u2019exposition <a href=\"https:\/\/www.liberation.fr\/arts\/2011\/04\/08\/la-goutte-d-or-dans-l-objectif-de-martin-parr_727818\/\" target=\"_blank\" rel=\"noopener\" title=\"https:\/\/www.liberation.fr\/arts\/2011\/04\/08\/la-goutte-d-or-dans-l-objectif-de-martin-parr_727818\/\">\u00abThe Goutte d\u2019Or !\u00bb<\/a>, en 2011, \u00e0 l\u2019Institut des cultures d\u2019islam (ICI), que je dirigeais alors depuis peu.<\/p>\n<p class=\"sc-cPiKLX AiZTS text-element\">On me demande souvent comment j\u2019ai convaincu Martin Parr de venir photographier un quartier parisien qui, \u00e0 l\u2019\u00e9poque, n\u2019attirait pas vraiment les artistes internationaux (\u00e0 un quasi-homonyme pr\u00e8s : l\u2019immense Martine Barrat !). La r\u00e9alit\u00e9 est simple : tout a commenc\u00e9 \u00e0 Bamako au Mali, en 2009, au hasard d\u2019une invitation aux Rencontres africaines de la photographie, lors desquelles il \u00e9tait l\u2019invit\u00e9 d\u2019honneur.<\/p>\n<p class=\"sc-cPiKLX AiZTS text-element\">Ce jour-l\u00e0, fid\u00e8le \u00e0 son humour, il portait une chemise qu\u2019il venait de se faire confectionner sur<\/p>\n","protected":false},"excerpt":{"rendered":"La disparition de Martin Parr, samedi 6 d\u00e9cembre, m\u2019a saisie d\u2019une fa\u00e7on qui m\u2019a moi-m\u00eame surprise : un&hellip;\n","protected":false},"author":2,"featured_media":592933,"comment_status":"","ping_status":"","sticky":false,"template":"","format":"standard","meta":{"footnotes":""},"categories":[1358],"tags":[1348,1384,1385,1386,58,59,1011,27,5318,626],"class_list":{"0":"post-592932","1":"post","2":"type-post","3":"status-publish","4":"format-standard","5":"has-post-thumbnail","7":"category-arts-et-design","8":"tag-arts","9":"tag-arts-and-design","10":"tag-arts-et-design","11":"tag-design","12":"tag-divertissement","13":"tag-entertainment","14":"tag-fr","15":"tag-france","16":"tag-islam","17":"tag-paris"},"share_on_mastodon":{"url":"https:\/\/pubeurope.com\/@fr\/115701307356359386","error":""},"_links":{"self":[{"href":"https:\/\/www.europesays.com\/fr\/wp-json\/wp\/v2\/posts\/592932","targetHints":{"allow":["GET"]}}],"collection":[{"href":"https:\/\/www.europesays.com\/fr\/wp-json\/wp\/v2\/posts"}],"about":[{"href":"https:\/\/www.europesays.com\/fr\/wp-json\/wp\/v2\/types\/post"}],"author":[{"embeddable":true,"href":"https:\/\/www.europesays.com\/fr\/wp-json\/wp\/v2\/users\/2"}],"replies":[{"embeddable":true,"href":"https:\/\/www.europesays.com\/fr\/wp-json\/wp\/v2\/comments?post=592932"}],"version-history":[{"count":0,"href":"https:\/\/www.europesays.com\/fr\/wp-json\/wp\/v2\/posts\/592932\/revisions"}],"wp:featuredmedia":[{"embeddable":true,"href":"https:\/\/www.europesays.com\/fr\/wp-json\/wp\/v2\/media\/592933"}],"wp:attachment":[{"href":"https:\/\/www.europesays.com\/fr\/wp-json\/wp\/v2\/media?parent=592932"}],"wp:term":[{"taxonomy":"category","embeddable":true,"href":"https:\/\/www.europesays.com\/fr\/wp-json\/wp\/v2\/categories?post=592932"},{"taxonomy":"post_tag","embeddable":true,"href":"https:\/\/www.europesays.com\/fr\/wp-json\/wp\/v2\/tags?post=592932"}],"curies":[{"name":"wp","href":"https:\/\/api.w.org\/{rel}","templated":true}]}}