{"id":592936,"date":"2025-12-11T14:05:13","date_gmt":"2025-12-11T14:05:13","guid":{"rendered":"https:\/\/www.europesays.com\/fr\/592936\/"},"modified":"2025-12-11T14:05:13","modified_gmt":"2025-12-11T14:05:13","slug":"deux-albums-cultes-retires-de-la-vente-voici-pourquoi","status":"publish","type":"post","link":"https:\/\/www.europesays.com\/fr\/592936\/","title":{"rendered":"deux albums cultes retir\u00e9s de la vente, voici pourquoi"},"content":{"rendered":"<p>\n        MC Solaar se retrouve au coeur d&rsquo;une d\u00e9cision de justice. \u00ab\u00a0Prose combat\u00a0\u00bb et \u00ab\u00a0Paradisiaque\u00a0\u00bb, deux albums phares du rappeur, vont \u00eatre tout simplement \u00eatre retir\u00e9s de la vente en magasins. Purecharts vous explique pourquoi !\n    <\/p>\n<p class=\"content-paragraph\"><img decoding=\"async\" src=\"https:\/\/www.europesays.com\/fr\/wp-content\/uploads\/2025\/12\/photo_1765451343.jpg\" class=\"textcenter img-content\" loading=\"lazy\" style=\"margin-bottom: 0;\"\/>Bestimage <br \/>MC Solaar sort d&rsquo;un projet ambitieux : sortir trois mini-albums en un an avec \u00ab\u00a0Triptyque : Lueurs C\u00e9lestes\u00a0\u00bb, \u00ab\u00a0Tryptique : \u00c9clats cosmiques\u00a0\u00bb et \u00ab\u00a0Triptyque : Balade astrale\u00a0\u00bb. Les fans ont pu ainsi d\u00e9couvrir 21 nouvelles chansons dont des duos avec Jok&rsquo;air ou Marie-Flore. \u00c0 56 ans, le rappeur reste donc prolifique, lui qui a propos\u00e9 des collaborations avec Oxmo Puccino ou Waxx ces derni\u00e8res semaines, apr\u00e8s avoir termin\u00e9 son ambitieuse tourn\u00e9e avec un concert \u00e0 la Seine Musicale en octobre dernier. En pleine pause, l&rsquo;interpr\u00e8te de <a href=\"https:\/\/www.chartsinfrance.net\/MC-Solaar\/news-128172.html\" class=\"articlepage-link\" target=\"_blank\" rel=\"noopener\">\u00ab\u00a0Ils dansent\u00a0\u00bb<\/a> voit d\u00e9sormais deux de ses anciens albums \u00eatre retir\u00e9s de la vente. Mais pour quelle raison ? Le tribunal vient de donner son verdict suite \u00e0 un conflit de plusieurs ann\u00e9es opposant le photographe Philippe Bordas et la maison de disques Universal Music France.<\/p>\n<p>Universal condamn\u00e9 pour contrefa\u00e7on<\/p>\n<p class=\"content-paragraph\"> Philippe Bordas se cache derri\u00e8re les visuels phares des trois albums \u00ab\u00a0Qui s\u00e8me le vent r\u00e9colte le tempo\u00a0\u00bb, sorti en 1991, <a href=\"https:\/\/www.chartsinfrance.net\/MC-Solaar\/news-118548.html\" class=\"articlepage-link\" target=\"_blank\" rel=\"noopener\">\u00ab\u00a0Prose Combat\u00a0\u00bb<\/a>, paru en 1994, et \u00ab\u00a0Paradisiaque\u00a0\u00bb, trois ans plus tard. Des clich\u00e9s dont les droits ont \u00e9t\u00e9 c\u00e9d\u00e9s \u00e0 l&rsquo;\u00e9poque pour 245.000 francs au label Polygram de la major. Sauf que le contrat pour \u00ab\u00a0Prose combat\u00a0\u00bb et \u00ab\u00a0Paradisiaque\u00a0\u00bb stipulait que l&rsquo;utilisation de ces photographies \u00e9tait limit\u00e9e dans le temps, soit le mois de f\u00e9vrier 2009 et juin 2022. Ayant ressorti ces trois albums suite \u00e0 <a href=\"https:\/\/www.chartsinfrance.net\/MC-Solaar\/news-117991.html\" class=\"articlepage-link\" target=\"_blank\" rel=\"noopener\">une longue bataille juridique<\/a> entre MC Solaar et Universal Music France en 2021, la maison de disques a propos\u00e9 tardivement la somme de 40.000 euros hors taxe \u00e0 Philippe Bordas pour continuer \u00e0 exploiter ses pochettes. N&rsquo;ayant pas trouv\u00e9 un accord alors que les albums ont \u00e9t\u00e9 commercialis\u00e9s avec ses photos sans autorisation, le professionnel a donc port\u00e9 plainte contre Universal Music France et Sentinel Ouest, soci\u00e9t\u00e9 de l&rsquo;interpr\u00e8te de <a href=\"https:\/\/www.chartsinfrance.net\/MC-Solaar\/news-127376.html\" class=\"articlepage-link\" target=\"_blank\" rel=\"noopener\">\u00ab\u00a0Caroline\u00a0\u00bb<\/a>, en juillet 2023 pour contrefa\u00e7on concernant 31 photos illustrant ces disques.<\/p>\n<blockquote class=\"quote\"><p><b>\u00c0 LIRE &#8211;<\/b> <a href=\"https:\/\/www.chartsinfrance.net\/MC-Solaar\/news-133568.html\" class=\"articlepage-link\" target=\"_blank\" rel=\"noopener\">\u00ab\u00a0Tout va trop vite\u00a0\u00bb : le rap est-il fini ? MC Solaar donne son avis<\/a><\/p><\/blockquote>\n<p> Comme le r\u00e9v\u00e8le <a href=\"https:\/\/www.linforme.com\/medias-culture\/article\/universal-music-france-doit-retirer-des-bacs-deux-albums-majeurs-de-mc-solaar_3485.html\" class=\"articlepage-link\" target=\"_blank\" rel=\"noopener\">L&rsquo;Inform\u00e9<\/a>, le tribunal judiciaire de Paris a statu\u00e9 dans une d\u00e9cision datant du 5 d\u00e9cembre, et Universal Music France et Sentinel Ouest ont bien \u00e9t\u00e9 condamn\u00e9es \u00e0 12.000 euros de dommages et int\u00e9r\u00eats pour contrefa\u00e7on. La major doit \u00e9galement supprimer les photographies en question des plateformes de streaming comme Amazon Music, Apple Music, Deezer, Spotify et Qobuz, et retirer de la vente dans les magasins les albums \u00ab\u00a0Prose combat\u00a0\u00bb et \u00ab\u00a0Paradisiaque\u00a0\u00bb, que ce soit en CD ou en 33 tours. \u00ab Les d\u00e9fenderesses ont d\u00e9lib\u00e9r\u00e9ment entrepris l&rsquo;exploitation des visuels alors qu&rsquo;elles n&rsquo;ignoraient ni l&rsquo;une ni l&rsquo;autre qu&rsquo;ils n&rsquo;\u00e9taient pas libres de droit \u00bb peut-on lire dans le jugement. Cependant, \u00ab la d\u00e9cision est susceptible d&rsquo;appel \u00bb indique L&rsquo;Inform\u00e9.<\/p>\n<p>                <img loading=\"lazy\" decoding=\"async\" src=\"https:\/\/www.europesays.com\/fr\/wp-content\/uploads\/2025\/10\/favicon.png\" class=\"author-article-picture\" width=\"35\" height=\"35\"\/><\/p>\n<p>                    Par<\/p>\n<p>                                            <a class=\"author-article-bio-link\" href=\"https:\/\/www.chartsinfrance.net\/auteur\/54\/\" target=\"_blank\" rel=\"noopener\">Julien GONCALVES<\/a><\/p>\n<p>                    |<\/p>\n<p>                                            R\u00e9dacteur en chef<\/p>\n<p>\n                Enfant des ann\u00e9es 80 et ex-collectionneur de CD 2 titres, il se passionne tr\u00e8s t\u00f4t pour la musique, notamment la pop anglaise et la chanson fran\u00e7aise dont il est devenu un expert.\n            <\/p>\n","protected":false},"excerpt":{"rendered":"MC Solaar se retrouve au coeur d&rsquo;une d\u00e9cision de justice. \u00ab\u00a0Prose combat\u00a0\u00bb et \u00ab\u00a0Paradisiaque\u00a0\u00bb, deux albums phares du&hellip;\n","protected":false},"author":2,"featured_media":592937,"comment_status":"","ping_status":"","sticky":false,"template":"","format":"standard","meta":{"footnotes":""},"categories":[1355],"tags":[58,59,1011,27,1361,873],"class_list":{"0":"post-592936","1":"post","2":"type-post","3":"status-publish","4":"format-standard","5":"has-post-thumbnail","7":"category-musique","8":"tag-divertissement","9":"tag-entertainment","10":"tag-fr","11":"tag-france","12":"tag-music","13":"tag-musique"},"share_on_mastodon":{"url":"https:\/\/pubeurope.com\/@fr\/115701320144681735","error":""},"_links":{"self":[{"href":"https:\/\/www.europesays.com\/fr\/wp-json\/wp\/v2\/posts\/592936","targetHints":{"allow":["GET"]}}],"collection":[{"href":"https:\/\/www.europesays.com\/fr\/wp-json\/wp\/v2\/posts"}],"about":[{"href":"https:\/\/www.europesays.com\/fr\/wp-json\/wp\/v2\/types\/post"}],"author":[{"embeddable":true,"href":"https:\/\/www.europesays.com\/fr\/wp-json\/wp\/v2\/users\/2"}],"replies":[{"embeddable":true,"href":"https:\/\/www.europesays.com\/fr\/wp-json\/wp\/v2\/comments?post=592936"}],"version-history":[{"count":0,"href":"https:\/\/www.europesays.com\/fr\/wp-json\/wp\/v2\/posts\/592936\/revisions"}],"wp:featuredmedia":[{"embeddable":true,"href":"https:\/\/www.europesays.com\/fr\/wp-json\/wp\/v2\/media\/592937"}],"wp:attachment":[{"href":"https:\/\/www.europesays.com\/fr\/wp-json\/wp\/v2\/media?parent=592936"}],"wp:term":[{"taxonomy":"category","embeddable":true,"href":"https:\/\/www.europesays.com\/fr\/wp-json\/wp\/v2\/categories?post=592936"},{"taxonomy":"post_tag","embeddable":true,"href":"https:\/\/www.europesays.com\/fr\/wp-json\/wp\/v2\/tags?post=592936"}],"curies":[{"name":"wp","href":"https:\/\/api.w.org\/{rel}","templated":true}]}}