{"id":592950,"date":"2025-12-11T14:12:14","date_gmt":"2025-12-11T14:12:14","guid":{"rendered":"https:\/\/www.europesays.com\/fr\/592950\/"},"modified":"2025-12-11T14:12:14","modified_gmt":"2025-12-11T14:12:14","slug":"en-bulgarie-le-premier-ministre-demissionne-apres-des-semaines-de-manifestation-contre-la-corruption-de-letat","status":"publish","type":"post","link":"https:\/\/www.europesays.com\/fr\/592950\/","title":{"rendered":"En Bulgarie, le premier ministre d\u00e9missionne apr\u00e8s des semaines de manifestation contre la corruption de l\u2019Etat"},"content":{"rendered":"<p>                      <img loading=\"lazy\" decoding=\"async\" src=\"https:\/\/www.europesays.com\/fr\/wp-content\/uploads\/2025\/12\/20a4813_ftp-1-bov0ib6jfyd4-1d51d7c0370f42e39b07a7dfa9add0fd-0-81b6806b6fbf4a55bd0c3d0ad59467a4.jpg\" alt=\"Dans les rues de Sofia, le 10\u00a0d\u00e9cembre 2025.\"   width=\"664\" height=\"443\"\/>    Dans les rues de Sofia, le 10\u00a0d\u00e9cembre 2025.  VALENTINA PETROVA \/ AP                          <\/p>\n<p class=\"article__paragraph  \">Le premier ministre bulgare a annonc\u00e9, jeudi 11\u00a0d\u00e9cembre, la d\u00e9mission de son gouvernement, au lendemain d\u2019une nouvelle manifestation de masse pour d\u00e9noncer la corruption dans l\u2019appareil de l\u2019Etat. \u00ab\u00a0Je vous informe (\u2026) que le gouvernement d\u00e9missionne aujourd\u2019hui\u00a0\u00bb, a d\u00e9clar\u00e9 Rossen Jeliazkov lors d\u2019une conf\u00e9rence de presse, \u00e0 trois semaines de l\u2019entr\u00e9e de son pays dans la zone euro.<\/p>\n<p class=\"article__paragraph  \">La veille, des dizaines de milliers de personnes avaient manifest\u00e9 devant le Parlement, \u00e0 Sofia, contre le gouvernement, jalon d\u2019une s\u00e9rie de rassemblements sans pr\u00e9c\u00e9dent depuis des ann\u00e9es dans le pays. La vague de m\u00e9contentement, avec une pr\u00e9sence importante de jeunes, avait commenc\u00e9 \u00e0 la fin de novembre, lorsque le gouvernement avait tent\u00e9 de faire adopter en proc\u00e9dure acc\u00e9l\u00e9r\u00e9e le budget pour 2026, le premier libell\u00e9 en euros. Le petit pays des Balkans, le plus pauvre de l\u2019Union europ\u00e9enne, s\u2019appr\u00eate \u00e0 introduire la monnaie unique le 1\u1d49\u02b3\u00a0janvier\u00a02026.<\/p>\n<p class=\"article__paragraph  \">Apr\u00e8s sept \u00e9lections en moins de quatre ans, le fragile gouvernement de M.\u00a0Jeliazkov avait \u00e9t\u00e9 form\u00e9 en janvier, rassemblant une coalition de circonstance entre les conservateurs du GERB de l\u2019ancien premier ministre, Bo\u00efko Borissov, et deux autres formations, soutenue au Parlement par la minorit\u00e9 turque.<\/p>\n<p>                    Nouveau projet de budget                    <\/p>\n<p class=\"article__paragraph  \">Sous la pression de la rue, le gouvernement a retir\u00e9 le 3\u00a0d\u00e9cembre son projet de budget, qui pr\u00e9voyait la hausse de certains imp\u00f4ts et cotisations sociales. Autant de hausses destin\u00e9es \u00e0 dissimuler des d\u00e9tournements de fonds, affirment les manifestants et l\u2019opposition. Un nouveau projet de budget a \u00e9t\u00e9 pr\u00e9sent\u00e9 au Parlement en d\u00e9but de semaine, mais n\u2019a pas apais\u00e9 la col\u00e8re.<\/p>\n<p>                                       Lire aussi |  Article r\u00e9serv\u00e9 \u00e0 nos abonn\u00e9s  <a href=\"https:\/\/www.lemonde.fr\/economie\/article\/2025\/11\/27\/en-bulgarie-le-gouvernement-retire-le-budget-2026-sous-la-pression-de-la-rue_6655102_3234.html\" class=\"js-article-read-also catcher--favoris__link\" data-premium=\"1\" id=\"article-title-3448531\" target=\"_blank\" rel=\"noopener\">En Bulgarie, le gouvernement retire le budget\u00a02026 sous la pression de la rue<\/a>    <\/p>\n<p>   Lire plus tard  <\/p>\n<p class=\"article__paragraph  \">Selon le directeur de l\u2019agence de sociologie MarketLinks, Dobromir Zhivkov, \u00ab\u00a0la soci\u00e9t\u00e9 bulgare est tr\u00e8s largement unie contre le mod\u00e8le de gouvernance du pays\u00a0\u00bb. \u00ab\u00a0Plus de 70\u00a0% soutiennent la vague de protestation dans le pays\u00a0\u00bb, a-t-il ajout\u00e9, citant une \u00e9tude publi\u00e9e jeudi.<\/p>\n<p class=\"article__paragraph  \">Apr\u00e8s la manifestation massive de mercredi, \u00e0 l\u2019appel notamment de la coalition r\u00e9formiste et pro-occidentale\u00a0du nom de Nous continuons le changement-Bulgarie d\u00e9mocratique (PP-DB), le pr\u00e9sident Roumen Radev et l\u2019opposition avaient appel\u00e9 le gouvernement \u00e0 d\u00e9missionner.<\/p>\n<p class=\"article__paragraph  \">Selon la Constitution bulgare, la d\u00e9mission doit \u00eatre d\u00e9sormais avalis\u00e9e par le Parlement. Le pr\u00e9sident devra alors confier un mandat pour la formation d\u2019un nouveau gouvernement au sein de l\u2019assembl\u00e9e. Si aucune majorit\u00e9 ne se forme, le chef de l\u2019Etat nommera un gouvernement int\u00e9rimaire et devra convoquer des \u00e9lections dans un d\u00e9lai de deux mois. Il est tenu de choisir dans une liste de hauts fonctionnaires de l\u2019Etat, parmi lesquels figurent le pr\u00e9sident de la Cour des comptes et le gouverneur de la Banque centrale bulgare.<\/p>\n<p class=\"author__detail\">  Le Monde avec AFP  <\/p>\n<p>                <a href=\"https:\/\/www.lemonde.fr\/syndication\/\" class=\"reuse__content\" title=\"R\u00e9utiliser ce contenu\" target=\"_blank\" rel=\"noopener\">R\u00e9utiliser ce contenu<\/a>      <\/p>\n","protected":false},"excerpt":{"rendered":"Dans les rues de Sofia, le 10\u00a0d\u00e9cembre 2025. VALENTINA PETROVA \/ AP Le premier ministre bulgare a annonc\u00e9,&hellip;\n","protected":false},"author":2,"featured_media":592951,"comment_status":"","ping_status":"","sticky":false,"template":"","format":"standard","meta":{"footnotes":""},"categories":[5],"tags":[11,1011,27,14,12,28],"class_list":{"0":"post-592950","1":"post","2":"type-post","3":"status-publish","4":"format-standard","5":"has-post-thumbnail","7":"category-international","8":"tag-actualites","9":"tag-fr","10":"tag-france","11":"tag-international","12":"tag-news","13":"tag-world"},"share_on_mastodon":{"url":"https:\/\/pubeurope.com\/@fr\/115701347513310334","error":""},"_links":{"self":[{"href":"https:\/\/www.europesays.com\/fr\/wp-json\/wp\/v2\/posts\/592950","targetHints":{"allow":["GET"]}}],"collection":[{"href":"https:\/\/www.europesays.com\/fr\/wp-json\/wp\/v2\/posts"}],"about":[{"href":"https:\/\/www.europesays.com\/fr\/wp-json\/wp\/v2\/types\/post"}],"author":[{"embeddable":true,"href":"https:\/\/www.europesays.com\/fr\/wp-json\/wp\/v2\/users\/2"}],"replies":[{"embeddable":true,"href":"https:\/\/www.europesays.com\/fr\/wp-json\/wp\/v2\/comments?post=592950"}],"version-history":[{"count":0,"href":"https:\/\/www.europesays.com\/fr\/wp-json\/wp\/v2\/posts\/592950\/revisions"}],"wp:featuredmedia":[{"embeddable":true,"href":"https:\/\/www.europesays.com\/fr\/wp-json\/wp\/v2\/media\/592951"}],"wp:attachment":[{"href":"https:\/\/www.europesays.com\/fr\/wp-json\/wp\/v2\/media?parent=592950"}],"wp:term":[{"taxonomy":"category","embeddable":true,"href":"https:\/\/www.europesays.com\/fr\/wp-json\/wp\/v2\/categories?post=592950"},{"taxonomy":"post_tag","embeddable":true,"href":"https:\/\/www.europesays.com\/fr\/wp-json\/wp\/v2\/tags?post=592950"}],"curies":[{"name":"wp","href":"https:\/\/api.w.org\/{rel}","templated":true}]}}