{"id":592952,"date":"2025-12-11T14:13:11","date_gmt":"2025-12-11T14:13:11","guid":{"rendered":"https:\/\/www.europesays.com\/fr\/592952\/"},"modified":"2025-12-11T14:13:11","modified_gmt":"2025-12-11T14:13:11","slug":"dermatose-nodulaire-les-centaure-des-gendarmes-prets-a-prendre-dassaut-lexploitation-ariegeoise-les-femmes-agricultrices-en-premiere-ligne","status":"publish","type":"post","link":"https:\/\/www.europesays.com\/fr\/592952\/","title":{"rendered":"Dermatose nodulaire\u00a0: les Centaure des gendarmes pr\u00eats \u00e0 prendre d\u2019assaut l\u2019exploitation ari\u00e9geoise, les femmes agricultrices en premi\u00e8re ligne"},"content":{"rendered":"<p>\n                                                                    l&rsquo;essentiel<br \/>\n                                                                La tension monte autour du Gaec de Mouriscou, en Ari\u00e8ge. Les \u00ab\u00a0centaures\u00a0\u00bb de la gendarmerie se pr\u00e9parent \u00e0 intervenir. Plus de 200 vaches doivent \u00eatre euthanasi\u00e9es suite \u00e0 un cas de DNC d\u00e9tect\u00e9.\n                            <\/p>\n<p>La forteresse bient\u00f4t prise d\u2019assaut\u00a0? Les \u00ab\u00a0centaures\u00a0\u00bb de la gendarmerie devraient bient\u00f4t arriver aux abords du Gaec de Mouriscou, aux Bordes-sur-Arize, en Ari\u00e8ge. Leur pr\u00e9sence confirme une mont\u00e9e en puissance du dispositif alors que la tension ne cesse de cro\u00eetre autour de l\u2019exploitation.<\/p>\n<p class=\"std-elt__inline\">\n        <strong>\u00c0 lire aussi :<\/strong><br \/>\n        <a href=\"https:\/\/www.ladepeche.fr\/2025\/12\/11\/direct-dermatose-nodulaire-les-agriculteurs-toujours-mobilises-le-cheptel-ariegeois-sera-t-il-abattu-ce-matin-a-9-heures-13104024.php\" target=\"_blank\" rel=\"noopener\">DIRECT. Dermatose Nodulaire\u00a0: les camions blind\u00e9s Centaure arrivent \u00e0 la ferme, les agricultrices plac\u00e9es en premi\u00e8re ligne<\/a>\n    <\/p>\n<p>Les forces de l\u2019ordre, d\u00e9ploy\u00e9es \u00e0 proximit\u00e9 imm\u00e9diate, paraissent se pr\u00e9parer \u00e0 une intervention rapide\u00a0: l\u2019affrontement semble d\u00e9sormais imminent. Les femmes agricultrices ont pris la d\u00e9cision de se mettre en premi\u00e8re ligne.<\/p>\n<p>\u00ab\u00a0Il est demand\u00e9 d\u2019\u00e9viter cette zone\u00a0\u00bb<\/p>\n<p>\u00ab\u00a0Compte tenu de la persistance des blocages et afin de permettre l\u2019acc\u00e8s s\u00e9curis\u00e9 \u00e0 l\u2019exploitation, d\u2019importants moyens sont mobilis\u00e9s sur le secteur des Bordes-sur-Arize. Il est demand\u00e9 d\u2019\u00e9viter cette zone. La pr\u00e9fecture rappelle que les mesures de d\u00e9peuplement prescrites par les services de l\u2019\u00c9tat ont pour but de r\u00e9duire le risque de propagation du virus et de prot\u00e9ger la fili\u00e8re bovine. Monsieur le pr\u00e9fet en appelle au calme et \u00e0 la responsabilit\u00e9 de chacun et apporte son soutien \u00e0 l\u2019\u00e9leveur et \u00e0 la profession agricole\u00a0\u00bb, font savoir les services de l\u2019\u00c9tat en Ari\u00e8ge.<\/p>\n<p>Depuis plusieurs jours, l\u2019exploitation ari\u00e9geoise est au c\u0153ur d\u2019un bras de fer opposant les exploitants et les autorit\u00e9s suite \u00e0 la d\u00e9tection d\u2019un cas de DNC. Conform\u00e9ment aux r\u00e8gles sanitaires nationales, l\u2019ensemble du troupeau doit \u00eatre euthanasi\u00e9 afin d\u2019\u00e9viter toute propagation, soit plus de 200 vaches.<\/p>\n","protected":false},"excerpt":{"rendered":"l&rsquo;essentiel La tension monte autour du Gaec de Mouriscou, en Ari\u00e8ge. Les \u00ab\u00a0centaures\u00a0\u00bb de la gendarmerie se pr\u00e9parent&hellip;\n","protected":false},"author":2,"featured_media":592953,"comment_status":"","ping_status":"","sticky":false,"template":"","format":"standard","meta":{"footnotes":""},"categories":[4],"tags":[11,327,2720,33,1011,27,70240,12,25],"class_list":{"0":"post-592952","1":"post","2":"type-post","3":"status-publish","4":"format-standard","5":"has-post-thumbnail","7":"category-france","8":"tag-actualites","9":"tag-agriculture","10":"tag-ariege","11":"tag-economie","12":"tag-fr","13":"tag-france","14":"tag-lesbordessurarize","15":"tag-news","16":"tag-republique-francaise"},"share_on_mastodon":{"url":"https:\/\/pubeurope.com\/@fr\/115701350734402557","error":""},"_links":{"self":[{"href":"https:\/\/www.europesays.com\/fr\/wp-json\/wp\/v2\/posts\/592952","targetHints":{"allow":["GET"]}}],"collection":[{"href":"https:\/\/www.europesays.com\/fr\/wp-json\/wp\/v2\/posts"}],"about":[{"href":"https:\/\/www.europesays.com\/fr\/wp-json\/wp\/v2\/types\/post"}],"author":[{"embeddable":true,"href":"https:\/\/www.europesays.com\/fr\/wp-json\/wp\/v2\/users\/2"}],"replies":[{"embeddable":true,"href":"https:\/\/www.europesays.com\/fr\/wp-json\/wp\/v2\/comments?post=592952"}],"version-history":[{"count":0,"href":"https:\/\/www.europesays.com\/fr\/wp-json\/wp\/v2\/posts\/592952\/revisions"}],"wp:featuredmedia":[{"embeddable":true,"href":"https:\/\/www.europesays.com\/fr\/wp-json\/wp\/v2\/media\/592953"}],"wp:attachment":[{"href":"https:\/\/www.europesays.com\/fr\/wp-json\/wp\/v2\/media?parent=592952"}],"wp:term":[{"taxonomy":"category","embeddable":true,"href":"https:\/\/www.europesays.com\/fr\/wp-json\/wp\/v2\/categories?post=592952"},{"taxonomy":"post_tag","embeddable":true,"href":"https:\/\/www.europesays.com\/fr\/wp-json\/wp\/v2\/tags?post=592952"}],"curies":[{"name":"wp","href":"https:\/\/api.w.org\/{rel}","templated":true}]}}