{"id":592954,"date":"2025-12-11T14:14:11","date_gmt":"2025-12-11T14:14:11","guid":{"rendered":"https:\/\/www.europesays.com\/fr\/592954\/"},"modified":"2025-12-11T14:14:11","modified_gmt":"2025-12-11T14:14:11","slug":"brandt-en-liquidation-judiciaire-plus-de-700-emplois-supprimes-on-a-tout-fait-mais-ca-na-pas-marche-les-fetes-seront-tristes-liberation","status":"publish","type":"post","link":"https:\/\/www.europesays.com\/fr\/592954\/","title":{"rendered":"Brandt en liquidation judiciaire, plus de 700 emplois supprim\u00e9s : \u00abOn a tout fait mais \u00e7a n\u2019a pas march\u00e9, les f\u00eates seront tristes &#8211; Lib\u00e9ration"},"content":{"rendered":"<ol>\n<li><a href=\"https:\/\/news.google.com\/rss\/articles\/CBMi5gFBVV95cUxPTGhNcDNfYWJnejREOXEwcGtlZFl0c2Y2R0pxMUpQVFhMUFFVd3d5Ymo0TFpGMEx5cVBMamFZZlBveTM3Skg4SWZLN09DeTlGenlaQ0VUdjZ4cTloWmJXZHVXRzZPWlJyNlhQOXJjNmo0Wm9zMzdHTXo1WGIzOEZjNTRYajRLSXhTT196UkNzY3drbFRIQXZBdXhyQUxLcHRTcllIWkZ6SEFWeHVqSU9uQkY2NFdrVWs4WmN4RTkxczViallXTjZPVlR5Vm5aVUNXSmRUMG1QQWt2ZGZ2V1dHOHlKaDl0dw?oc=5\" target=\"_blank\" rel=\"noopener\">Brandt en liquidation judiciaire, plus de 700 emplois supprim\u00e9s : \u00abOn a tout fait mais \u00e7a n\u2019a pas march\u00e9, les f\u00eates seront tristes<\/a>&nbsp;&nbsp;Lib\u00e9ration<\/li>\n<li><a href=\"https:\/\/news.google.com\/rss\/articles\/CBMijwJBVV95cUxObWdMejFaNGJxY3NJUW5KeWdXQkt6cDFKTHBpMnV1Qm5rQlNnNmpJdTRuVjlnRVgzSnZrcXd3YXNlNTIwelJ2UTBkMEh5UUJaanNrRDRkem80RmlKMWNuXzg5RWJPWlVSWlprd1NldXZNbkVrb1hOLWxNUDYxTlRDWXY5VTgySFZQYWszVmFZWS0zM3dDWURTQW1zVWI1Rm95UWcwN1dFdGNXZHpvLUFvQUFPUHoyV3VxZjltV3I0MnR3djhPekNQZldOUjVZUTBOT0N6UFBQYkZIcDRrZlBLT0lWN21GMEpOaWdSQ0ZOOVpLbENXS0p6d0hTcnRTdnduUkRDOHpYTUpTQkxkZDBz?oc=5\" target=\"_blank\" rel=\"noopener\">Brandt, le dernier fabricant de gros \u00e9lectrom\u00e9nager en France, est mis en liquidation ; plus de 700 emplois supprim\u00e9s<\/a>&nbsp;&nbsp;Le Monde.fr<\/li>\n<li><a href=\"https:\/\/news.google.com\/rss\/articles\/CBMi6wJBVV95cUxPblZIa0NNbmVvNjIxS2xzWTlRaGZucm9nb29IV2I4QmhNeFNOcnZMaE01Mnd6VkJ5QlNURWNlMEg1dVhvSVJXUl9rQUlDSkppYlFVR3g3R0FKY0s2QnMwRFNVazZzNUlGUG95ODZQRDQ0d09vY0xERTVNLXVYRHNTc04wMEhlQXFOVUtzUl9OVEY2ZWtMX0x0ZFhiZEdKX3lfdEtDV0oyUC1NTjlxZVBBQnFMdlUwZ1RkRlBFUlp4Z2pvakxBQVZHZVNDQXJoTDVDWW9yRlg2Y2VHLTNMNnFpYnhuTklMUmZNbC01cjZjMFpQYzVyblRLRXhyRFkxSzZYSlpaZFVRTE5XSkFSRWhPcFVlWi1iWGJPSkY3UnRhZ0UzX19Fcm5wb19kdll4ODI4UDQ0V0VHYUlZQ25jMjhzcWtwMkFZTERlU215dC1hR3RTOE1HYU4zNW5jSlgzSnFUSUhVSE13RVJtbkk?oc=5\" target=\"_blank\" rel=\"noopener\">\u00ab\u00a0Si vous avez un peu des tripes, montrez les\u00a0\u00bb: l&rsquo;\u00e9clat de col\u00e8re du maire d&rsquo;Orl\u00e9ans et la d\u00e9tresse des salari\u00e9s de Brandt apr\u00e8s l&rsquo;annonce de la liquidation d\u00e9cid\u00e9e pour quelques millions manquants<\/a>&nbsp;&nbsp;BFM<\/li>\n<li><a href=\"https:\/\/news.google.com\/rss\/articles\/CBMilgJBVV95cUxQemswNFFRc29ub1RXMVNGbW1CNG5SVFNDSjJkVHRpbHJsNHUzMjZvZ0lHUW9IQnZGRzRnZF9uaWw4SERkUVcycTVSUnR4RVdfb2oxREhFWTYtWDFDUWZJUFFrMmJGU3FjX2tiSlpFbkZaMFhxR0pRWkRick5VSGwzVWllMVdaNFRmeFMyUnlzOWFWc3VqZXZBeGVTSjRienFGSnBIeWxmNE80STBMemE2TllRaFdmYTMyelJmZWlqOG0tVmk1UWQ4QkwyRVZHbkFTYncwdS1UNkNvVHpVSW1VaG5vWVdsSlZEV0l2cldnWXVSVVdMbDJCR3h6T1BmRkxsU3pvdlQ1Vl9Hb1hfdVBqRTJYVFQ4dw?oc=5\" target=\"_blank\" rel=\"noopener\">Un choc et un coup tr\u00e8s dur port\u00e9 \u00e0 l&rsquo;industrie fran\u00e7aise \u00bb : Brandt plac\u00e9 en liquidation judiciaire, 700 emplois supprim\u00e9s<\/a>&nbsp;&nbsp;Les Echos<\/li>\n<li><a href=\"https:\/\/news.google.com\/rss\/articles\/CBMi5gFBVV95cUxNcWQ4Tzk3STM5SDNiYXpFR3YwTnRfNnVVY29PcTNVeEpzbGFSMnB6UHFBUzhsREJjeC1DelRlYmV0WWR6VjlybUxicnVTa2Eya0I4cFN1Y1gwY2Z2aXh4RF9mUDRRbnIzWURUV0V0TmtTSDA1dzIxdElJSEtsbzRhNjRVODlaX3dYNmFTajcweEhGWmREb2x6YXlTZ2FLN1ZoSGdacHVqbkk3Y0lFYnI2WnIyYkwyT1BxMGRnRGNURGZQRlpGdnpaVGlMNmFyMGlLNHQyRUhOUUNJZ3VhNFZYVllwY1NQZw?oc=5\" target=\"_blank\" rel=\"noopener\">VIDEO. \u00ab\u00a0J\u2019en ai ras le bol de ce pays \u00e0 la con\u00a0\u00bb : la col\u00e8re du maire d\u2019Orl\u00e9ans apr\u00e8s la liquidation de Brandt<\/a>&nbsp;&nbsp;ladepeche.fr<\/li>\n<\/ol>\n","protected":false},"excerpt":{"rendered":"Brandt en liquidation judiciaire, plus de 700 emplois supprim\u00e9s : \u00abOn a tout fait mais \u00e7a n\u2019a pas&hellip;\n","protected":false},"author":2,"featured_media":592955,"comment_status":"","ping_status":"","sticky":false,"template":"","format":"standard","meta":{"footnotes":""},"categories":[2],"tags":[11,70593,15683,1011,27,1227,310,12],"class_list":{"0":"post-592954","1":"post","2":"type-post","3":"status-publish","4":"format-standard","5":"has-post-thumbnail","7":"category-actualites","8":"tag-actualites","9":"tag-employment","10":"tag-fashion","11":"tag-fr","12":"tag-france","13":"tag-horizontal","14":"tag-internet","15":"tag-news"},"share_on_mastodon":{"url":"https:\/\/pubeurope.com\/@fr\/115701354611460006","error":""},"_links":{"self":[{"href":"https:\/\/www.europesays.com\/fr\/wp-json\/wp\/v2\/posts\/592954","targetHints":{"allow":["GET"]}}],"collection":[{"href":"https:\/\/www.europesays.com\/fr\/wp-json\/wp\/v2\/posts"}],"about":[{"href":"https:\/\/www.europesays.com\/fr\/wp-json\/wp\/v2\/types\/post"}],"author":[{"embeddable":true,"href":"https:\/\/www.europesays.com\/fr\/wp-json\/wp\/v2\/users\/2"}],"replies":[{"embeddable":true,"href":"https:\/\/www.europesays.com\/fr\/wp-json\/wp\/v2\/comments?post=592954"}],"version-history":[{"count":0,"href":"https:\/\/www.europesays.com\/fr\/wp-json\/wp\/v2\/posts\/592954\/revisions"}],"wp:featuredmedia":[{"embeddable":true,"href":"https:\/\/www.europesays.com\/fr\/wp-json\/wp\/v2\/media\/592955"}],"wp:attachment":[{"href":"https:\/\/www.europesays.com\/fr\/wp-json\/wp\/v2\/media?parent=592954"}],"wp:term":[{"taxonomy":"category","embeddable":true,"href":"https:\/\/www.europesays.com\/fr\/wp-json\/wp\/v2\/categories?post=592954"},{"taxonomy":"post_tag","embeddable":true,"href":"https:\/\/www.europesays.com\/fr\/wp-json\/wp\/v2\/tags?post=592954"}],"curies":[{"name":"wp","href":"https:\/\/api.w.org\/{rel}","templated":true}]}}