{"id":592960,"date":"2025-12-11T14:17:26","date_gmt":"2025-12-11T14:17:26","guid":{"rendered":"https:\/\/www.europesays.com\/fr\/592960\/"},"modified":"2025-12-11T14:17:26","modified_gmt":"2025-12-11T14:17:26","slug":"nancy-la-saint-nicolas-fait-un-nouveau-record-de-frequentation-selon-la-mairie","status":"publish","type":"post","link":"https:\/\/www.europesays.com\/fr\/592960\/","title":{"rendered":"Nancy. La Saint-Nicolas fait un nouveau record de fr\u00e9quentation selon la mairie"},"content":{"rendered":"<p><strong>Ouigo Nancy-Paris.<\/strong> Il persiste et signe. Le retour du <a href=\"https:\/\/www.estrepublicain.fr\/transport\/2025\/11\/28\/trains-entre-nancy-et-paris-pas-de-ouigo-en-2026\" target=\"_blank\" rel=\"noopener\">Ouigo Nancy-Paris<\/a> est bien dans les tuyaux. La SNCF fera des annonces concernant le Grand Est d\u00e9but 2026. \u00ab\u00a0Les choses sont bien embarqu\u00e9es. Mais la question reste pos\u00e9e pour la liaison vers le sud.\u00a0\u00bb<\/p>\n<p><strong>V\u0153ux. <\/strong> La c\u00e9r\u00e9monie de v\u0153ux \u00e0 la population aura lieu le 10\u00a0janvier\u2026 \u00e0 l\u2019h\u00f4tel de ville. Une premi\u00e8re pour <a href=\"https:\/\/www.estrepublicain.fr\/p\/mathieu-klein\" target=\"_blank\" rel=\"noopener\">Mathieu Klein<\/a> qui, emp\u00each\u00e9 les premi\u00e8res ann\u00e9es de son mandat \u00e0 organiser des c\u00e9r\u00e9monies physiques pour cause de pand\u00e9mie, a privil\u00e9gi\u00e9 ensuite des rendez-vous hors les murs\u00a0: parc Sainte-Marie, nouvelle caserne de pompiers des Rives de Meurthe. L\u2019occasion de se d\u00e9clarer officiellement pour les municipales de mars\u00a02026\u00a0? Pas s\u00fbr. \u00ab\u00a0Il ne faut pas confondre les moments institutionnels et les temps du candidat\u00a0\u00bb, r\u00e9pond-il.<\/p>\n<p><strong>Week-end de Saint-Nicolas.<\/strong> \u00ab\u00a0On a battu une nouvelle fois le record de fr\u00e9quentation\u00a0\u00bb. Mathieu Klein \u00e9voque 130\u00a0000 personnes lors du <a href=\"https:\/\/www.estrepublicain.fr\/culture-loisirs\/2025\/12\/06\/la-saint-nicolas-a-nancy-encore-une-edition-de-reve-qui-laisse-des-images-plein-la-tete\" target=\"_blank\" rel=\"noopener\">d\u00e9fil\u00e9 de Saint-Nicolas<\/a>. Contre 100\u00a0000 l\u2019an dernier. Mais qui compte exactement\u00a0? Les chiffres sont ceux avanc\u00e9s par le CSU (centre de supervision urbain). \u00ab\u00a0Une chose est s\u00fbre, il y avait beaucoup de monde dans les rues, beaucoup de touristes venus de loin, sans compter la diaspora lorraine de retour pour l\u2019occasion.\u00a0\u00bb Selon le maire encore, h\u00f4teliers et restaurateurs ont \u00e9t\u00e9 d\u00e9bord\u00e9s, y compris d\u00e8s le jeudi pr\u00e9c\u00e9dent.<\/p>\n<p>  Le chantier de la rue Saint-Dizier va g\u00e9n\u00e9rer des nuisances<\/p>\n<p><strong>Rue Saint-Dizier. <\/strong> Il l\u2019a annonc\u00e9 le 1er \u00a0d\u00e9cembre dernier. La rue Saint-Dizier sera \u00e0 terme r\u00e9serv\u00e9e aux bus et aux v\u00e9los. \u00ab\u00a0Un projet majeur, en bonne concordance de temps avec le transfert de l\u2019h\u00f4pital central vers Brabois et la requalification des avenues de Strasbourg et de Lattre-de-Tassigny.\u00a0\u00bb Alors, oui, \u00e9videmment, <a href=\"https:\/\/www.estrepublicain.fr\/transport\/2025\/12\/01\/circulation-en-centre-ville-de-nancy-les-changements-que-prepare-la-mairie\" target=\"_blank\" rel=\"noopener\">le chantier va g\u00e9n\u00e9rer des nuisances pour les commer\u00e7ants<\/a> , il l\u2019admet. \u00ab\u00a0Mais le jeu en vaut la chandelle\u00a0\u00bb. Les riverains et usagers des rues Saint-Jean et Saint-Georges mesurent aujourd\u2019hui combien la vie dans ce quartier est plus agr\u00e9able\u00a0; les commer\u00e7ants, eux, ne peuvent que constater la hausse de fr\u00e9quentation, assure-t-il. Une commission d\u2019indemnisation sera mise en place pour les aider \u00e0 passer le cap.<\/p>\n<p><strong>Finances.<\/strong> Oui, les temps sont durs pour les collectivit\u00e9s. \u00ab\u00a0Les contraintes budg\u00e9taires seront le d\u00e9fi majeur du prochain mandat, et des suivants. Mais je refuse le fatalisme. Des serrages drastiques seront r\u00e9alis\u00e9s pour Nancy et la m\u00e9tropole.\u00a0\u00bb Les projections font \u00e9tat de 8\u00a0M\u20ac de pr\u00e9l\u00e8vements suppl\u00e9mentaires de la part de l\u2019\u00c9tat pour l\u2019ann\u00e9e \u00e0 venir.<\/p>\n<p><strong>S\u00e9curit\u00e9.<\/strong> Il le reconna\u00eet, \u00ab\u00a0plus les ann\u00e9es passent et plus le temps que je passe sur ces sujets est grand\u00a0\u00bb. \u00ab\u00a0La s\u00e9curit\u00e9 du quotidien est une pr\u00e9occupation majeure\u00a0\u00bb. Toutes les villes sont aujourd\u2019hui confront\u00e9es au narco trafic et \u00e0 son \u00ab\u00a0\u00e9conomie florissante\u00a0\u00bb, Nancy n\u2019\u00e9chappe pas au ph\u00e9nom\u00e8ne. A son niveau, il fait ce qu\u2019il peut, sans avoir \u00ab\u00a0de baguette de magique\u00a0\u00bb. \u00ab\u00a0Je signale syst\u00e9matiquement les points de deal rep\u00e9r\u00e9s \u00e0 Nancy.\u00a0\u00bb<\/p>\n<p>  Il faut harceler les dealers<\/p>\n<p>A titre d\u2019exemple, il a demand\u00e9 aux forces de s\u00e9curit\u00e9 d\u2019adapter leurs horaires de passage rue du Docteur-Schmitt, o\u00f9 chaque soir, d\u00e8s 21\u00a0h, les dealers s\u2019installent tranquillement avec musique et si\u00e8ges pour commercer. \u00ab\u00a0Il faut les harceler jour et nuit pour qu\u2019ils sortent du paysage.\u00a0\u00bb<\/p>\n<p><strong>Conservatoire et OMh.<\/strong> \u00a0 <a href=\"https:\/\/www.estrepublicain.fr\/culture-loisirs\/2025\/09\/27\/tensions-au-conservatoire-du-grand-nancy-il-y-a-des-dysfonctionnements-reconnait-hocine-chabira\" target=\"_blank\" rel=\"noopener\">Suicide du directeur du conservatoire de musique<\/a> , <a href=\"https:\/\/www.estrepublicain.fr\/faits-divers-justice\/2025\/10\/16\/reunion-de-crise-a-l-omh-de-nancy-apres-qu-une-salariee-se-soit-defenestree\" target=\"_blank\" rel=\"noopener\">d\u00e9fenestration d\u2019une employ\u00e9e de l\u2019Office m\u00e9tropolitain de l\u2019habita<\/a> t, ces deux structures sont dans la tourmente. Une proc\u00e9dure judiciaire est en cours pour la premi\u00e8re, des enqu\u00eates administratives sont lanc\u00e9es pour la seconde. \u00ab\u00a0Moi, j\u2019attends le r\u00e9sultat et j\u2019en tirerai les cons\u00e9quences\u00a0\u00bb, promet Mathieu Klein.<\/p>\n<p><strong>Animaux. <\/strong> Un pigeonnier contraceptif sera install\u00e9 au centre-ville, des discussions sont en cours avec l\u2019architecte des B\u00e2timents de France pour d\u00e9finir son emplacement. Parall\u00e8lement, une campagne de communication sera men\u00e9e place Charles-III pour rappeler qu\u2019on ne doit pas nourrir les volatiles. Par ailleurs, deux parcs canins, des espaces pour laisser courir les chiens en toute libert\u00e9, seront ouverts et inaugur\u00e9s avant la fin de l\u2019ann\u00e9e.<\/p>\n","protected":false},"excerpt":{"rendered":"Ouigo Nancy-Paris. Il persiste et signe. Le retour du Ouigo Nancy-Paris est bien dans les tuyaux. La SNCF&hellip;\n","protected":false},"author":2,"featured_media":592961,"comment_status":"","ping_status":"","sticky":false,"template":"","format":"standard","meta":{"footnotes":""},"categories":[9635],"tags":[1111,11,1984,1687,1704,1777,674,1011,27,775,1702,1703,12,316,25,104],"class_list":{"0":"post-592960","1":"post","2":"type-post","3":"status-publish","4":"format-standard","5":"has-post-thumbnail","7":"category-nancy","8":"tag-actu","9":"tag-actualites","10":"tag-conseil-municipal","11":"tag-culture-loisirs","12":"tag-edition-nancy-et-agglomeration","13":"tag-eu","14":"tag-europe","15":"tag-fr","16":"tag-france","17":"tag-grand-est","18":"tag-nancy","19":"tag-nancy-ville-54b","20":"tag-news","21":"tag-politique","22":"tag-republique-francaise","23":"tag-societe"},"share_on_mastodon":{"url":"https:\/\/pubeurope.com\/@fr\/115701366491652485","error":""},"_links":{"self":[{"href":"https:\/\/www.europesays.com\/fr\/wp-json\/wp\/v2\/posts\/592960","targetHints":{"allow":["GET"]}}],"collection":[{"href":"https:\/\/www.europesays.com\/fr\/wp-json\/wp\/v2\/posts"}],"about":[{"href":"https:\/\/www.europesays.com\/fr\/wp-json\/wp\/v2\/types\/post"}],"author":[{"embeddable":true,"href":"https:\/\/www.europesays.com\/fr\/wp-json\/wp\/v2\/users\/2"}],"replies":[{"embeddable":true,"href":"https:\/\/www.europesays.com\/fr\/wp-json\/wp\/v2\/comments?post=592960"}],"version-history":[{"count":0,"href":"https:\/\/www.europesays.com\/fr\/wp-json\/wp\/v2\/posts\/592960\/revisions"}],"wp:featuredmedia":[{"embeddable":true,"href":"https:\/\/www.europesays.com\/fr\/wp-json\/wp\/v2\/media\/592961"}],"wp:attachment":[{"href":"https:\/\/www.europesays.com\/fr\/wp-json\/wp\/v2\/media?parent=592960"}],"wp:term":[{"taxonomy":"category","embeddable":true,"href":"https:\/\/www.europesays.com\/fr\/wp-json\/wp\/v2\/categories?post=592960"},{"taxonomy":"post_tag","embeddable":true,"href":"https:\/\/www.europesays.com\/fr\/wp-json\/wp\/v2\/tags?post=592960"}],"curies":[{"name":"wp","href":"https:\/\/api.w.org\/{rel}","templated":true}]}}