{"id":592968,"date":"2025-12-11T14:21:22","date_gmt":"2025-12-11T14:21:22","guid":{"rendered":"https:\/\/www.europesays.com\/fr\/592968\/"},"modified":"2025-12-11T14:21:22","modified_gmt":"2025-12-11T14:21:22","slug":"plan-anti-hold-up-a-lapproche-des-fetes-la-police-nationale-renforce-sa-vigilance-sur-les-magasins-et-centres-commerciaux-a-montpellier","status":"publish","type":"post","link":"https:\/\/www.europesays.com\/fr\/592968\/","title":{"rendered":"Plan anti hold-up\u00a0: \u00e0 l\u2019approche des f\u00eates, la police nationale renforce sa vigilance sur les magasins et centres commerciaux \u00e0 Montpellier"},"content":{"rendered":"<p>\n                                                                Ce dispositif est mis en place chaque ann\u00e9e \u00e0 cette p\u00e9riode. Une r\u00e9union avait lieu mercredi 10\u00a0d\u00e9cembre au commissariat central de Montpellier, pour informer et recueillir les attentes des responsables d\u2019enseignes, \u00e0 l\u2019invitation du directeur interd\u00e9partemental de la police nationale.\n                            <\/p>\n<p>Comme chaque ann\u00e9e, la police nationale d\u00e9ploie un \u201cplan anti hold-up\u201d \u00e0 l\u2019approche des f\u00eates de fin d\u2019ann\u00e9e, afin de renforcer la s\u00e9curit\u00e9 des commerces \u00e0 Montpellier et dans sa proche p\u00e9riph\u00e9rie. Mercredi 10\u00a0d\u00e9cembre, le directeur interd\u00e9partemental de la police nationale de l\u2019H\u00e9rault, Beno\u00eet Desmartin, accompagn\u00e9 des responsables des bureaux de police de secteur (Mosson, Lattes\u2026) avait convi\u00e9 au commissariat central les repr\u00e9sentants de magasins et centres commerciaux. Objectif\u00a0: leur pr\u00e9senter ce dispositif et recueillir leurs attentes. Une quinzaine de professionnels avaient r\u00e9pondu pr\u00e9sent.<\/p>\n<p>Des patrouilles adapt\u00e9es aux besoins<\/p>\n<p>Cette vigilance accrue, dans cette p\u00e9riode de forte activit\u00e9, a d\u2019ores et d\u00e9j\u00e0 commenc\u00e9. Elle s\u2019adaptera dans les tout prochains jours aux cr\u00e9neaux horaires qui ont \u00e9t\u00e9 sollicit\u00e9s par les professionnels lors de cette rencontre. \u00ab\u00a0Les patrouilles seront d\u00e9cal\u00e9es afin de r\u00e9pondre \u00e0 ces demandes. La police sera pr\u00e9sente, aussi bien le jour que la nuit\u00a0\u00bb, indique-t-on \u00e0 l\u2019h\u00f4tel de police.<\/p>\n<p>Au-del\u00e0 du risque d\u2019agression \u00e0 main arm\u00e9e proprement dit, il s\u2019agit aussi de pr\u00e9venir d\u2019autres ph\u00e9nom\u00e8nes auxquels sont expos\u00e9s les commerces, tels que les vols \u00e0 l\u2019\u00e9talage, souvent rapport\u00e9s ces derniers temps, ainsi que d\u2019autres formes de d\u00e9linquance. \u00c0 l\u2019occasion de cette r\u00e9union, des probl\u00e9matiques sp\u00e9cifiques se sont fait jour selon l\u2019implantation g\u00e9ographique des magasins et zones commerciales.<\/p>\n<p>Parkings squatt\u00e9s, nuisances\u2026<\/p>\n<p>Ces difficult\u00e9s d\u00e9passent d\u2019ailleurs la seule p\u00e9riode des f\u00eates. Il peut s\u2019agir de mendicit\u00e9, de nuisances sur les parkings, parfois occup\u00e9s ill\u00e9galement la nuit et utilis\u00e9s comme lieux de consommation de protoxyde d\u2019azote.<\/p>\n<p>La discussion a d\u00e9montr\u00e9 dans l\u2019ensemble la bonne fluidit\u00e9 de l\u2019information entre les commer\u00e7ants et les forces de l\u2019ordre, gr\u00e2ce \u00e0 des contacts \u00e9tablis durablement, notamment avec les \u201cr\u00e9f\u00e9rents s\u00fbret\u00e9\u201d de la police nationale. En fin d\u2019ann\u00e9e, ces derniers invitent les commer\u00e7ants \u00e0 signaler tout comportement suspect remarqu\u00e9 aux abords de leurs enseignes. Les g\u00e9rants peuvent aussi solliciter une surveillance particuli\u00e8re le jour d\u2019une importante livraison, par exemple.<\/p>\n<p>Les \u00e9changes men\u00e9s mercredi\u00a0\u00e0 l\u2019h\u00f4tel de police ont cependant permis de lancer des pistes afin d\u2019optimiser cette collaboration.<\/p>\n","protected":false},"excerpt":{"rendered":"Ce dispositif est mis en place chaque ann\u00e9e \u00e0 cette p\u00e9riode. Une r\u00e9union avait lieu mercredi 10\u00a0d\u00e9cembre au&hellip;\n","protected":false},"author":2,"featured_media":592969,"comment_status":"","ping_status":"","sticky":false,"template":"","format":"standard","meta":{"footnotes":""},"categories":[9599],"tags":[1111,11,1777,674,1011,27,7089,2208,12,2680,25,7691],"class_list":{"0":"post-592968","1":"post","2":"type-post","3":"status-publish","4":"format-standard","5":"has-post-thumbnail","7":"category-montpellier","8":"tag-actu","9":"tag-actualites","10":"tag-eu","11":"tag-europe","12":"tag-fr","13":"tag-france","14":"tag-herault","15":"tag-montpellier","16":"tag-news","17":"tag-occitanie","18":"tag-republique-francaise","19":"tag-su00e9curitu00e9"},"share_on_mastodon":{"url":"https:\/\/pubeurope.com\/@fr\/115701382336407565","error":""},"_links":{"self":[{"href":"https:\/\/www.europesays.com\/fr\/wp-json\/wp\/v2\/posts\/592968","targetHints":{"allow":["GET"]}}],"collection":[{"href":"https:\/\/www.europesays.com\/fr\/wp-json\/wp\/v2\/posts"}],"about":[{"href":"https:\/\/www.europesays.com\/fr\/wp-json\/wp\/v2\/types\/post"}],"author":[{"embeddable":true,"href":"https:\/\/www.europesays.com\/fr\/wp-json\/wp\/v2\/users\/2"}],"replies":[{"embeddable":true,"href":"https:\/\/www.europesays.com\/fr\/wp-json\/wp\/v2\/comments?post=592968"}],"version-history":[{"count":0,"href":"https:\/\/www.europesays.com\/fr\/wp-json\/wp\/v2\/posts\/592968\/revisions"}],"wp:featuredmedia":[{"embeddable":true,"href":"https:\/\/www.europesays.com\/fr\/wp-json\/wp\/v2\/media\/592969"}],"wp:attachment":[{"href":"https:\/\/www.europesays.com\/fr\/wp-json\/wp\/v2\/media?parent=592968"}],"wp:term":[{"taxonomy":"category","embeddable":true,"href":"https:\/\/www.europesays.com\/fr\/wp-json\/wp\/v2\/categories?post=592968"},{"taxonomy":"post_tag","embeddable":true,"href":"https:\/\/www.europesays.com\/fr\/wp-json\/wp\/v2\/tags?post=592968"}],"curies":[{"name":"wp","href":"https:\/\/api.w.org\/{rel}","templated":true}]}}