{"id":592976,"date":"2025-12-11T14:26:21","date_gmt":"2025-12-11T14:26:21","guid":{"rendered":"https:\/\/www.europesays.com\/fr\/592976\/"},"modified":"2025-12-11T14:26:21","modified_gmt":"2025-12-11T14:26:21","slug":"jarrie-conseil-municipal-plusieurs-deliberations-financieres-votees","status":"publish","type":"post","link":"https:\/\/www.europesays.com\/fr\/592976\/","title":{"rendered":"Jarrie. Conseil municipal\u00a0: plusieurs d\u00e9lib\u00e9rations financi\u00e8res vot\u00e9es"},"content":{"rendered":"<p>C\u2019est ce que l\u2019on a pu observer pour ce dernier conseil municipal de 2025, lundi 8\u00a0d\u00e9cembre, autour de la table ovale de la mairie du Clos Jouvin. Dix-sept d\u00e9lib\u00e9rations \u00e9taient \u00e0 l\u2019ordre du jour.<\/p>\n<p>Le public \u00e9tait plus \u201cnombreux\u201d que d\u2019habitude, avec huit personnes au lieu de deux ou trois. \u00c9tait-ce en raison de l\u2019approche des \u00e9lections municipales des 15 et 22\u00a0mars prochains\u00a0? En tout cas, rien n\u2019a \u00e9t\u00e9 \u00e9voqu\u00e9 de ce&#8230;<\/p>\n","protected":false},"excerpt":{"rendered":"C\u2019est ce que l\u2019on a pu observer pour ce dernier conseil municipal de 2025, lundi 8\u00a0d\u00e9cembre, autour de&hellip;\n","protected":false},"author":2,"featured_media":592977,"comment_status":"","ping_status":"","sticky":false,"template":"","format":"standard","meta":{"footnotes":""},"categories":[9566],"tags":[1111,11,2430,1984,113,1777,674,1011,27,2731,17480,12,316,25,17481],"class_list":{"0":"post-592976","1":"post","2":"type-post","3":"status-publish","4":"format-standard","5":"has-post-thumbnail","7":"category-grenoble","8":"tag-actu","9":"tag-actualites","10":"tag-auvergne-rhone-alpes","11":"tag-conseil-municipal","12":"tag-edition-gresivaudan-oisans","13":"tag-eu","14":"tag-europe","15":"tag-fr","16":"tag-france","17":"tag-grenoble","18":"tag-jarrie","19":"tag-news","20":"tag-politique","21":"tag-republique-francaise","22":"tag-romanche"},"share_on_mastodon":{"url":"https:\/\/pubeurope.com\/@fr\/115701401799335219","error":""},"_links":{"self":[{"href":"https:\/\/www.europesays.com\/fr\/wp-json\/wp\/v2\/posts\/592976","targetHints":{"allow":["GET"]}}],"collection":[{"href":"https:\/\/www.europesays.com\/fr\/wp-json\/wp\/v2\/posts"}],"about":[{"href":"https:\/\/www.europesays.com\/fr\/wp-json\/wp\/v2\/types\/post"}],"author":[{"embeddable":true,"href":"https:\/\/www.europesays.com\/fr\/wp-json\/wp\/v2\/users\/2"}],"replies":[{"embeddable":true,"href":"https:\/\/www.europesays.com\/fr\/wp-json\/wp\/v2\/comments?post=592976"}],"version-history":[{"count":0,"href":"https:\/\/www.europesays.com\/fr\/wp-json\/wp\/v2\/posts\/592976\/revisions"}],"wp:featuredmedia":[{"embeddable":true,"href":"https:\/\/www.europesays.com\/fr\/wp-json\/wp\/v2\/media\/592977"}],"wp:attachment":[{"href":"https:\/\/www.europesays.com\/fr\/wp-json\/wp\/v2\/media?parent=592976"}],"wp:term":[{"taxonomy":"category","embeddable":true,"href":"https:\/\/www.europesays.com\/fr\/wp-json\/wp\/v2\/categories?post=592976"},{"taxonomy":"post_tag","embeddable":true,"href":"https:\/\/www.europesays.com\/fr\/wp-json\/wp\/v2\/tags?post=592976"}],"curies":[{"name":"wp","href":"https:\/\/api.w.org\/{rel}","templated":true}]}}