{"id":592980,"date":"2025-12-11T14:28:19","date_gmt":"2025-12-11T14:28:19","guid":{"rendered":"https:\/\/www.europesays.com\/fr\/592980\/"},"modified":"2025-12-11T14:28:19","modified_gmt":"2025-12-11T14:28:19","slug":"plus-de-600-agriculteurs-opposes-au-projet-de-revision-de-la-gestion-de-leau-en-ille-et-vilaine","status":"publish","type":"post","link":"https:\/\/www.europesays.com\/fr\/592980\/","title":{"rendered":"Plus de 600 agriculteurs oppos\u00e9s au projet de r\u00e9vision de la gestion de l\u2019eau en Ille-et-Vilaine"},"content":{"rendered":"<p>300 tracteurs et plus de 600 agriculteurs ont converg\u00e9 jeudi 11\u00a0d\u00e9cembre 2025 vers Ch\u00e2teaubourg entre Rennes et Vitr\u00e9 (Ille-et-Vilaine). Selon la pr\u00e9fecture, deux convois de tracteurs \u00e9taient notamment pr\u00e9sents sur la rocade de Rennes (nord et sud) sur les coups de 10\u00a0h\u00a020, provoquant des bouchons sur la quatre voies \u00e0 la sortie de Rennes, en direction de Paris.<\/p>\n<p>\n                Nous avons bloqu\u00e9 l\u2019affichage de ce contenu pour respecter vos choix en mati\u00e8re de cookies.<br \/>En cliquant sur \u00abConsulter\u00bb, vous acceptez le d\u00e9p\u00f4t de cookies par des services de r\u00e9seaux sociaux tels que Twitter.<br \/>\n                Consulter\n            <\/p>\n<blockquote class=\"twitter-tweet\" wp_automatic_readability=\"9.8010471204188\">\n<p lang=\"fr\" dir=\"ltr\"><a href=\"https:\/\/twitter.com\/hashtag\/Manifestation?src=hash&amp;ref_src=twsrc%5Etfw\" target=\"_blank\" rel=\"noopener\">#Manifestation<\/a> |?? Circulation perturb\u00e9e en <a href=\"https:\/\/twitter.com\/hashtag\/IlleEtVilaine?src=hash&amp;ref_src=twsrc%5Etfw\" target=\"_blank\" rel=\"noopener\">#IlleEtVilaine<\/a><\/p>\n<p>?? Des cort\u00e8ges de tracteurs sont pr\u00e9vus sur plusieurs axes du d\u00e9partement.<\/p>\n<p>Pour votre s\u00e9curit\u00e9 et pour \u00e9viter les bouchons, limitez vos d\u00e9placements en voiture et anticipez vos trajets.<\/p>\n<p>?? <a href=\"https:\/\/t.co\/w2zZW0rcA6\">https:\/\/t.co\/w2zZW0rcA6<\/a> <a href=\"https:\/\/t.co\/xNry1f1m16\">pic.twitter.com\/xNry1f1m16<\/a><\/p>\n<p>\u2014 Pr\u00e9fet de Bretagne et d&rsquo;Ille-et-Vilaine (@bretagnegouv) <a href=\"https:\/\/twitter.com\/bretagnegouv\/status\/1999016392050225559?ref_src=twsrc%5Etfw\" target=\"_blank\" rel=\"noopener\">December 11, 2025<\/a><\/p><\/blockquote>\n<p>Une nouvelle r\u00e8gle dans leur collimateur<\/p>\n<p>Pourquoi ont-ils d\u00e9cid\u00e9 de se mobiliser \u00e0 Ch\u00e2teaubourg\u00a0? \u00c0 14\u00a0h, il devait s\u2019y tenir une r\u00e9union <a href=\"https:\/\/saint-brieuc.maville.com\/actu\/actudet_-dans-l-ouest-une-interdiction-inedite-de-pesticide-fait-des-mecontents-dans-tous-les-camps-_5-6728958_actu.Htm\" target=\"_blank\" rel=\"noopener\">la Commission locale de l\u2019ea<\/a>u. Cette CLE, compos\u00e9e d\u2019\u00e9lus, de repr\u00e9sentants de l\u2019\u00c9tat, d\u2019associations et du monde agricole, travaille pour revoir les r\u00e8gles s\u2019appliquant sur le bassin-versant de la Vilaine, un territoire \u00e0 cheval sur six d\u00e9partements (dont une partie du Morbihan, des C\u00f4tes-d\u2019Armor et de l\u2019Ille-et-Vilaine).<\/p>\n<p><strong>Lire aussi <\/strong>\u00a0: <a href=\"https:\/\/saint-brieuc.maville.com\/actu\/actudet_-des-resultats-decevants-la-qualite-de-l-eau-s-est-encore-degradee-ces-dernieres-annees-dans-l-ouest-de-la-france-_5-7103069_actu.Htm\" target=\"_blank\" rel=\"noopener\">Des r\u00e9sultats \u00ab\u00a0d\u00e9cevants\u00a0\u00bb\u00a0: la qualit\u00e9 de l\u2019eau s\u2019est encore d\u00e9grad\u00e9e ces derni\u00e8res ann\u00e9es dans l\u2019ouest de la France<\/a><\/p>\n<p>Une de ces nouvelles r\u00e8gles ne pla\u00eet pas du tout \u00e0 la FNSEA, la JA et la Coordination rurale\u00a0: l\u2019interdiction, \u00e0 partir de 2029, des herbicides ma\u00efs dans des zones tr\u00e8s sp\u00e9cifiques, situ\u00e9es dans les cinq aires de captage, servant \u00e0 <a href=\"https:\/\/rennes.maville.com\/actu\/actudet_-pesticides-nitrates-pfas...-une-carte-interactive-pour-verifier-la-qualite-de-l-eau-du-robinet-_54135-7024969_actu.Htm\" target=\"_blank\" rel=\"noopener\">alimenter en eau potable 1,2\u00a0million de personnes<\/a>. Les syndicats veulent faire pression sur le pr\u00e9fet pour qu\u2019il ne la valide pas. C\u2019est en effet lui qui aura le dernier mot. \u00c0 15\u00a0h, certains agriculteurs auraient d\u2019ailleurs pr\u00e9vu de se rendre devant la pr\u00e9fecture de r\u00e9gion \u00e0 Rennes.<\/p>\n<p> <strong>\u00ab\u00a0Le convoi va \u00e9voluer et on ira sur la m\u00e9tropole rennaise, on se divisera en deux, on ira \u00e0 la pr\u00e9fecture et on ira \u00e0 Rennes m\u00e9tropole<\/strong>, indique C\u00e9dric Henry, le pr\u00e9sident de la F\u00e9d\u00e9ration d\u00e9partementale des syndicats d\u2019exploitants agricoles.<strong>\u00a0<\/strong>  <strong>Le Sage en tant que tel doit \u00eatre valid\u00e9 par le pr\u00e9fet, donc le pr\u00e9fet aura aussi son mot \u00e0 dire \u00e0 un moment donn\u00e9.\u00a0Donc l\u00e0 on va aller voir notre nouveau pr\u00e9fet pour lui exprimer notre incompr\u00e9hension et notre m\u00e9contentement.\u00a0\u00bb<\/strong> <\/p>\n<p>\t<img decoding=\"async\" src=\"https:\/\/www.europesays.com\/fr\/wp-content\/uploads\/2025\/12\/P35633614D7104595G_px_640_.jpg\" alt=\"photo les agriculteurs ont interdit l\u2019acc\u00e8s la salle aux participants de la r\u00e9union \u00e0 ch\u00e2teaubourg, le 11 d\u00e9cembre 2025.  \u00a9  thomas br\u00e9gardis \/ ouest-france\" width=\"640\" title=\" Les agriculteurs ont interdit l\u2019acc\u00e8s la salle aux participants de la r\u00e9union \u00e0 Ch\u00e2teaubourg, le 11 d\u00e9cembre 2025.   Thomas Br\u00e9gardis \/ Ouest-France \"\/><\/p>\n<p class=\"elmt-legende\"> Les agriculteurs ont interdit l\u2019acc\u00e8s la salle aux participants de la r\u00e9union \u00e0 Ch\u00e2teaubourg, le 11 d\u00e9cembre 2025.   Thomas Br\u00e9gardis \/ Ouest-France <\/p>\n<p>\u00ab\u00a0Les conditions d\u2019un d\u00e9bat serein ne sont pas r\u00e9unies\u00a0\u00bb<\/p>\n<p>Cette mobilisation des agriculteurs n\u2019est pas sans cons\u00e9quences directes. Michel Demolder, pr\u00e9sident de la commission locale de l\u2019eau, a pris la d\u00e9cision d\u2019annuler la tenue de la r\u00e9union du Sage pr\u00e9vue ce jeudi \u00e0 14\u00a0h.<\/p>\n<p> <strong>\u00ab\u00a0J\u2019ai constat\u00e9 que cette r\u00e9union ne pouvait se tenir dans un climat serein compte tenu du blocage des acc\u00e8s \u00e0 la salle. Les conditions d\u2019un d\u00e9bat serein ne sont pas r\u00e9unies<\/strong> , explique-t-il.  <strong>Je regrette que certaines organisations syndicales ne respectent pas le d\u00e9bat d\u00e9mocratique autour de ces questions d\u2019environnement et de protection de l\u2019eau et des sols.\u00a0\u00bb<\/strong> <\/p>\n<p> <strong>\u00ab C\u2019est une victoire \u00bb<\/strong>, r\u00e9agit Christian Mochet, en charge des questions d\u2019environnement \u00e0 la Fdsea 35.  Le vote final de ce nouveau Sch\u00e9ma d\u2019am\u00e9nagement et de gestions des eaux (SAGE) est pr\u00e9vu le 14\u00a0janvier.<\/p>\n<p>\u00a0<\/p>\n<p>\t\t<script async src=\"https:\/\/platform.twitter.com\/widgets.js\" charset=\"utf-8\"><\/script><\/p>\n","protected":false},"excerpt":{"rendered":"300 tracteurs et plus de 600 agriculteurs ont converg\u00e9 jeudi 11\u00a0d\u00e9cembre 2025 vers Ch\u00e2teaubourg entre Rennes et Vitr\u00e9&hellip;\n","protected":false},"author":2,"featured_media":592981,"comment_status":"","ping_status":"","sticky":false,"template":"","format":"standard","meta":{"footnotes":""},"categories":[2821],"tags":[13709,1111,11,2572,829,57619,4858,1777,674,1011,27,2861,848,12,27443,1095,584,25,11386,23792],"class_list":{"0":"post-592980","1":"post","2":"type-post","3":"status-publish","4":"format-standard","5":"has-post-thumbnail","7":"category-rennes","8":"tag-13709","9":"tag-actu","10":"tag-actualites","11":"tag-agriculteurs","12":"tag-bretagne","13":"tag-chateaubourg","14":"tag-eau","15":"tag-eu","16":"tag-europe","17":"tag-fr","18":"tag-france","19":"tag-gestion","20":"tag-ille-et-vilaine","21":"tag-news","22":"tag-opposes","23":"tag-projet","24":"tag-rennes","25":"tag-republique-francaise","26":"tag-reunis","27":"tag-revision"},"share_on_mastodon":{"url":"https:\/\/pubeurope.com\/@fr\/115701410962450453","error":""},"_links":{"self":[{"href":"https:\/\/www.europesays.com\/fr\/wp-json\/wp\/v2\/posts\/592980","targetHints":{"allow":["GET"]}}],"collection":[{"href":"https:\/\/www.europesays.com\/fr\/wp-json\/wp\/v2\/posts"}],"about":[{"href":"https:\/\/www.europesays.com\/fr\/wp-json\/wp\/v2\/types\/post"}],"author":[{"embeddable":true,"href":"https:\/\/www.europesays.com\/fr\/wp-json\/wp\/v2\/users\/2"}],"replies":[{"embeddable":true,"href":"https:\/\/www.europesays.com\/fr\/wp-json\/wp\/v2\/comments?post=592980"}],"version-history":[{"count":0,"href":"https:\/\/www.europesays.com\/fr\/wp-json\/wp\/v2\/posts\/592980\/revisions"}],"wp:featuredmedia":[{"embeddable":true,"href":"https:\/\/www.europesays.com\/fr\/wp-json\/wp\/v2\/media\/592981"}],"wp:attachment":[{"href":"https:\/\/www.europesays.com\/fr\/wp-json\/wp\/v2\/media?parent=592980"}],"wp:term":[{"taxonomy":"category","embeddable":true,"href":"https:\/\/www.europesays.com\/fr\/wp-json\/wp\/v2\/categories?post=592980"},{"taxonomy":"post_tag","embeddable":true,"href":"https:\/\/www.europesays.com\/fr\/wp-json\/wp\/v2\/tags?post=592980"}],"curies":[{"name":"wp","href":"https:\/\/api.w.org\/{rel}","templated":true}]}}