{"id":592982,"date":"2025-12-11T14:29:15","date_gmt":"2025-12-11T14:29:15","guid":{"rendered":"https:\/\/www.europesays.com\/fr\/592982\/"},"modified":"2025-12-11T14:29:15","modified_gmt":"2025-12-11T14:29:15","slug":"rennes-brest-jai-vecu-de-grandes-choses-a-brest-dont-je-suis-fier-raconte-mahdi-camara","status":"publish","type":"post","link":"https:\/\/www.europesays.com\/fr\/592982\/","title":{"rendered":"Rennes &#8211; Brest\u00a0: \u00ab\u00a0J\u2019ai v\u00e9cu de grandes choses \u00e0 Brest dont je suis fier\u00a0\u00bb, raconte Mahdi Camara"},"content":{"rendered":"<p>Ligue 1 (16e journ\u00e9e). Stade Rennais &#8211; Stade Brestois, samedi (17 h)Ce match rev\u00eat forc\u00e9ment un caract\u00e8re particulier pour vous\u2026<\/p>\n<p>Oui, c\u2019est s\u00fbr, avec les trois ann\u00e9es que j\u2019ai pass\u00e9es l\u00e0-bas, \u00e7a serait \u00e9tonnant de dire que ce n\u2019est pas particulier. J\u2019ai v\u00e9cu de grandes choses \u00e0 Brest dont je suis fier. Donc c\u2019est s\u00fbr que c\u2019est un match particulier.<\/p>\n<p>Vous avez encore beaucoup d\u2019amis dans le vestiaire finist\u00e9rien, notamment Hugo Magnetti que vous connaissez depuis l\u2019enfance. \u00c7a a beaucoup chambr\u00e9 ces derniers jours ?<\/p>\n<p>Oui, je les ai eus beaucoup cette semaine. Je n\u2019ai pas arr\u00eat\u00e9 de parler avec eux que ce soit Hugo, Kenny (Lal), Del Cast (Romain Del Castillo). J\u2019ai encore beaucoup d\u2019attaches avec ces gars-l\u00e0 donc ouais, on s\u2019est pas mal chambr\u00e9 : je les ai encore eus ce jeudi matin par messages et je sais qu\u2019ils sont pr\u00eats. Je sais qu\u2019on est pr\u00eats nous aussi. On a h\u00e2te de s\u2019affronter.<\/p>\n<p>Magnetti a notamment avanc\u00e9 qu\u2019il esp\u00e9rait que vous seriez moins en forme que ces derniers temps\u2026<\/p>\n<p>En tout cas, j\u2019esp\u00e8re faire un tr\u00e8s bon match pour l\u2019\u00e9quipe. Mais, apr\u00e8s, je sais aussi qu\u2019ils nous connaissent bien\u2026 En tout cas, on va essayer de donner le maximum et je suis s\u00fbr qu\u2019on rapportera les trois points.<\/p>\n<p>A Brest, vous aviez connu une prestation constante. Avez-vous l\u2019impression d\u2019\u00eatre sur la m\u00eame trajectoire avec Rennes ?<\/p>\n<p>Je suis aussi venu pour \u00e7a, pour continuer \u00e0 progresser. Apr\u00e8s, je pense qu\u2019il est encore t\u00f4t pour le dire. On attendra la fin de saison, je pense, pour faire une conclusion de dire si j\u2019ai vraiment pass\u00e9 un step ou pas mais en tout cas, c\u2019est l\u2019objectif.<\/p>\n<p>Votre r\u00f4le est-il si diff\u00e9rent avec Rennes que celui que vous teniez \u00e0 Brest ?<\/p>\n<p>Oui et non. J\u2019ai pass\u00e9 trois ans \u00e0 Brest donc, \u00e0 la fin, mon r\u00f4le n\u2019\u00e9tait pas forc\u00e9ment le m\u00eame qu\u2019ici. C\u2019est compliqu\u00e9 de r\u00e9pondre. Le syst\u00e8me a chang\u00e9 mais le coach me demande \u00e0 peu pr\u00e8s les m\u00eames choses : ramener mon intensit\u00e9, cette envie que j\u2019ai, pouvoir me projeter par mes courses aussi vers l\u2019avant. Ces choses que je faisais d\u00e9j\u00e0\u2026 On a aussi beaucoup plus la procession ici, c\u2019\u00e9tait peut-\u00eatre un jeu plus direct avec Brest.<\/p>\n<p>Apr\u00e8s votre carton rouge \u00e0 Lorient et quelques difficult\u00e9s \u00e0 trouver votre place, avez-vous dout\u00e9 ?<\/p>\n<p>Non, je n\u2019ai pas dout\u00e9 : j\u2019ai juste continu\u00e9 \u00e0 travailler. Je pense que c\u2019est le plus important dans les bonnes comme dans les mauvaises p\u00e9riodes. Il faut toujours continuer \u00e0 travailler, c\u2019est ce que j\u2019ai fait et \u00e7a me sourit en ce moment donc je vais continuer tout simplement.<\/p>\n<p>Quel est votre meilleur souvenir \u00e0 Brest ?<\/p>\n<p>Le 5-4 ici avec le but de Lilian (Brassier), c\u2019\u00e9tait un bon souvenir, oui. On a v\u00e9cu de tr\u00e8s belles choses. Le match de Toulouse o\u00f9 on accroche la Ligue des champions, les premi\u00e8res minutes en Ligue des champions. Mais, c\u2019est vrai que le 5-4 \u00e0 Rennes a \u00e9t\u00e9 le tournant de notre fin de saison \u00e0 cette \u00e9poque-l\u00e0\u2026<\/p>\n<p>Un mot sur l\u2019absence d\u2019Ajorque ?<\/p>\n<p>On sait plut\u00f4t bien l\u2019importance qu\u2019il a pour cette \u00e9quipe. C\u2019est quelqu\u2019un sur lequel cette \u00e9quipe se repose beaucoup. Je suis bien plac\u00e9 pour le savoir\u2026 J\u2019\u00e9tais un peu d\u00e9\u00e7u pour lui quand il a pris le rouge, mais bon, apr\u00e8s, je me suis dit : \u00ab Il n\u2019est pas l\u00e0, tant mieux pour nous \u00bb, parce que c\u2019est vraiment un super joueur.<\/p>\n","protected":false},"excerpt":{"rendered":"Ligue 1 (16e journ\u00e9e). Stade Rennais &#8211; Stade Brestois, samedi (17 h)Ce match rev\u00eat forc\u00e9ment un caract\u00e8re particulier&hellip;\n","protected":false},"author":2,"featured_media":592983,"comment_status":"","ping_status":"","sticky":false,"template":"","format":"standard","meta":{"footnotes":""},"categories":[2821],"tags":[1111,11,3450,829,765,3166,1777,674,63,1011,27,66,12,584,25,60,4449,3087],"class_list":{"0":"post-592982","1":"post","2":"type-post","3":"status-publish","4":"format-standard","5":"has-post-thumbnail","7":"category-rennes","8":"tag-actu","9":"tag-actualites","10":"tag-brest","11":"tag-bretagne","12":"tag-en-continu","13":"tag-en-continu-sports","14":"tag-eu","15":"tag-europe","16":"tag-football","17":"tag-fr","18":"tag-france","19":"tag-ligue-1","20":"tag-news","21":"tag-rennes","22":"tag-republique-francaise","23":"tag-sports","24":"tag-stade-brestois","25":"tag-stade-rennais"},"share_on_mastodon":{"url":"https:\/\/pubeurope.com\/@fr\/115701413647231938","error":""},"_links":{"self":[{"href":"https:\/\/www.europesays.com\/fr\/wp-json\/wp\/v2\/posts\/592982","targetHints":{"allow":["GET"]}}],"collection":[{"href":"https:\/\/www.europesays.com\/fr\/wp-json\/wp\/v2\/posts"}],"about":[{"href":"https:\/\/www.europesays.com\/fr\/wp-json\/wp\/v2\/types\/post"}],"author":[{"embeddable":true,"href":"https:\/\/www.europesays.com\/fr\/wp-json\/wp\/v2\/users\/2"}],"replies":[{"embeddable":true,"href":"https:\/\/www.europesays.com\/fr\/wp-json\/wp\/v2\/comments?post=592982"}],"version-history":[{"count":0,"href":"https:\/\/www.europesays.com\/fr\/wp-json\/wp\/v2\/posts\/592982\/revisions"}],"wp:featuredmedia":[{"embeddable":true,"href":"https:\/\/www.europesays.com\/fr\/wp-json\/wp\/v2\/media\/592983"}],"wp:attachment":[{"href":"https:\/\/www.europesays.com\/fr\/wp-json\/wp\/v2\/media?parent=592982"}],"wp:term":[{"taxonomy":"category","embeddable":true,"href":"https:\/\/www.europesays.com\/fr\/wp-json\/wp\/v2\/categories?post=592982"},{"taxonomy":"post_tag","embeddable":true,"href":"https:\/\/www.europesays.com\/fr\/wp-json\/wp\/v2\/tags?post=592982"}],"curies":[{"name":"wp","href":"https:\/\/api.w.org\/{rel}","templated":true}]}}