{"id":592986,"date":"2025-12-11T14:31:20","date_gmt":"2025-12-11T14:31:20","guid":{"rendered":"https:\/\/www.europesays.com\/fr\/592986\/"},"modified":"2025-12-11T14:31:20","modified_gmt":"2025-12-11T14:31:20","slug":"strasbourg-lorient-sanusi-va-jouer-avec-lequipe-reserve-le-point-sur-linfirmerie-avant-le-deplacement-en-alsace","status":"publish","type":"post","link":"https:\/\/www.europesays.com\/fr\/592986\/","title":{"rendered":"Strasbourg &#8211; Lorient\u00a0: Sanusi va jouer avec l\u2019\u00e9quipe r\u00e9serve, le point sur l&rsquo;infirmerie avant le d\u00e9placement en Alsace"},"content":{"rendered":"<p>Ligue 1 (16e journ\u00e9e). Strasbourg &#8211; FC Lorient, dimanche (17 h 15)<\/p>\n<p>Pas de nouvelle, bonne nouvelle. Le <a href=\"https:\/\/www.letelegramme.fr\/sports\/football\/fc-lorient\/on-se-chambre-un-peu-et-il-parle-un-peu-trop-quand-la-can-simmisce-deja-dans-le-vestiaire-du-fc-lorient-6944422.php\" target=\"_blank\" rel=\"noopener\">FC Lorient<\/a> dispose de presque toutes ses forces \u00e0 trois jours du <a href=\"https:\/\/www.letelegramme.fr\/sports\/football\/fc-lorient\/le-racing-club-de-strasbourg-sera-prive-de-son-capitaine-pour-la-reception-du-fc-lorient-en-ligue-1-6944491.php\" target=\"_blank\" rel=\"noopener\">d\u00e9placement \u00e0 Strasbourg, dimanche<\/a>, dernier match de Ligue 1 de l\u2019ann\u00e9e 2025.<\/p>\n<p>Si <a href=\"https:\/\/www.letelegramme.fr\/sports\/football\/fc-lorient\/un-piston-du-fc-lorient-rechute-pour-plusieurs-semaines-6941075.php\" target=\"_blank\" rel=\"noopener\">Katseris (cuisse)<\/a> et Tour\u00e9 (ischios) sont toujours absents, tous les autres membres de l\u2019effectif \u00e9taient pr\u00e9sents \u00e0 Kerlir, ce jeudi. \u00ab \u00c7a fait une petite quinzaine de jours qu\u2019on a presque tout l\u2019effectif sur le terrain. \u00c7a contribue au fait de hausser le niveau de jeu \u00bb, d\u00e9crit Olivier Pantaloni.<\/p>\n<p>Sanusi avec l&rsquo;\u00e9quipe r\u00e9serve samedi<\/p>\n<p>En reprise, Bandiougou Fadiga, qui a jou\u00e9 60 minutes avec <a href=\"https:\/\/www.letelegramme.fr\/sports\/football\/fc-lorient\/lorient-craque-sur-coups-de-pied-arretes-et-laisse-filer-la-victoire-a-chateaubriant-en-national-2-6942372.php\" target=\"_blank\" rel=\"noopener\">l\u2019\u00e9quipe r\u00e9serve \u00e0 Ch\u00e2teaubriant (2-1)<\/a>, et Trevan Sanusi, ont altern\u00e9 entre des courses et l\u2019entra\u00eenement collectif. Le jeune Anglais \u00ab va jouer une mi-temps avec la r\u00e9serve, samedi (\u00e0 18 h contre Saumur) \u00bb, ses premiers pas sous le maillot du FCL, quand Fadiga \u00ab s\u2019entra\u00eene normalement et peut postuler avec le groupe \u00bb.<\/p>\n<p>Le lat\u00e9ral Isaac Monnier, qui a lui aussi retrouv\u00e9 la comp\u00e9tition le week-end dernier, \u00e9tait donc le seul jeune pr\u00e9sent. \u00ab Il va continuer avec la r\u00e9serve car il a tr\u00e8s peu jou\u00e9 depuis le d\u00e9but de la saison (6 matchs de N2). \u00bb Il a \u00e9t\u00e9 remplac\u00e9 par Lucas Leaudais en fin de s\u00e9ance.<\/p>\n","protected":false},"excerpt":{"rendered":"Ligue 1 (16e journ\u00e9e). Strasbourg &#8211; FC Lorient, dimanche (17 h 15) Pas de nouvelle, bonne nouvelle. Le&hellip;\n","protected":false},"author":2,"featured_media":592987,"comment_status":"","ping_status":"","sticky":false,"template":"","format":"standard","meta":{"footnotes":""},"categories":[2820],"tags":[1111,11,3166,1777,674,3317,1011,27,775,66,1781,12,70595,25,60,640],"class_list":{"0":"post-592986","1":"post","2":"type-post","3":"status-publish","4":"format-standard","5":"has-post-thumbnail","7":"category-strasbourg","8":"tag-actu","9":"tag-actualites","10":"tag-en-continu-sports","11":"tag-eu","12":"tag-europe","13":"tag-fc-lorient","14":"tag-fr","15":"tag-france","16":"tag-grand-est","17":"tag-ligue-1","18":"tag-lorient","19":"tag-news","20":"tag-newsletter-fc-lorient","21":"tag-republique-francaise","22":"tag-sports","23":"tag-strasbourg"},"share_on_mastodon":{"url":"https:\/\/pubeurope.com\/@fr\/115701421520494863","error":""},"_links":{"self":[{"href":"https:\/\/www.europesays.com\/fr\/wp-json\/wp\/v2\/posts\/592986","targetHints":{"allow":["GET"]}}],"collection":[{"href":"https:\/\/www.europesays.com\/fr\/wp-json\/wp\/v2\/posts"}],"about":[{"href":"https:\/\/www.europesays.com\/fr\/wp-json\/wp\/v2\/types\/post"}],"author":[{"embeddable":true,"href":"https:\/\/www.europesays.com\/fr\/wp-json\/wp\/v2\/users\/2"}],"replies":[{"embeddable":true,"href":"https:\/\/www.europesays.com\/fr\/wp-json\/wp\/v2\/comments?post=592986"}],"version-history":[{"count":0,"href":"https:\/\/www.europesays.com\/fr\/wp-json\/wp\/v2\/posts\/592986\/revisions"}],"wp:featuredmedia":[{"embeddable":true,"href":"https:\/\/www.europesays.com\/fr\/wp-json\/wp\/v2\/media\/592987"}],"wp:attachment":[{"href":"https:\/\/www.europesays.com\/fr\/wp-json\/wp\/v2\/media?parent=592986"}],"wp:term":[{"taxonomy":"category","embeddable":true,"href":"https:\/\/www.europesays.com\/fr\/wp-json\/wp\/v2\/categories?post=592986"},{"taxonomy":"post_tag","embeddable":true,"href":"https:\/\/www.europesays.com\/fr\/wp-json\/wp\/v2\/tags?post=592986"}],"curies":[{"name":"wp","href":"https:\/\/api.w.org\/{rel}","templated":true}]}}