{"id":592994,"date":"2025-12-11T14:36:26","date_gmt":"2025-12-11T14:36:26","guid":{"rendered":"https:\/\/www.europesays.com\/fr\/592994\/"},"modified":"2025-12-11T14:36:26","modified_gmt":"2025-12-11T14:36:26","slug":"football-le-cote-dorien-stephane-mangione-au-fc-nantes-en-ligue-1","status":"publish","type":"post","link":"https:\/\/www.europesays.com\/fr\/592994\/","title":{"rendered":"Football. Le C\u00f4te-d&rsquo;Orien St\u00e9phane Mangione au FC Nantes, en Ligue 1"},"content":{"rendered":"<p>A Nantes, les entra\u00eeneurs d\u00e9filent \u00e0 tr\u00e8s grande vitesse. Ce jeudi, le Portugais Luis Castro a \u00e9t\u00e9 remerci\u00e9 six mois apr\u00e8s son arriv\u00e9e sur les bords de l&rsquo;Erdre. Actuellement avant-dernier de Ligue 1 avec 11 points et seulement deux matches gagn\u00e9s, le FC Nantes vit une nouvelle saison d\u00e9licate.<\/p>\n<p>Pour succ\u00e8der \u00e0 l&rsquo;ancien technicien de Dunkerque, les dirigeants ont jet\u00e9 leur d\u00e9volu sur Ahmed Kantari (40 ans), qui \u00e9tait notamment l&rsquo;adjoint d&rsquo;Antoine Kombouar\u00e9 du c\u00f4t\u00e9 de la Joneli\u00e8re lors du dernier exercice. L&rsquo;ancien international marocain a aussi dirig\u00e9 Valenciennes en Ligue 2\u00a0et en National entre d\u00e9cembre 2023 et novembre 2024.\u00a0<\/p>\n<p>Dans le Nord, le natif de Blois <a href=\"https:\/\/www.bienpublic.com\/sport\/2024\/06\/07\/stephane-mangione-a-valenciennes\" target=\"_blank\" rel=\"noopener\">\u00e9tait accompagn\u00e9 du Chenevelier St\u00e9phane Mangione<\/a> &#8211; 46 ans le 25 d\u00e9cembre &#8211; <a href=\"https:\/\/www.bienpublic.com\/sport\/2025\/02\/08\/anciens-du-dfco-frederic-bompard-nomme-a-sochaux-stephane-mangione-adjoint\" target=\"_blank\" rel=\"noopener\">qui \u00e9tait ensuite parti \u00e0 Sochaux<\/a>, club qu&rsquo;il a quitt\u00e9 cet \u00e9t\u00e9. L&rsquo;ancien adjoint d&rsquo;Omar Daf au DFCO (juin 2022-mars 2023) a, ce jeudi, \u00e9t\u00e9 nomm\u00e9 entra\u00eeneur adjoint d&rsquo;Ahmed Kantari \u00e0 Nantes.\u00a0<\/p>\n","protected":false},"excerpt":{"rendered":"A Nantes, les entra\u00eeneurs d\u00e9filent \u00e0 tr\u00e8s grande vitesse. Ce jeudi, le Portugais Luis Castro a \u00e9t\u00e9 remerci\u00e9&hellip;\n","protected":false},"author":2,"featured_media":592995,"comment_status":"","ping_status":"","sticky":false,"template":"","format":"standard","meta":{"footnotes":""},"categories":[2818],"tags":[1111,11,2931,24879,2930,1777,674,107,63,1011,27,766,12,2636,25,517],"class_list":{"0":"post-592994","1":"post","2":"type-post","3":"status-publish","4":"format-standard","5":"has-post-thumbnail","7":"category-nantes","8":"tag-actu","9":"tag-actualites","10":"tag-cote-dor","11":"tag-dfco-dijon-football-cote-dor","12":"tag-dijon","13":"tag-eu","14":"tag-europe","15":"tag-fil-info","16":"tag-football","17":"tag-fr","18":"tag-france","19":"tag-nantes","20":"tag-news","21":"tag-pays-de-la-loire","22":"tag-republique-francaise","23":"tag-sport"},"share_on_mastodon":{"url":"https:\/\/pubeurope.com\/@fr\/115701441074892284","error":""},"_links":{"self":[{"href":"https:\/\/www.europesays.com\/fr\/wp-json\/wp\/v2\/posts\/592994","targetHints":{"allow":["GET"]}}],"collection":[{"href":"https:\/\/www.europesays.com\/fr\/wp-json\/wp\/v2\/posts"}],"about":[{"href":"https:\/\/www.europesays.com\/fr\/wp-json\/wp\/v2\/types\/post"}],"author":[{"embeddable":true,"href":"https:\/\/www.europesays.com\/fr\/wp-json\/wp\/v2\/users\/2"}],"replies":[{"embeddable":true,"href":"https:\/\/www.europesays.com\/fr\/wp-json\/wp\/v2\/comments?post=592994"}],"version-history":[{"count":0,"href":"https:\/\/www.europesays.com\/fr\/wp-json\/wp\/v2\/posts\/592994\/revisions"}],"wp:featuredmedia":[{"embeddable":true,"href":"https:\/\/www.europesays.com\/fr\/wp-json\/wp\/v2\/media\/592995"}],"wp:attachment":[{"href":"https:\/\/www.europesays.com\/fr\/wp-json\/wp\/v2\/media?parent=592994"}],"wp:term":[{"taxonomy":"category","embeddable":true,"href":"https:\/\/www.europesays.com\/fr\/wp-json\/wp\/v2\/categories?post=592994"},{"taxonomy":"post_tag","embeddable":true,"href":"https:\/\/www.europesays.com\/fr\/wp-json\/wp\/v2\/tags?post=592994"}],"curies":[{"name":"wp","href":"https:\/\/api.w.org\/{rel}","templated":true}]}}