{"id":593002,"date":"2025-12-11T14:40:12","date_gmt":"2025-12-11T14:40:12","guid":{"rendered":"https:\/\/www.europesays.com\/fr\/593002\/"},"modified":"2025-12-11T14:40:12","modified_gmt":"2025-12-11T14:40:12","slug":"la-victime-de-85-ans-est-morte","status":"publish","type":"post","link":"https:\/\/www.europesays.com\/fr\/593002\/","title":{"rendered":"la victime de 85 ans est morte"},"content":{"rendered":"<p>                    Par<br \/>\n        <strong><br \/>\n            <a href=\"https:\/\/actu.fr\/auteur\/anaelle-montagne\" title=\"Consulter tous les articles de Anaelle Montagne\" target=\"_blank\" rel=\"noopener\">Anaelle Montagne<\/a><br \/>\n                    <\/strong><\/p>\n<p>        Publi\u00e9 le<\/p>\n<p>            11 d\u00e9c. 2025 \u00e0 15h32        <\/p>\n<p>L\u2019une des deux victimes <a href=\"https:\/\/actu.fr\/occitanie\/toulouse_31555\/deux-femmes-percutees-par-un-bus-de-tisseo-dans-le-centre-ville-de-toulouse-la-circulation-coupee_63552366.html\" target=\"_blank\" rel=\"noopener\">renvers\u00e9es par un bus Tiss\u00e9o \u00e0 Jean-Jaur\u00e8s<\/a>, mardi 9 d\u00e9cembre, a succomb\u00e9 \u00e0 ses blessures. Elle est morte \u00e0 l\u2019h\u00f4pital ce jeudi 11 d\u00e9cembre, selon une information de <a href=\"https:\/\/www.ladepeche.fr\/2025\/12\/11\/on-a-perdu-notre-mere-a-tous-lattafia-est-morte-a-lhopital-apres-voir-ete-heurte-par-un-bus-13104464.php\" target=\"_blank\" rel=\"noopener\">La D\u00e9p\u00eache du Midi<\/a> qu\u2019<a href=\"https:\/\/actu.fr\/toulouse\/\" target=\"_blank\" rel=\"noopener\">Actu Toulouse<\/a> est en mesure de confirmer.\u00a0<\/p>\n<p>    <a href=\"https:\/\/www.google.com\/maps\/embed?pb=!4v1765462138768!6m8!1m7!1s89WN6rzpa6p2yynFz8QcNA!2m2!1d43.60557722530292!2d1.448924419065332!3f17.80841226241739!4f-10.684861256556559!5f0.4000000000000002\" title=\"Ouvrie le lien\" target=\"_blank\" rel=\"noopener\">Cliquez ici pour visualiser le contenu<\/a><\/p>\n<p>Elle avait \u00e9t\u00e9 \u00e9vacu\u00e9e en urgence absolue<\/p>\n<p class=\" wall-content\">L\u2019octog\u00e9naire avait \u00e9t\u00e9 victime de l\u2019accident aux c\u00f4t\u00e9s de sa fille, \u00e2g\u00e9e de 41 ans. La maman avait \u00e9t\u00e9 <strong>gri\u00e8vement bless\u00e9e<\/strong>, \u00e9vacu\u00e9e \u00e0 l\u2019h\u00f4pital en urgence absolue. Elle souffrait d\u2019un grave traumatisme cr\u00e2nien. Sa fille, elle, avait \u00e9t\u00e9 moins s\u00e9v\u00e8rement touch\u00e9e.\u00a0<\/p>\n<p class=\" wall-content\">\u00ab\u00a0Nous avons appris son d\u00e9c\u00e8s en fin de matin\u00e9e ce jeudi\u00a0\u00bb, confie \u00e0 Actu Toulouse une source proche du dossier.<\/p>\n<p>Elles traversaient sur un passage pi\u00e9ton<\/p>\n<p class=\" wall-content\">D\u2019apr\u00e8s Tiss\u00e9o, contact\u00e9 suite \u00e0 l\u2019accident, \u00ab\u00a0le conducteur du bus <strong>ne les a pas vues<\/strong> dans son angle mort\u00a0\u00bb.<\/p>\n<p class=\" wall-content\">Les deux femmes traversaient la route <strong>sur un passage pi\u00e9ton<\/strong> lorsqu\u2019elles ont \u00e9t\u00e9 heurt\u00e9es par le bus. <strong>\u00ab\u00a0Le feu \u00e9tait vert pour le bus\u00a0\u00bb<\/strong>, assure Tiss\u00e9o.\u00a0<\/p>\n<p>Vid\u00e9os : en ce moment sur Actu<\/p>\n<p class=\" wall-content\">L\u2019enqu\u00eate ouverte pour \u00ab\u00a0homicide involontaire\u00a0\u00bb est toujours en cours.\u00a0<\/p>\n<p class=\" wall-content\">Personnalisez votre actualit\u00e9 en ajoutant vos villes et m\u00e9dias en favori avec <a href=\"https:\/\/moncompte.actu.fr\" title=\"D\u00e9couvez Mon Actu\" rel=\"nofollow noopener\" data-trk=\"{&quot;cta&quot;:{&quot;action&quot;:&quot;https:\\\/\\\/moncompte.actu.fr&quot;,&quot;category&quot;:&quot;mon compte&quot;,&quot;from&quot;:&quot;article footer&quot;,&quot;name&quot;:&quot;Mon actu&quot;,&quot;type&quot;:&quot;cta&quot;}}\" target=\"_blank\">Mon Actu<\/a>.<\/p>\n","protected":false},"excerpt":{"rendered":"Par Anaelle Montagne Publi\u00e9 le 11 d\u00e9c. 2025 \u00e0 15h32 L\u2019une des deux victimes renvers\u00e9es par un bus&hellip;\n","protected":false},"author":2,"featured_media":593003,"comment_status":"","ping_status":"","sticky":false,"template":"","format":"standard","meta":{"footnotes":""},"categories":[2816],"tags":[119,1111,11,1777,674,118,1011,27,12,2680,25,5400,2312],"class_list":{"0":"post-593002","1":"post","2":"type-post","3":"status-publish","4":"format-standard","5":"has-post-thumbnail","7":"category-toulouse","8":"tag-accident","9":"tag-actu","10":"tag-actualites","11":"tag-eu","12":"tag-europe","13":"tag-faits-divers","14":"tag-fr","15":"tag-france","16":"tag-news","17":"tag-occitanie","18":"tag-republique-francaise","19":"tag-tisseo","20":"tag-toulouse"},"share_on_mastodon":{"url":"https:\/\/pubeurope.com\/@fr\/115701456964505416","error":""},"_links":{"self":[{"href":"https:\/\/www.europesays.com\/fr\/wp-json\/wp\/v2\/posts\/593002","targetHints":{"allow":["GET"]}}],"collection":[{"href":"https:\/\/www.europesays.com\/fr\/wp-json\/wp\/v2\/posts"}],"about":[{"href":"https:\/\/www.europesays.com\/fr\/wp-json\/wp\/v2\/types\/post"}],"author":[{"embeddable":true,"href":"https:\/\/www.europesays.com\/fr\/wp-json\/wp\/v2\/users\/2"}],"replies":[{"embeddable":true,"href":"https:\/\/www.europesays.com\/fr\/wp-json\/wp\/v2\/comments?post=593002"}],"version-history":[{"count":0,"href":"https:\/\/www.europesays.com\/fr\/wp-json\/wp\/v2\/posts\/593002\/revisions"}],"wp:featuredmedia":[{"embeddable":true,"href":"https:\/\/www.europesays.com\/fr\/wp-json\/wp\/v2\/media\/593003"}],"wp:attachment":[{"href":"https:\/\/www.europesays.com\/fr\/wp-json\/wp\/v2\/media?parent=593002"}],"wp:term":[{"taxonomy":"category","embeddable":true,"href":"https:\/\/www.europesays.com\/fr\/wp-json\/wp\/v2\/categories?post=593002"},{"taxonomy":"post_tag","embeddable":true,"href":"https:\/\/www.europesays.com\/fr\/wp-json\/wp\/v2\/tags?post=593002"}],"curies":[{"name":"wp","href":"https:\/\/api.w.org\/{rel}","templated":true}]}}