{"id":593004,"date":"2025-12-11T14:41:17","date_gmt":"2025-12-11T14:41:17","guid":{"rendered":"https:\/\/www.europesays.com\/fr\/593004\/"},"modified":"2025-12-11T14:41:17","modified_gmt":"2025-12-11T14:41:17","slug":"le-mechant-blues-des-libraires-du-furet-du-nord","status":"publish","type":"post","link":"https:\/\/www.europesays.com\/fr\/593004\/","title":{"rendered":"le m\u00e9chant blues des libraires du Furet du Nord"},"content":{"rendered":"<p>L\u2019enseigne fait partie du paysage et de la vie des nordistes depuis un si\u00e8cle. Le Furet du Nord, institution locale connue pour sa principale librairie install\u00e9e sur la Grand\u2019place de Lille, et vaisseau amiral du groupe Nosoli, traverse depuis quelques ann\u00e9es une crise interne profonde. \u00ab\u202fOn nous disait \u00e0 demi\u2010mot que le Furet pouvait mettre la clef sous la porte. Et que son avenir d\u00e9pendait de nous pour nous mettre la pression\u202f\u00bb, raconte Alix, libraire en poste au Furet du Nord depuis une dizaine d\u2019ann\u00e9es, en \u00e9voquant \u00ab\u202fdes relev\u00e9s de situation concernant l\u2019entreprise\u202f\u00bb r\u00e9guli\u00e8rement pr\u00e9sent\u00e9s aux personnels.<\/p>\n<p>D\u2019apr\u00e8s les <a href=\"https:\/\/entreprises.lefigaro.fr\/sa-le-furet-du-nord-59\/entreprise-459500864\" target=\"_blank\" rel=\"noopener\">comptes sociaux<\/a> consult\u00e9s par Mediacit\u00e9s, l\u2019entreprise voit son chiffre d\u2019affaires stagner depuis plusieurs ann\u00e9es mais son r\u00e9sultat net reste \u2013 m\u00eame faiblement \u2013 dans le vert (\u00e0 l\u2019exception de l\u2019exercice 2021, plomb\u00e9 par le Covid). \u00ab\u202fOn nous essore alors que l\u2019entreprise est b\u00e9n\u00e9ficiaire, c\u2019est abjecte, poursuit Alix. Ces derni\u00e8res ann\u00e9es, les libraires du Furet du Nord ont vu leur m\u00e9tier \u00e9voluer et leurs conditions de travail se d\u00e9grader.\u202f\u00bb<\/p>\n<p>window.addEventListener(\u00ab\u202fmessage\u202f\u00bb,function(a){if(void 0!==a.data[\u00ab\u202fdatawrapper\u2010height\u202f\u00bb]){var e=document.querySelectorAll(\u00ab\u202fiframe\u202f\u00bb);for(var t in a.data[\u00ab\u202fdatawrapper\u2010height\u202f\u00bb])for(var r,i=0;r=e[i];i++)if(r.contentWindow===a.source){var d=a.data[\u00ab\u202fdatawrapper\u2010height\u202f\u00bb][t]+\u00ab\u202fpx\u202f\u00bb;r.style.height=d}}});<\/p>\n<p>En octobre 2022, pour la premi\u00e8re fois dans son histoire, des dizaines d\u2019entre eux avaient carr\u00e9ment d\u00e9bray\u00e9 le temps d\u2019une gr\u00e8ve in\u00e9dite et spontan\u00e9e. D\u00e9tail significatif\u00a0: le mouvement a \u00e9t\u00e9 lanc\u00e9 en toute discr\u00e9tion par une poign\u00e9e de libraires, avant d\u2019\u00eatre rejoints par d\u2019autres salari\u00e9s de trois magasins diff\u00e9rents (Lille, Englos, Villeneuve d\u2019Ascq) et les repr\u00e9sentants syndicaux.<br \/>Un PSE pour gagner \u00ab\u202fen agilit\u00e9 et en productivit\u00e9\u202f\u00bb<br \/>La direction s\u2019est retrouv\u00e9e \u00ab\u202fprise au d\u00e9pourvu\u202f\u00bb,<a href=\"https:\/\/www.mediacites.fr\/breve\/lille\/2022\/10\/31\/le-furet-du-nord-en-greve-pour-la-premiere-fois-de-son-histoire\/\" target=\"_blank\" rel=\"noopener\"> selon ses propres mots<\/a>, par cette gr\u00e8ve r\u00e9clamant des revalorisations salariales. \u00ab\u202fSi, \u00e0 titre individuel, tous\u00a0\u2026<\/p>\n<p>Nous vous offrons l\u2019acc\u00e8s \u00e0 cet article<\/p>\n<p>Et \u00e0 toutes nos enqu\u00eates pendant deux jours\u00a0\u00a0! <br \/>Oui, on est g\u00e9n\u00e9reux \ud83d\ude09 Mais pensez aussi \u00e0 <a href=\"https:\/\/www.mediacites.fr\/sabonner\/\" target=\"_blank\" style=\"color:#fff\" rel=\"noopener\">vous abonner<\/a>\u00a0\u00a0!<\/p>\n<p>\t\tEn renseignant votre adresse, vous acceptez nos <a href=\"https:\/\/www.mediacites.fr\/conditions-generales-d-utilisation\/\" target=\"_blank\" rel=\"noopener\">conditions g\u00e9n\u00e9rales d\u2019utilisation<\/a>. <br \/>Mediacit\u00e9s s\u2019engage \u00e0 ne pas c\u00e9der votre adresse \u00e0 des tiers. En cas d\u2019\u00e9chec, \u00e9crivez \u00e0 <a href=\"https:\/\/www.mediacites.fr\/enquete\/lille\/2025\/12\/11\/essores-fliques-en-souffrance-le-mechant-blues-des-libraires-du-furet-du-nord\/mailto:contact@mediacites.fr\" target=\"_blank\" rel=\"noopener\">contact@mediacites.fr<\/a><\/p>\n<ul>\n<li>J\u2019acc\u00e8de aux 4 \u00e9ditions de Mediacit\u00e9s (Lille, Lyon, Nantes et Toulouse)<\/li>\n<li>Je d\u00e9couvre un m\u00e9dia 100 % ind\u00e9pendant, avec 0 % de publicit\u00e9<\/li>\n<\/ul>\n<p>Envie de lire la\u00a0suite\u202f?<\/p>\n<p>Depuis neuf ans, Mediacit\u00e9s enqu\u00eate en toute ind\u00e9pendance dans votre ville. Gr\u00e2ce \u00e0 ses lecteurs\u202f! Abonnez\u2010vous pour ne rien manquer de nos enqu\u00eates, suivre les \u00e9lections municipales et soutenir un journal local d\u2019investigation.<\/p>\n<ul>\n<li>Acc\u00e8s aux 4 \u00e9ditions de Mediacit\u00e9s (Lille, Lyon, Nantes et Toulouse)<\/li>\n<li>100 % ind\u00e9pendant, avec 0 % de publicit\u00e9<\/li>\n<li>R\u00e9siliation facile \u00e0 tout moment<\/li>\n<\/ul>\n<p>Mediacit\u00e9s offre l\u2019acc\u00e8s \u00e0 cet article aux lecteurs de News2Com<\/p>\n<p>Et \u00e0 toutes nos enqu\u00eates pendant deux jours\u00a0\u00a0! <br \/>Oui, on est g\u00e9n\u00e9reux \ud83d\ude09 Mais pensez aussi \u00e0 <a href=\"https:\/\/www.mediacites.fr\/sabonner\/\" target=\"_blank\" style=\"color:#fff\" rel=\"noopener\">vous abonner<\/a>\u00a0\u00a0!<\/p>\n<p>\t\tEn renseignant votre adresse, vous acceptez nos <a href=\"https:\/\/www.mediacites.fr\/conditions-generales-d-utilisation\/\" target=\"_blank\" rel=\"noopener\">conditions g\u00e9n\u00e9rales d\u2019utilisation<\/a>. <br \/>Mediacit\u00e9s s\u2019engage \u00e0 ne pas c\u00e9der votre adresse \u00e0 des tiers. En cas d\u2019\u00e9chec, \u00e9crivez \u00e0 <a href=\"https:\/\/www.mediacites.fr\/enquete\/lille\/2025\/12\/11\/essores-fliques-en-souffrance-le-mechant-blues-des-libraires-du-furet-du-nord\/mailto:contact@mediacites.fr\" target=\"_blank\" rel=\"noopener\">contact@mediacites.fr<\/a><\/p>\n<ul>\n<li>J\u2019acc\u00e8de aux 4 \u00e9ditions de Mediacit\u00e9s (Lille, Lyon, Nantes et Toulouse)<\/li>\n<li>Je d\u00e9couvre un m\u00e9dia 100 % ind\u00e9pendant, avec 0 % de publicit\u00e9<\/li>\n<\/ul>\n","protected":false},"excerpt":{"rendered":"L\u2019enseigne fait partie du paysage et de la vie des nordistes depuis un si\u00e8cle. Le Furet du Nord,&hellip;\n","protected":false},"author":2,"featured_media":593005,"comment_status":"","ping_status":"","sticky":false,"template":"","format":"standard","meta":{"footnotes":""},"categories":[2815],"tags":[1111,11,9671,1067,1777,674,1011,27,28741,811,70597,14783,1307,12,25],"class_list":{"0":"post-593004","1":"post","2":"type-post","3":"status-publish","4":"format-standard","5":"has-post-thumbnail","7":"category-lille","8":"tag-actu","9":"tag-actualites","10":"tag-conflit-social","11":"tag-enquete","12":"tag-eu","13":"tag-europe","14":"tag-fr","15":"tag-france","16":"tag-harcelement-moral","17":"tag-hauts-de-france","18":"tag-le-furet-du-nord","19":"tag-librairie","20":"tag-lille","21":"tag-news","22":"tag-republique-francaise"},"share_on_mastodon":{"url":"https:\/\/pubeurope.com\/@fr\/115701460790563247","error":""},"_links":{"self":[{"href":"https:\/\/www.europesays.com\/fr\/wp-json\/wp\/v2\/posts\/593004","targetHints":{"allow":["GET"]}}],"collection":[{"href":"https:\/\/www.europesays.com\/fr\/wp-json\/wp\/v2\/posts"}],"about":[{"href":"https:\/\/www.europesays.com\/fr\/wp-json\/wp\/v2\/types\/post"}],"author":[{"embeddable":true,"href":"https:\/\/www.europesays.com\/fr\/wp-json\/wp\/v2\/users\/2"}],"replies":[{"embeddable":true,"href":"https:\/\/www.europesays.com\/fr\/wp-json\/wp\/v2\/comments?post=593004"}],"version-history":[{"count":0,"href":"https:\/\/www.europesays.com\/fr\/wp-json\/wp\/v2\/posts\/593004\/revisions"}],"wp:featuredmedia":[{"embeddable":true,"href":"https:\/\/www.europesays.com\/fr\/wp-json\/wp\/v2\/media\/593005"}],"wp:attachment":[{"href":"https:\/\/www.europesays.com\/fr\/wp-json\/wp\/v2\/media?parent=593004"}],"wp:term":[{"taxonomy":"category","embeddable":true,"href":"https:\/\/www.europesays.com\/fr\/wp-json\/wp\/v2\/categories?post=593004"},{"taxonomy":"post_tag","embeddable":true,"href":"https:\/\/www.europesays.com\/fr\/wp-json\/wp\/v2\/tags?post=593004"}],"curies":[{"name":"wp","href":"https:\/\/api.w.org\/{rel}","templated":true}]}}