{"id":593006,"date":"2025-12-11T14:42:17","date_gmt":"2025-12-11T14:42:17","guid":{"rendered":"https:\/\/www.europesays.com\/fr\/593006\/"},"modified":"2025-12-11T14:42:17","modified_gmt":"2025-12-11T14:42:17","slug":"vers-un-forfait-digamane-a-la-can","status":"publish","type":"post","link":"https:\/\/www.europesays.com\/fr\/593006\/","title":{"rendered":"vers un forfait d\u2019Igamane \u00e0 la CAN ?"},"content":{"rendered":"<p>\n    Sorti pr\u00e9matur\u00e9ment avec Lille face \u00e0 Marseille en Ligue 1, Hamza Igamane est incertain pour la Coupe d\u2019Afrique des nations.<\/p>\n<p class=\"fig-paragraph\">Coup dur pour le Maroc\u00a0? Hamza Igamane a d\u00fb quitter la pelouse \u00e0 la 26e minute lors de<a href=\"http:\/\/www.lefigaro.fr\/sports\/football\/ligue-1\/ligue-1-le-losc-de-mbappe-s-offre-l-om-20251205\" data-fig-type=\"NewsFlash\" data-gtm-custom-categorie=\"navigation\" data-gtm-custom-action=\"crossclick\" data-gtm-custom-label=\"Contextuel\" data-gtm-event=\"customEventSPE\" data-fig-domain=\"LEFIGARO\" target=\"_blank\" rel=\"noopener\">\u00a0la victoire du LOSC face \u00e0 Marseille<\/a>\u00a0ce week-end en Ligue 1. Touch\u00e9 aux adducteurs, le jeune international marocain pourrait manquer la prochaine Coupe d\u2019Afrique des nations, sa participation \u00e9tant d\u00e9sormais incertaine.<\/p>\n<p class=\"fig-paragraph\">Le LOSC avait d\u2019abord donn\u00e9 des nouvelles rassurantes concernant son attaquant, \u00e9voquant \u00ab un l\u00e9ger \u00e9tirement \u00e0 l\u2019adducteur\u00a0\u00bb. Cependant, les derni\u00e8res informations sont moins encourageantes, il est forfait pour le match d\u2019<a href=\"http:\/\/www.lefigaro.fr\/sports\/football\/ligue-europa\/lyon-et-lille-pour-enchainer-nice-pour-arreter-de-creuser-ce-qui-attend-les-clubs-francais-en-ligue-europa-20251211\" data-fig-type=\"NewsFlash\" data-gtm-custom-categorie=\"navigation\" data-gtm-custom-action=\"crossclick\" data-gtm-custom-label=\"Contextuel\" data-gtm-event=\"customEventSPE\" data-fig-domain=\"LEFIGARO\" target=\"_blank\" rel=\"noopener\">Europa League contre les Young Boys<\/a>, et la dur\u00e9e de son indisponibilit\u00e9 reste \u00e0 d\u00e9terminer. \u00abIl a ressenti des douleurs au niveau des adducteurs depuis le match contre Marseille. Je peux juste vous dire que c\u2019est \u00e0 ce niveau-l\u00e0. Une d\u00e9cision sera prise pour la CAN par le s\u00e9lectionneur de l\u2019\u00e9quipe marocaine en totale harmonie avec les deux staffs\u00bb, annonce Bruno G\u00e9n\u00e9sio l\u2019entra\u00eeneur du LOSC. Avant d\u2019ajouter\u00a0: \u00abc\u2019est une perte suppl\u00e9mentaire pour nous. Une absence longue dur\u00e9e\u00a0? Cela d\u00e9pend de ce que l\u2019on appelle longue dur\u00e9e. C\u2019est difficile de donner des d\u00e9lais pr\u00e9cis\u00a0\u00bb.\u00a0<\/p>\n<p>                                            <a class=\"fig-a11y-skip\" href=\"#fig-a11y-skip-main-inarticle\" data-module=\"a11y-skip\" data-context=\"was @visible\"><br \/>\n    Passer la publicit\u00e9<br \/>\n<\/a>            <\/p>\n<p class=\"fig-paragraph\">Meilleur buteur des Dogues avec cinq r\u00e9alisations, il doit subir des \u00abexamens approfondis\u00bb dans les prochains jours afin de d\u00e9terminer pr\u00e9cis\u00e9ment la nature de sa blessure et la dur\u00e9e de son absence. Sa participation \u00e0 la Coupe d\u2019Afrique des nations avec les Lions de l\u2019Atlas demeure incertaine, m\u00eame s\u2019il fait partie de la liste en tant que r\u00e9serviste. Pour rappel, la comp\u00e9tition d\u00e9bute le 21 d\u00e9cembre avec un Maroc\u2013Comores en match d\u2019ouverture.<\/p>\n","protected":false},"excerpt":{"rendered":"Sorti pr\u00e9matur\u00e9ment avec Lille face \u00e0 Marseille en Ligue 1, Hamza Igamane est incertain pour la Coupe d\u2019Afrique&hellip;\n","protected":false},"author":2,"featured_media":593007,"comment_status":"","ping_status":"","sticky":false,"template":"","format":"standard","meta":{"footnotes":""},"categories":[2815],"tags":[1111,11,69595,1777,674,1011,27,811,1307,2267,2223,12,25],"class_list":{"0":"post-593006","1":"post","2":"type-post","3":"status-publish","4":"format-standard","5":"has-post-thumbnail","7":"category-lille","8":"tag-actu","9":"tag-actualites","10":"tag-coupe-dafrique-des-nations","11":"tag-eu","12":"tag-europe","13":"tag-fr","14":"tag-france","15":"tag-hauts-de-france","16":"tag-lille","17":"tag-losc","18":"tag-maroc","19":"tag-news","20":"tag-republique-francaise"},"share_on_mastodon":{"url":"https:\/\/pubeurope.com\/@fr\/115701464705139946","error":""},"_links":{"self":[{"href":"https:\/\/www.europesays.com\/fr\/wp-json\/wp\/v2\/posts\/593006","targetHints":{"allow":["GET"]}}],"collection":[{"href":"https:\/\/www.europesays.com\/fr\/wp-json\/wp\/v2\/posts"}],"about":[{"href":"https:\/\/www.europesays.com\/fr\/wp-json\/wp\/v2\/types\/post"}],"author":[{"embeddable":true,"href":"https:\/\/www.europesays.com\/fr\/wp-json\/wp\/v2\/users\/2"}],"replies":[{"embeddable":true,"href":"https:\/\/www.europesays.com\/fr\/wp-json\/wp\/v2\/comments?post=593006"}],"version-history":[{"count":0,"href":"https:\/\/www.europesays.com\/fr\/wp-json\/wp\/v2\/posts\/593006\/revisions"}],"wp:featuredmedia":[{"embeddable":true,"href":"https:\/\/www.europesays.com\/fr\/wp-json\/wp\/v2\/media\/593007"}],"wp:attachment":[{"href":"https:\/\/www.europesays.com\/fr\/wp-json\/wp\/v2\/media?parent=593006"}],"wp:term":[{"taxonomy":"category","embeddable":true,"href":"https:\/\/www.europesays.com\/fr\/wp-json\/wp\/v2\/categories?post=593006"},{"taxonomy":"post_tag","embeddable":true,"href":"https:\/\/www.europesays.com\/fr\/wp-json\/wp\/v2\/tags?post=593006"}],"curies":[{"name":"wp","href":"https:\/\/api.w.org\/{rel}","templated":true}]}}