{"id":593009,"date":"2025-12-11T14:44:14","date_gmt":"2025-12-11T14:44:14","guid":{"rendered":"https:\/\/www.europesays.com\/fr\/593009\/"},"modified":"2025-12-11T14:44:14","modified_gmt":"2025-12-11T14:44:14","slug":"enquete-ouverte-a-marseille-apres-des-propos-de-linsoumis-sebastien-delogu-liberation","status":"publish","type":"post","link":"https:\/\/www.europesays.com\/fr\/593009\/","title":{"rendered":"enqu\u00eate ouverte \u00e0 Marseille apr\u00e8s des propos de l\u2019insoumis S\u00e9bastien Delogu \u2013 Lib\u00e9ration"},"content":{"rendered":"<p class=\"sc-cPiKLX AiZTS text-element\">Sacr\u00e9 entame de campagne municipale pour S\u00e9bastien Delogu. Le candidat insoumis est dans le viseur de la justice apr\u00e8s des propos prononc\u00e9s samedi, lors de son premier meeting de campagne \u00e0 Marseille. Alors qu\u2019il \u00e9voquait la <a href=\"https:\/\/www.liberation.fr\/societe\/police-justice\/affaire-adama-traore-non-lieu-confirme-pour-les-trois-gendarmes-20240516_R6XZGWALEZEVBDOND7JHKJFGEM\/\" target=\"_blank\" rel=\"noreferrer noopener\" title=\"https:\/\/www.liberation.fr\/societe\/police-justice\/affaire-adama-traore-non-lieu-confirme-pour-les-trois-gendarmes-20240516_R6XZGWALEZEVBDOND7JHKJFGEM\/\">mort d\u2019Adama Traor\u00e9<\/a> en 2016 dans le Val d\u2019Oise, le d\u00e9put\u00e9, accompagn\u00e9 d\u2019Assa Traor\u00e9, s\u0153ur du jeune homme qui porte depuis le flambeau de la lutte contre les violences polici\u00e8res, a d\u00e9clar\u00e9 : \u00ab\u00c7a les fait criser quand on dit que la police tue. Mais la police, elle a tu\u00e9 son fr\u00e8re, donc il ne faut pas l\u2019oublier.\u00bb A deux reprises, <a href=\"https:\/\/www.liberation.fr\/societe\/police-justice\/affaire-adama-traore-non-lieu-confirme-pour-les-trois-gendarmes-20240516_R6XZGWALEZEVBDOND7JHKJFGEM\/\" target=\"_blank\" rel=\"noreferrer noopener\" title=\"https:\/\/www.liberation.fr\/societe\/police-justice\/affaire-adama-traore-non-lieu-confirme-pour-les-trois-gendarmes-20240516_R6XZGWALEZEVBDOND7JHKJFGEM\/\">en premi\u00e8re instance et en appel<\/a>, la justice a rendu un non-lieu pour les gendarmes qui ont interpell\u00e9 Adama Traor\u00e9, consid\u00e9rant que leurs gestes avaient contribu\u00e9 \u00e0 sa mort mais \u00e9taient rest\u00e9s dans le cadre de la loi. La famille a form\u00e9 un pourvoi en cassation.<\/p>\n<p class=\"sc-cPiKLX AiZTS text-element\">Lundi, r\u00e9agissant aux d\u00e9clarations de S\u00e9bastien Delogu, le pr\u00e9fet de r\u00e9gion Jacques Witkowski avait, sur le r\u00e9seau X, \u00abd\u00e9plor[\u00e9] ces propos qui portent une atteinte inadmissible \u00e0 l\u2019engagement r\u00e9publicain ind\u00e9fectible de la police et de la gendarmerie nationales\u00bb. Il a saisi la justice dans le cadre de l\u2019article 40 du code de proc\u00e9dure p\u00e9nale. Une enqu\u00eate a \u00e9t\u00e9 ouverte pour diffamation publique \u00abenvers un corps constitu\u00e9 ou une administration publique\u00bb, a pr\u00e9cis\u00e9 le parquet. <\/p>\n<p class=\"sc-cPiKLX AiZTS text-element\">\u00abLe pr\u00e9fet se permet de commenter le discours politique d\u2019un candidat \u00e0 la mairie de Marseille [\u2026] Personne ne me fera taire pour d\u00e9fendre la m\u00e9moire d\u2019Adama, <a href=\"https:\/\/www.liberation.fr\/dossier\/nael-mort-apres-un-tir-policier-a-nanterre\/\" target=\"_blank\" rel=\"noreferrer noopener\" title=\"https:\/\/www.liberation.fr\/dossier\/nael-mort-apres-un-tir-policier-a-nanterre\/\">Nahel<\/a>, <a href=\"https:\/\/www.liberation.fr\/societe\/police-justice\/mort-de-cedric-chouviat-un-proces-requis-contre-trois-policiers-pour-homicide-involontaire-20241030_FLBBTDDAPFDYTKPL6U36HSYBVM\/\" target=\"_blank\" rel=\"noreferrer noopener\" title=\"https:\/\/www.liberation.fr\/societe\/police-justice\/mort-de-cedric-chouviat-un-proces-requis-contre-trois-policiers-pour-homicide-involontaire-20241030_FLBBTDDAPFDYTKPL6U36HSYBVM\/\">C\u00e9dric<\/a>, <a href=\"https:\/\/www.liberation.fr\/societe\/police-justice\/mort-de-zineb-redouane-le-crs-auteur-du-tir-de-grenade-lacrymogene-mis-en-examen-pour-homicide-involontaire-20241128_AD522SU2UFHIRNURRE36BKDM5Y\/\" target=\"_blank\" rel=\"noreferrer noopener\" title=\"https:\/\/www.liberation.fr\/societe\/police-justice\/mort-de-zineb-redouane-le-crs-auteur-du-tir-de-grenade-lacrymogene-mis-en-examen-pour-homicide-involontaire-20241128_AD522SU2UFHIRNURRE36BKDM5Y\/\">Zineb<\/a> et tous les autres\u00bb, avait r\u00e9pliqu\u00e9 le candidat sur le m\u00eame r\u00e9seau social, listant les pr\u00e9noms de personnes mortes des suites de leur rencontre ou leur confrontation avec la police.<\/p>\n<p class=\"sc-cPiKLX AiZTS text-element\">Le d\u00e9put\u00e9 LFI <a href=\"https:\/\/www.liberation.fr\/politique\/elections\/ne-pas-laisser-marseille-aux-magouilleurs-le-lfi-sebastien-delogu-officialise-sa-candidature-aux-municipales-20251116_4NHBFSEC2VHYNOY3YTRN3GFIQ4\/?redirected=1\" target=\"_blank\" rel=\"noreferrer noopener\" title=\"https:\/\/www.liberation.fr\/politique\/elections\/ne-pas-laisser-marseille-aux-magouilleurs-le-lfi-sebastien-delogu-officialise-sa-candidature-aux-municipales-20251116_4NHBFSEC2VHYNOY3YTRN3GFIQ4\/?redirected=1\">s\u2019est lanc\u00e9 mi-novembre<\/a> \u00e0 l\u2019assaut de la mairie de Marseille, avec la promesse de \u00abramener le peuple au pouvoir\u00bb dans la deuxi\u00e8me ville de France, o\u00f9 la gauche part divis\u00e9e face \u00e0 une droite unie et une extr\u00eame droite qui affiche ses ambitions.<\/p>\n<p class=\"sc-cPiKLX AiZTS text-element\"><a href=\"https:\/\/www.liberation.fr\/politique\/linsoumis-sebastien-delogu-vise-par-une-main-courante-pour-menaces-deposee-par-un-medecin-marseillais-20250819_534G74Y7XRF3JFSX4KZGMDKGZM\/\" target=\"_blank\" rel=\"noreferrer noopener\" title=\"https:\/\/www.liberation.fr\/politique\/linsoumis-sebastien-delogu-vise-par-une-main-courante-pour-menaces-deposee-par-un-medecin-marseillais-20250819_534G74Y7XRF3JFSX4KZGMDKGZM\/\">Coutumier des coups d\u2019\u00e9clat<\/a> qui lui valent soutiens mais aussi nombreuses critiques, l\u2019\u00e9lu s\u2019est notamment illustr\u00e9 en brandissant un drapeau palestinien \u00e0 l\u2019Assembl\u00e9e nationale ou en donnant son appui muscl\u00e9 \u00e0 un blocus lyc\u00e9en en 2023. Cette action lui a valu une condamnation \u00e0 5 000 euros d\u2019amende pour violences envers deux cadres de l\u2019Education nationale, des faits qu\u2019il conteste mais pour lesquels il n\u2019a pas fait appel.<\/p>\n<p class=\"sc-cPiKLX AiZTS text-element\">Il a par ailleurs \u00e9t\u00e9 entendu au printemps dans le cadre d\u2019une enqu\u00eate pr\u00e9liminaire sur des documents priv\u00e9s vol\u00e9s \u00e0 un chef d\u2019entreprise, par ailleurs ancien responsable local du Crif, dans le contexte d\u2019un conflit social. Des documents que le d\u00e9put\u00e9 a ensuite diffus\u00e9s sur ses r\u00e9seaux sociaux. Les investigations se poursuivent.<\/p>\n","protected":false},"excerpt":{"rendered":"Sacr\u00e9 entame de campagne municipale pour S\u00e9bastien Delogu. Le candidat insoumis est dans le viseur de la justice&hellip;\n","protected":false},"author":2,"featured_media":593010,"comment_status":"","ping_status":"","sticky":false,"template":"","format":"standard","meta":{"footnotes":""},"categories":[2814],"tags":[1111,11,1777,674,1011,27,884,5945,12,882,25],"class_list":{"0":"post-593009","1":"post","2":"type-post","3":"status-publish","4":"format-standard","5":"has-post-thumbnail","7":"category-marseille","8":"tag-actu","9":"tag-actualites","10":"tag-eu","11":"tag-europe","12":"tag-fr","13":"tag-france","14":"tag-marseille","15":"tag-municipales-elections","16":"tag-news","17":"tag-provence-alpes-cote-dazur","18":"tag-republique-francaise"},"share_on_mastodon":{"url":"https:\/\/pubeurope.com\/@fr\/115701472625166646","error":""},"_links":{"self":[{"href":"https:\/\/www.europesays.com\/fr\/wp-json\/wp\/v2\/posts\/593009","targetHints":{"allow":["GET"]}}],"collection":[{"href":"https:\/\/www.europesays.com\/fr\/wp-json\/wp\/v2\/posts"}],"about":[{"href":"https:\/\/www.europesays.com\/fr\/wp-json\/wp\/v2\/types\/post"}],"author":[{"embeddable":true,"href":"https:\/\/www.europesays.com\/fr\/wp-json\/wp\/v2\/users\/2"}],"replies":[{"embeddable":true,"href":"https:\/\/www.europesays.com\/fr\/wp-json\/wp\/v2\/comments?post=593009"}],"version-history":[{"count":0,"href":"https:\/\/www.europesays.com\/fr\/wp-json\/wp\/v2\/posts\/593009\/revisions"}],"wp:featuredmedia":[{"embeddable":true,"href":"https:\/\/www.europesays.com\/fr\/wp-json\/wp\/v2\/media\/593010"}],"wp:attachment":[{"href":"https:\/\/www.europesays.com\/fr\/wp-json\/wp\/v2\/media?parent=593009"}],"wp:term":[{"taxonomy":"category","embeddable":true,"href":"https:\/\/www.europesays.com\/fr\/wp-json\/wp\/v2\/categories?post=593009"},{"taxonomy":"post_tag","embeddable":true,"href":"https:\/\/www.europesays.com\/fr\/wp-json\/wp\/v2\/tags?post=593009"}],"curies":[{"name":"wp","href":"https:\/\/api.w.org\/{rel}","templated":true}]}}