{"id":593011,"date":"2025-12-11T14:45:18","date_gmt":"2025-12-11T14:45:18","guid":{"rendered":"https:\/\/www.europesays.com\/fr\/593011\/"},"modified":"2025-12-11T14:45:18","modified_gmt":"2025-12-11T14:45:18","slug":"denrees-perimees-et-hygiene-deplorable-au-menu","status":"publish","type":"post","link":"https:\/\/www.europesays.com\/fr\/593011\/","title":{"rendered":"denr\u00e9es p\u00e9rim\u00e9es et hygi\u00e8ne d\u00e9plorable au menu"},"content":{"rendered":"<p itemprop=\"description\"><strong>Les contr\u00f4les de la DDPP n&rsquo;\u00e9pargnent personne.<\/strong><\/p>\n<p>Ce jeudi, la pr\u00e9fecture du Rh\u00f4ne annonce la fermeture administrative du Woko de la galerie marchande de Saint-Genis 2, \u00e0 Saint-Genis-Laval.<\/p>\n<p>Le restaurant asiatique n&rsquo;a pas convaincu les agents ayant r\u00e9alis\u00e9 sur place un contr\u00f4le d&rsquo;hygi\u00e8ne ce mardi. Ces derniers ont relev\u00e9 \u00ab\u00a0des manquements graves aux r\u00e8gles d&rsquo;hygi\u00e8ne\u00a0\u00bb.<\/p>\n<p>Et la liste fait froid dans le dos : pr\u00e9sence de blattes vivantes et mortes dans les locaux de production et de stockage, d\u00e9faut de maintenance et de nettoyage des locaux, mauvaises conditions de stockage et conservation des mati\u00e8res premi\u00e8res et des denr\u00e9es travaill\u00e9es, d\u00e9tention de denr\u00e9es p\u00e9rim\u00e9es, absence de formation aux bonnes pratiques d&rsquo;hygi\u00e8ne du personnel\u2026<\/p>\n<p>Situation d&rsquo;autant plus alarmante qu&rsquo;une premi\u00e8re mise en demeure avait \u00e9t\u00e9 faite le 13 novembre dernier, et que la DDPP estime que \u00ab\u00a0la situation sanitaire s&rsquo;est d\u00e9grad\u00e9e\u00a0\u00bb depuis. Une cinquantaine de mesures correctives ont \u00e9t\u00e9 adress\u00e9es au g\u00e9rant du Woko de Saint-Genis 2, qui ne pourra pas rouvrir ses portes tant qu&rsquo;elles n&rsquo;auront pas \u00e9t\u00e9 mises en place et constat\u00e9es par un agent lors d&rsquo;une nouvelle inspection sollicit\u00e9e.<\/p>\n","protected":false},"excerpt":{"rendered":"Les contr\u00f4les de la DDPP n&rsquo;\u00e9pargnent personne. Ce jeudi, la pr\u00e9fecture du Rh\u00f4ne annonce la fermeture administrative du&hellip;\n","protected":false},"author":2,"featured_media":593012,"comment_status":"","ping_status":"","sticky":false,"template":"","format":"standard","meta":{"footnotes":""},"categories":[1889],"tags":[1111,11,2813,2190,2430,1109,251,1112,2811,1777,674,118,1011,27,1922,1110,1114,2428,2810,12,241,316,25,2812,517,800],"class_list":{"0":"post-593011","1":"post","2":"type-post","3":"status-publish","4":"format-standard","5":"has-post-thumbnail","7":"category-lyon","8":"tag-actu","9":"tag-actualites","10":"tag-article","11":"tag-asvel","12":"tag-auvergne-rhone-alpes","13":"tag-breves","14":"tag-culture","15":"tag-depeches","16":"tag-economique","17":"tag-eu","18":"tag-europe","19":"tag-faits-divers","20":"tag-fr","21":"tag-france","22":"tag-info","23":"tag-informations","24":"tag-infos","25":"tag-lyon","26":"tag-lyonmag","27":"tag-news","28":"tag-ol","29":"tag-politique","30":"tag-republique-francaise","31":"tag-sociale","32":"tag-sport","33":"tag-transports"},"share_on_mastodon":{"url":"https:\/\/pubeurope.com\/@fr\/115701476574629900","error":""},"_links":{"self":[{"href":"https:\/\/www.europesays.com\/fr\/wp-json\/wp\/v2\/posts\/593011","targetHints":{"allow":["GET"]}}],"collection":[{"href":"https:\/\/www.europesays.com\/fr\/wp-json\/wp\/v2\/posts"}],"about":[{"href":"https:\/\/www.europesays.com\/fr\/wp-json\/wp\/v2\/types\/post"}],"author":[{"embeddable":true,"href":"https:\/\/www.europesays.com\/fr\/wp-json\/wp\/v2\/users\/2"}],"replies":[{"embeddable":true,"href":"https:\/\/www.europesays.com\/fr\/wp-json\/wp\/v2\/comments?post=593011"}],"version-history":[{"count":0,"href":"https:\/\/www.europesays.com\/fr\/wp-json\/wp\/v2\/posts\/593011\/revisions"}],"wp:featuredmedia":[{"embeddable":true,"href":"https:\/\/www.europesays.com\/fr\/wp-json\/wp\/v2\/media\/593012"}],"wp:attachment":[{"href":"https:\/\/www.europesays.com\/fr\/wp-json\/wp\/v2\/media?parent=593011"}],"wp:term":[{"taxonomy":"category","embeddable":true,"href":"https:\/\/www.europesays.com\/fr\/wp-json\/wp\/v2\/categories?post=593011"},{"taxonomy":"post_tag","embeddable":true,"href":"https:\/\/www.europesays.com\/fr\/wp-json\/wp\/v2\/tags?post=593011"}],"curies":[{"name":"wp","href":"https:\/\/api.w.org\/{rel}","templated":true}]}}