{"id":593013,"date":"2025-12-11T14:46:16","date_gmt":"2025-12-11T14:46:16","guid":{"rendered":"https:\/\/www.europesays.com\/fr\/593013\/"},"modified":"2025-12-11T14:46:16","modified_gmt":"2025-12-11T14:46:16","slug":"gregory-doucet-devoile-son-programme-pour-faire-de-lyon-une-ville-facile-a-vivre","status":"publish","type":"post","link":"https:\/\/www.europesays.com\/fr\/593013\/","title":{"rendered":"Gr\u00e9gory Doucet d\u00e9voile son programme pour \u00abfaire de Lyon une ville facile \u00e0 vivre\u00bb"},"content":{"rendered":"<p>\n    Encadrement des loyers, assurance habitation municipale, garderie tous les mercredis&#8230; Le maire \u00e9cologiste de Lyon a pr\u00e9sent\u00e9 ses premi\u00e8res mesures programmatiques pour les municipales de mars. Des propositions jug\u00e9es comme \u00abdes pansements sur les fractures qu\u2019il a lui-m\u00eame cr\u00e9\u00e9es\u00bb par le camp Aulas.<\/p>\n<p class=\"fig-paragraph\">\u00c0 trois mois du 1er tour des municipales,\u00a0<a href=\"http:\/\/www.lefigaro.fr\/lyon\/apres-son-malaise-le-maire-de-lyon-gregory-doucet-est-sorti-de-l-hopital-20251204\" data-fig-type=\"NewsFlash\" data-gtm-custom-categorie=\"navigation\" data-gtm-custom-action=\"crossclick\" data-gtm-custom-label=\"Contextuel\" data-gtm-event=\"customEventSPE\" data-fig-domain=\"LEFIGARO\" target=\"_blank\" rel=\"noopener\">le maire \u00e9cologiste de Lyon Gr\u00e9gory Doucet<\/a>\u00a0vient de d\u00e9voiler ses premi\u00e8res mesures. Apr\u00e8s avoir \u00e9t\u00e9 port\u00e9 en 2020\u00a0<a href=\"http:\/\/www.lefigaro.fr\/politique\/municipales-a-lyon-l-ecologiste-gregory-doucet-largement-elu-20200628\" data-fig-type=\"NewsFlash\" data-gtm-custom-categorie=\"navigation\" data-gtm-custom-action=\"crossclick\" data-gtm-custom-label=\"Contextuel\" data-gtm-event=\"customEventSPE\" data-fig-domain=\"LEFIGARO\" target=\"_blank\" rel=\"noopener\">par la vague \u00abdes marches pour le climat\u00bb<\/a> \u00a0en promettant que \u00abLyon ne soit plus un poids pour la plan\u00e8te\u00bb, l\u2019\u00e9lu EELV souhaite d\u00e9sormais \u00abfaciliter les aspects les plus essentiels de la vie quotidienne\u00bb des Lyonnais, a-t-il d\u00e9clar\u00e9 dans un communiqu\u00e9 et dans une interview \u00e0 La\u00a0<a href=\"https:\/\/tribunedelyon.fr\/politique\/gregory-doucet-vivre-lyon-municipales\/\" target=\"_blank\" rel=\"sponsored noopener\" data-gtm-custom-categorie=\"navigation\" data-gtm-custom-action=\"crossclick\" data-gtm-custom-label=\"Contextuel\" data-gtm-event=\"customEventSPE\">Tribune de Lyon<\/a> . Distanc\u00e9 selon les premiers\u00a0<a href=\"https:\/\/video.lefigaro.fr\/figaro\/lyon\/jean-michel-aulas-de-nouveau-largement-en-tete-dans-un-dernier-sondage-pour-les-municipales-a-lyon-20251030\" data-fig-type=\"Video\" data-gtm-custom-categorie=\"navigation\" data-gtm-custom-action=\"crossclick\" data-gtm-custom-label=\"Contextuel\" data-gtm-event=\"customEventSPE\" data-fig-domain=\"LEFIGARO\" target=\"_blank\" rel=\"noopener\">sondages par Jean-Michel Aulas<\/a>, le maire de Lyon souhaite, apr\u00e8s un mandat marqu\u00e9 par les travaux et quelques pol\u00e9miques qui ont fait plonger sa popularit\u00e9, \u00abouvrir une nouvelle \u00e9tape porteuse de solutions, d\u2019espoir et d\u2019enthousiasme\u00bb.<\/p>\n<p class=\"fig-paragraph\">Parmi ses premi\u00e8res propositions, Gr\u00e9gory Doucet souhaite \u00aballer plus loin\u00bb sur\u00a0<a href=\"http:\/\/www.lefigaro.fr\/lyon\/l-encadrement-des-loyers-a-lyon-et-villeurbanne-annule-par-la-justice-20251015\" data-fig-type=\"NewsFlash\" data-gtm-custom-categorie=\"navigation\" data-gtm-custom-action=\"crossclick\" data-gtm-custom-label=\"Contextuel\" data-gtm-event=\"customEventSPE\" data-fig-domain=\"LEFIGARO\" target=\"_blank\" rel=\"noopener\">l\u2019encadrement des loyers<\/a>\u00a0en cr\u00e9ant une \u00abgarantie universelle municipale des loyers\u00bb et \u00abune assurance habitation municipale\u00bb. Sur la s\u00e9curit\u00e9,\u00a0<a href=\"http:\/\/www.lefigaro.fr\/lyon\/nombre-reel-de-policiers-a-lyon-nouvelle-passe-d-armes-entre-les-ecologistes-et-la-prefecture-sur-la-securite-20230929\" data-fig-type=\"Article\" data-gtm-custom-categorie=\"navigation\" data-gtm-custom-action=\"crossclick\" data-gtm-custom-label=\"Contextuel\" data-gtm-event=\"customEventSPE\" data-fig-domain=\"LEFIGARO\" target=\"_blank\" rel=\"noopener\">l\u2019un des points sur lequel sa majorit\u00e9 a le plus \u00e9t\u00e9 critiqu\u00e9e<\/a>\u00a0lors de ce premier mandat, le maire \u00e9cologiste souhaite cr\u00e9er \u00abdes postes de police municipale mobiles\u00bb et \u00abrenforcer les brigades \u00e0 pied\u00bb. Concernant le transport et le stationnement, l\u2019\u00e9lu EELV, qui a\u00a0<a href=\"http:\/\/www.lefigaro.fr\/lyon\/lyon-en-aout-le-stationnement-gratuit-c-est-fini-20250731\" data-fig-type=\"NewsFlash\" data-gtm-custom-categorie=\"navigation\" data-gtm-custom-action=\"crossclick\" data-gtm-custom-label=\"Contextuel\" data-gtm-event=\"customEventSPE\" data-fig-domain=\"LEFIGARO\" target=\"_blank\" rel=\"noopener\">\u00e9tendu et augment\u00e9 le prix du stationnement partout en ville,<\/a>\u00a0propose la cr\u00e9ation de dix tickets de stationnement annuels offerts aux Lyonnais pour accueillir leurs proches.<\/p>\n<p>                                            <a class=\"fig-a11y-skip\" href=\"#fig-a11y-skip-main-inarticle\" data-module=\"a11y-skip\" data-context=\"was @visible\"><br \/>\n    Passer la publicit\u00e9<br \/>\n<\/a>            <\/p>\n<p class=\"fig-paragraph\">Il propose enfin l\u2019ouverture de 10 maisons de sant\u00e9, la cr\u00e9ation d\u2019une mutuelle municipale et une journ\u00e9e enti\u00e8re d\u2019accueil le mercredi pour les enfants dans les structures municipales \u00abpour soulager les parents\u00bb.<\/p>\n<p class=\"fig-body-link\">\n            \u00c0 lire aussi<br \/>\n        <a class=\"fig-body-link__link\" href=\"http:\/\/www.lefigaro.fr\/lyon\/municipales-2026-a-lyon-jean-michel-aulas-superstar-des-sondages-20251120\" data-fig-type=\"NewsFlash\" data-gtm-custom-categorie=\"navigation\" data-gtm-custom-action=\"crossclick\" data-gtm-custom-label=\"Contextuel\" data-gtm-event=\"customEventSPE\" data-fig-domain=\"LEFIGARO\" target=\"_blank\" rel=\"noopener\"><\/p>\n<p>        Municipales 2026\u00a0: \u00e0 Lyon, Jean-Michel Aulas, superstar des sondages<br \/>\n    <\/a>\n<\/p>\n<blockquote class=\"fig-quote&#10;    \">\n<p class=\"fig-quote__text\">\u00ab Faciliter la vie des Lyonnais quand on l\u2019a rendue impossible est un reniement discret mais explicite\u00a0\u00bb<\/p>\n<p>            C\u0153ur Lyonnais, le mouvement de Jean-Michel Aulas\n    <\/p><\/blockquote>\n<p class=\"fig-paragraph\">Une premi\u00e8re \u00e9bauche de programme d\u00e9j\u00e0 critiqu\u00e9e par le camp Aulas. \u00abApr\u00e8s six ans d\u2019inaction, aucune des propositions annonc\u00e9es n\u2019est cr\u00e9dible\u00bb, a-t-il tacl\u00e9. \u00abDerri\u00e8re cette agitation tardive, on lit surtout la f\u00e9brilit\u00e9 d\u2019un candidat sortant qui d\u00e9couvre aujourd\u2019hui les propri\u00e9t\u00e9s qu\u2019il a ignor\u00e9es pendant six ans (\u2026) comment croire un maire qui n\u2019a jamais engag\u00e9 les mesures qu\u2019il promet soudain maintenant\u00a0?\u00bb a ajout\u00e9 son mouvement C\u0153ur lyonnais qui juge ces mesures \u00abcomme des pansements sur les fractures qu\u2019il a lui-m\u00eame cr\u00e9\u00e9es\u00bb. \u00abFaciliter la vie des Lyonnais quand on l\u2019a rendue impossible est un reniement discret mais explicite\u00bb, a conclu C\u0153ur Lyonnais.<\/p>\n<p class=\"fig-paragraph\">Apr\u00e8s avoir mis du temps \u00e0 lancer leurs campagnes, Gr\u00e9gory Doucet et Bruno Bernard, le pr\u00e9sident de la m\u00e9tropole de Lyon, semblent acc\u00e9l\u00e9rer leur calendrier en cette fin d\u2019ann\u00e9e 2025 en annon\u00e7ant de premi\u00e8res mesures programmatiques. En d\u00e9but de semaine, le pr\u00e9sident du Grand Lyon a propos\u00e9\u00a0<a href=\"http:\/\/www.lefigaro.fr\/lyon\/des-metros-ouverts-toute-la-nuit-le-week-end-a-lyon-la-promesse-de-campagne-du-president-ecologiste-de-la-metropole-20251209\" data-fig-type=\"NewsFlash\" data-gtm-custom-categorie=\"navigation\" data-gtm-custom-action=\"crossclick\" data-gtm-custom-label=\"Contextuel\" data-gtm-event=\"customEventSPE\" data-fig-domain=\"LEFIGARO\" target=\"_blank\" rel=\"noopener\">de faire circuler les m\u00e9tros 24\/24h le week-end<\/a>. \u00abOn sait que les gens vont parler des municipales \u00e0 No\u00ebl, il faut occuper le terrain\u00bb, d\u00e9taille un membre de la campagne EELV. Selon les premiers sondages, Gr\u00e9gory Doucet serait largement devanc\u00e9 par Jean-Michel Aulas d\u00e8s le premier tour.<\/p>\n","protected":false},"excerpt":{"rendered":"Encadrement des loyers, assurance habitation municipale, garderie tous les mercredis&#8230; Le maire \u00e9cologiste de Lyon a pr\u00e9sent\u00e9 ses&hellip;\n","protected":false},"author":2,"featured_media":593014,"comment_status":"","ping_status":"","sticky":false,"template":"","format":"standard","meta":{"footnotes":""},"categories":[1889],"tags":[1111,11,2430,4188,1777,674,1011,27,5226,2428,12,25],"class_list":{"0":"post-593013","1":"post","2":"type-post","3":"status-publish","4":"format-standard","5":"has-post-thumbnail","7":"category-lyon","8":"tag-actu","9":"tag-actualites","10":"tag-auvergne-rhone-alpes","11":"tag-elections-municipales","12":"tag-eu","13":"tag-europe","14":"tag-fr","15":"tag-france","16":"tag-gregory-doucet","17":"tag-lyon","18":"tag-news","19":"tag-republique-francaise"},"share_on_mastodon":{"url":"https:\/\/pubeurope.com\/@fr\/115701480364463551","error":""},"_links":{"self":[{"href":"https:\/\/www.europesays.com\/fr\/wp-json\/wp\/v2\/posts\/593013","targetHints":{"allow":["GET"]}}],"collection":[{"href":"https:\/\/www.europesays.com\/fr\/wp-json\/wp\/v2\/posts"}],"about":[{"href":"https:\/\/www.europesays.com\/fr\/wp-json\/wp\/v2\/types\/post"}],"author":[{"embeddable":true,"href":"https:\/\/www.europesays.com\/fr\/wp-json\/wp\/v2\/users\/2"}],"replies":[{"embeddable":true,"href":"https:\/\/www.europesays.com\/fr\/wp-json\/wp\/v2\/comments?post=593013"}],"version-history":[{"count":0,"href":"https:\/\/www.europesays.com\/fr\/wp-json\/wp\/v2\/posts\/593013\/revisions"}],"wp:featuredmedia":[{"embeddable":true,"href":"https:\/\/www.europesays.com\/fr\/wp-json\/wp\/v2\/media\/593014"}],"wp:attachment":[{"href":"https:\/\/www.europesays.com\/fr\/wp-json\/wp\/v2\/media?parent=593013"}],"wp:term":[{"taxonomy":"category","embeddable":true,"href":"https:\/\/www.europesays.com\/fr\/wp-json\/wp\/v2\/categories?post=593013"},{"taxonomy":"post_tag","embeddable":true,"href":"https:\/\/www.europesays.com\/fr\/wp-json\/wp\/v2\/tags?post=593013"}],"curies":[{"name":"wp","href":"https:\/\/api.w.org\/{rel}","templated":true}]}}