{"id":593015,"date":"2025-12-11T14:48:14","date_gmt":"2025-12-11T14:48:14","guid":{"rendered":"https:\/\/www.europesays.com\/fr\/593015\/"},"modified":"2025-12-11T14:48:14","modified_gmt":"2025-12-11T14:48:14","slug":"ce-petit-village-dile-de-france-devoile-les-plus-belles-illuminations-de-noel","status":"publish","type":"post","link":"https:\/\/www.europesays.com\/fr\/593015\/","title":{"rendered":"Ce petit village d&rsquo;\u00cele-de-France d\u00e9voile les plus belles illuminations de No\u00ebl"},"content":{"rendered":"<p>Le mois de d\u00e9cembre signe le d\u00e9but des c\u00e9l\u00e9brations de fin d&rsquo;ann\u00e9e. Outre les repas de No\u00ebl, on profite des sublimes d\u00e9corations qui illuminent les plus belles villes de France. Juste \u00e0 c\u00f4t\u00e9 de Paris, en plein c\u0153ur de l&rsquo;\u00cele-de-France, un magnifique village d\u00e9voile une ambiance magique. Entre <strong>march\u00e9 de No\u00ebl<\/strong> et nombreuses animations, le village d&rsquo;Auvers-sur-Oise est l&rsquo;une des meilleures destinations \u00e0 voir durant les f\u00eates.\u00a0<\/p>\n<p>Auvers-sur-Oise, le village \u00e0 voir pendant les f\u00eates de No\u00ebl\u00a0<\/p>\n<p>Dans le\u00a0d\u00e9partement\u00a0du\u00a0Val-d&rsquo;Oise, sur la rive droite de la rivi\u00e8re \u00e9ponyme, se cache l&rsquo;un des <strong>plus beaux villages d&rsquo;\u00cele-de-France<\/strong>. R\u00e9put\u00e9e dans le monde entier, cette jolie commune doit sa renomm\u00e9e internationale pour avoir accueillis les peintres paysagistes et impressionnistes les plus c\u00e9l\u00e8bres.\u00a0Charles-Fran\u00e7ois Daubigny,\u00a0Paul C\u00e9zanne,\u00a0Camille Corot,\u00a0Camille Pissarro\u00a0et\u00a0Vincent van Gogh notamment sont venus \u00e0\u00a0Auvers-sur-Oise pour puiser leur inspiration. V\u00e9ritable joyau de la r\u00e9gion, le village d\u00e9voile de sublimes paysages et panoramas.\u00a0<\/p>\n<p>Lire aussi<\/p>\n<p>\t\t\t<a class=\"ContextualLinks-link\" href=\"https:\/\/www.cosmopolitan.fr\/marches-de-noel-de-france,2054232.asp\" target=\"_blank\" rel=\"noopener\">Les plus beaux march\u00e9s de No\u00ebl en France<\/a>\t<\/p>\n<p>C&rsquo;est encore plus le cas \u00e0 la p\u00e9riode des f\u00eates, puisque la destination offre une v\u00e9ritable plong\u00e9e dans la <strong>f\u00e9\u00e9rie de No\u00ebl<\/strong>. Du 13 au 14 d\u00e9cembre 2025, le parvis de la Mairie d&rsquo;Auvers-sur-Oise r\u00e9v\u00e8le son splendide <a href=\"https:\/\/www.cosmopolitan.fr\/incontournable-ce-marche-de-noel-troglodyte-ouvre-pour-un-week-end-seulement-dans-des-galeries-de-10-millions-d-annees,2149474.asp\" title=\"Incontournable, ce march\u00e9 de No\u00ebl troglodyte ouvre pour un week-end seulement, dans des galeries de 10 millions d\u2019ann\u00e9es\" class=\"internal\" target=\"_blank\" rel=\"noopener\">march\u00e9 de No\u00ebl<\/a>. Pour l&rsquo;occasion, on pourra retrouver des chalets en bois d&rsquo;artisans et de producteurs locaux, mais aussi des\u00a0exposants et des cr\u00e9ateurs ainsi que de magnifiques d\u00e9corations. Il sera possible de profiter d&rsquo;une\u00a0<strong>parade de No\u00ebl<\/strong>\u00a0ou encore un parcours aventure land.\u00a0<\/p>\n<p>Que faire \u00e0 c\u00f4t\u00e9 du village d&rsquo;Auvers-sur-Oise pendant No\u00ebl ?\u00a0<\/p>\n<p>Id\u00e9alement plac\u00e9 \u00e0 seulement quelques minutes du centre de la capitale, le <strong>village d&rsquo;Auvers-sur-Oise<\/strong> offre de nombreuses possibilit\u00e9s. Durant la p\u00e9riode des f\u00eates, il est possible de profiter de l&rsquo;effervescence des rues parisiennes et des illuminations les plus incroyables mais aussi de l&rsquo;ambiance plus chaleureuse des petites communes des alentours, comme H\u00e9rouville-en-Vexin, Nesles-la-Vall\u00e9e, Valmondois Butry-sur-Oise,\u00a0M\u00e9riel, M\u00e9ry-sur-Oise,\u00a0Ennery, Pontoine, etc.\u00a0<\/p>\n<p>Lire aussi<\/p>\n<ul class=\"ContextualLinks-items\">&#13;<\/p>\n<li class=\"ContextualLinks-item\">&#13;<br \/>\n\t\t\t\t\t\t<a class=\"ContextualLinks-link\" href=\"https:\/\/www.cosmopolitan.fr\/ce-magnifique-marche-de-noel-bien-moins-connu-que-strasbourg-et-colmar-est-pourtant-l-un-des-plus-beaux-de-france,2151097.asp\" target=\"_blank\" rel=\"noopener\">Ce magnifique march\u00e9 de No\u00ebl, bien moins connu que Strasbourg et Colmar, est pourtant l&rsquo;un des plus beaux de France<\/a>&#13;\n\t\t\t\t\t<\/li>\n<li class=\"ContextualLinks-item\">&#13;<br \/>\n\t\t\t\t\t\t<a class=\"ContextualLinks-link\" href=\"https:\/\/www.cosmopolitan.fr\/a-seulement-50-minutes-de-paris-ce-marche-de-noel-au-coeur-d-une-cite-medievale-est-le-rendez-vous-a-ne-pas-manquer-ce-week-end,2150795.asp\" target=\"_blank\" rel=\"noopener\">\u00c0 seulement 50 minutes de Paris, ce march\u00e9 de No\u00ebl au c\u0153ur d&rsquo;une cit\u00e9 m\u00e9di\u00e9vale est le rendez-vous \u00e0 ne pas manquer ce week-end<\/a>&#13;\n\t\t\t\t\t<\/li>\n<\/ul>\n","protected":false},"excerpt":{"rendered":"Le mois de d\u00e9cembre signe le d\u00e9but des c\u00e9l\u00e9brations de fin d&rsquo;ann\u00e9e. Outre les repas de No\u00ebl, on&hellip;\n","protected":false},"author":2,"featured_media":593016,"comment_status":"","ping_status":"","sticky":false,"template":"","format":"standard","meta":{"footnotes":""},"categories":[1592],"tags":[1111,11,1777,674,1011,27,662,12,626,25],"class_list":{"0":"post-593015","1":"post","2":"type-post","3":"status-publish","4":"format-standard","5":"has-post-thumbnail","7":"category-ile-de-france","8":"tag-actu","9":"tag-actualites","10":"tag-eu","11":"tag-europe","12":"tag-fr","13":"tag-france","14":"tag-ile-de-france","15":"tag-news","16":"tag-paris","17":"tag-republique-francaise"},"share_on_mastodon":{"url":"https:\/\/pubeurope.com\/@fr\/115701488465208817","error":""},"_links":{"self":[{"href":"https:\/\/www.europesays.com\/fr\/wp-json\/wp\/v2\/posts\/593015","targetHints":{"allow":["GET"]}}],"collection":[{"href":"https:\/\/www.europesays.com\/fr\/wp-json\/wp\/v2\/posts"}],"about":[{"href":"https:\/\/www.europesays.com\/fr\/wp-json\/wp\/v2\/types\/post"}],"author":[{"embeddable":true,"href":"https:\/\/www.europesays.com\/fr\/wp-json\/wp\/v2\/users\/2"}],"replies":[{"embeddable":true,"href":"https:\/\/www.europesays.com\/fr\/wp-json\/wp\/v2\/comments?post=593015"}],"version-history":[{"count":0,"href":"https:\/\/www.europesays.com\/fr\/wp-json\/wp\/v2\/posts\/593015\/revisions"}],"wp:featuredmedia":[{"embeddable":true,"href":"https:\/\/www.europesays.com\/fr\/wp-json\/wp\/v2\/media\/593016"}],"wp:attachment":[{"href":"https:\/\/www.europesays.com\/fr\/wp-json\/wp\/v2\/media?parent=593015"}],"wp:term":[{"taxonomy":"category","embeddable":true,"href":"https:\/\/www.europesays.com\/fr\/wp-json\/wp\/v2\/categories?post=593015"},{"taxonomy":"post_tag","embeddable":true,"href":"https:\/\/www.europesays.com\/fr\/wp-json\/wp\/v2\/tags?post=593015"}],"curies":[{"name":"wp","href":"https:\/\/api.w.org\/{rel}","templated":true}]}}