{"id":593017,"date":"2025-12-11T14:49:17","date_gmt":"2025-12-11T14:49:17","guid":{"rendered":"https:\/\/www.europesays.com\/fr\/593017\/"},"modified":"2025-12-11T14:49:17","modified_gmt":"2025-12-11T14:49:17","slug":"comment-la-suppression-dun-arret-de-ter-bouscule-le-quotidien-de-ces-enseignants","status":"publish","type":"post","link":"https:\/\/www.europesays.com\/fr\/593017\/","title":{"rendered":"comment la suppression d&rsquo;un arr\u00eat de TER bouscule le quotidien de ces enseignants"},"content":{"rendered":"<p class=\"article__intro\">L&rsquo;arr\u00eat de train de 16h57 \u00e0 Creil (Oise) a \u00e9t\u00e9 supprim\u00e9, poussant de nombreux enseignants \u00e0 lancer une p\u00e9tition pour le r\u00e9tablir. Beaucoup d&rsquo;entre eux pointent du doigt les cons\u00e9quences que la situation aura sur leur vie personnelle.<\/p>\n<p>\n      La Quotidienne Soci\u00e9t\u00e9\n    <\/p>\n<p>\n      De la vie quotidienne aux grands enjeux, recevez tous les jours les sujets qui font la soci\u00e9t\u00e9 locale, comme la justice, l\u2019\u00e9ducation, la sant\u00e9 et la famille.\n    <\/p>\n<p>    France T\u00e9l\u00e9visions utilise votre adresse e-mail afin de vous envoyer la newsletter \u00ab\u00a0La Quotidienne Soci\u00e9t\u00e9\u00a0\u00bb. Vous pouvez vous d\u00e9sinscrire \u00e0 tout moment via le lien en bas de cette newsletter. <a target=\"_blank\" href=\"https:\/\/www.francetelevisions.fr\/groupe\/confidentialite\/politique-de-confidentialite\/politique-de-confidentialite-de-france-televisions-6503\" rel=\"noopener\">Notre politique de confidentialit\u00e9<\/a><\/p>\n<p>\u00c0 partir du lundi 15 d\u00e9cembre 2025, le TER K16 Paris-Calais, qui passe par Longueau et Amiens, ne s&rsquo;arr\u00eatera plus \u00e0 16h57 en gare de Creil. Cette nouvelle fait r\u00e9agir de nombreux usagers, et notamment des enseignants, qui comptent sur ce train pour rentrer \u00e0 Amiens apr\u00e8s une journ\u00e9e de travail.<\/p>\n<p><a href=\"https:\/\/www.change.org\/p\/pour-le-r%C3%A9tablissement-de-l-arr%C3%AAt-creil-sur-la-ligne-paris-nord-calais-ville?recruited_by_id=bc8d4620-d451-11f0-8143-1ba794dd0121&amp;utm_source=share_petition&amp;utm_campaign=psf_promote_or_share&amp;utm_term=psf&amp;utm_medium=facebook&amp;fbclid=IwY2xjawOk48hleHRuA2FlbQIxMABicmlkETFtRW84SVh4anNHZW9uZTZEc3J0YwZhcHBfaWQQMjIyMDM5MTc4ODIwMDg5MgABHmuPoezEhYLiefgihCDb8y9HfrHV3_yO8plzRyfGrncEzciYx_qEvKgKMYLc_aem_VmODcmktnNUXFVyadfLwJg\" target=\"_blank\" rel=\"noopener noreferrer nofollow\" data-tooltip-url=\"https:\/\/www.change.org\/p\/pour-le-r%C3%A9tablissement-de-l-arr%C3%AAt-creil-sur-la-ligne-paris-nord-calais-ville?recruited_by_id=bc8d4620-d451-11f0-8143-1ba794dd0121&amp;utm_source=share_petition&amp;utm_campaign=psf_promote_or_share&amp;utm_term=psf&amp;utm_medium=facebook&amp;fbclid=IwY2xjawOk48hleHRuA2FlbQIxMABicmlkETFtRW84SVh4anNHZW9uZTZEc3J0YwZhcHBfaWQQMjIyMDM5MTc4ODIwMDg5MgABHmuPoezEhYLiefgihCDb8y9HfrHV3_yO8plzRyfGrncEzciYx_qEvKgKMYLc_aem_VmODcmktnNUXFVyadfLwJg\">Une p\u00e9tition qui a recueilli plus de 600 signatures a \u00e9t\u00e9 lanc\u00e9e<\/a> pour pousser la R\u00e9gion, qui g\u00e8re des horaires, \u00e0 r\u00e9trop\u00e9daler. \u00ab\u00a0On a appris la suppression en se connectant, on s&rsquo;est rendu compte qu&rsquo;\u00e0 partir de lundi, il n&rsquo;y avait plus de train, on n&rsquo;a pas du tout \u00e9t\u00e9 pr\u00e9venu\u00a0\u00bb, explique Julie (le pr\u00e9nom a \u00e9t\u00e9 modifi\u00e9), une des quarante professeurs derri\u00e8re la p\u00e9tition. Ma coll\u00e8gue a re\u00e7u un mail indiquant des changements dans certaines lignes, mais il n&rsquo;y avait pas de communication officielle.\u00a0\u00bb<\/p>\n<p>Elle note que de nombreuses personnes ont critiqu\u00e9 la p\u00e9tition en commentaires sur les r\u00e9seaux sociaux car \u00ab\u00a0il y a un train 10 minutes apr\u00e8s, \u00e0 17h08\u00a0\u00bb. Mais celui-ci s&rsquo;arr\u00eate \u00e0 tous les arr\u00eats de la ligne et arrive 45 minutes plus tard. \u00ab\u00a0Beaucoup ont des enfants en bas \u00e2ge avec la cr\u00e8che qui reste ouverte jusqu&rsquo;\u00e0 18 heures maximum, on se retrouve bloqu\u00e9s dans nos vies personnelles\u00a0\u00bb, fustige-t-elle.<\/p>\n<p>\u00ab\u00a0Sur le train, on est 4 \u00e0 5 \u00e0 avoir accouch\u00e9 en 2024-2025, on est beaucoup \u00e0 avoir des enfants tout jeunes, donc c&rsquo;est assez compliqu\u00e9 pour nous. D\u00e9j\u00e0 que ce n&rsquo;est pas facile d&rsquo;\u00eatre \u00e0 Creil, pour ma part c&rsquo;est un choix, mais certains ont \u00e9t\u00e9 mut\u00e9s sans choix\u00a0\u00bb, poursuit l&rsquo;enseignante. Le train du matin les fait d\u00e9j\u00e0 arriver \u00e0 7h30, une heure avant le d\u00e9but des cours.<\/p>\n<p>Une de ses coll\u00e8gues, qui a \u00e9galement souhait\u00e9 garder l&rsquo;anonymat, \u00e9tait \u00ab\u00a0au bord des larmes\u00a0\u00bb quand elle a appris la nouvelle. \u00c2g\u00e9e de 26 ans, elle habite \u00e0 30 minutes de la gare de Longueau et doit se lever \u00e0 5h15 tous les matins pour rentrer \u00e0 \u00ab\u00a018 heures au plus t\u00f4t\u00a0\u00bb, si les retards ne repoussent pas son arriv\u00e9e : \u00ab\u00a0je n&rsquo;ai rien construit dans ma vie encore et si j&rsquo;ai des enfants, comment faire pour la garde ?\u00a0\u00bb.<\/p>\n<blockquote class=\"ftvi_content_quote\">\n<p class=\"ftvi_citation_quote\">Je suis partie voir si c\u2019\u00e9tait vrai sur le site de la SNCF, j\u2019\u00e9tais au bord des larmes \u00e0 ce moment-l\u00e0.<\/p>\n<p>Une usag\u00e8re du TER de 16h57<\/p><\/blockquote>\n<p>Les usagers affirment ne pas avoir \u00e9t\u00e9 \u00ab\u00a0concert\u00e9s alors que la R\u00e9gion sait\u00a0\u00bb. Quelques ann\u00e9es plus t\u00f4t, \u00ab\u00a0ils avaient d\u00e9j\u00e0 voulu le retirer, mais il y a eu une p\u00e9tition et ils ne l&rsquo;ont pas fait\u00a0\u00bb. Elle rappelle que tous les enseignants ne travaillent pas \u00e0 cinq minutes de la gare, et le train de 16h44 n&rsquo;est pas accessible \u00e0 tous, d&rsquo;autant plus que les cours se terminent \u00e0 16h30.<\/p>\n<p>Pour l&rsquo;heure, les enseignants ont tent\u00e9 de contacter Xavier Bertrand sur les r\u00e9seaux sociaux, avec notamment un message sur Instagram. Une p\u00e9tition num\u00e9rique et papier a \u00e9t\u00e9 largement diffus\u00e9e sur les r\u00e9seaux sociaux. \u00ab\u00a0On n&rsquo;a pas trop de marge de man\u0153uvre, on essaie de faire marcher ce qu&rsquo;on peut pour se faire entendre\u00a0\u00bb, note Julie.<\/p>\n<p>Contact\u00e9e, la R\u00e9gion r\u00e9pond : \u00ab\u00a0chaque jour, 55 trains Paris-Amiens sont op\u00e9r\u00e9s, ce qui est un service cons\u00e9quent, ces lignes sont de plus en plus fr\u00e9quent\u00e9es, et TER Hauts-de-France se doit de r\u00e9partir au mieux les dessertes et les arr\u00eats pour absorber cette hausse d&rsquo;affluence constat\u00e9e depuis plusieurs ann\u00e9es.\u00a0\u00bb<\/p>\n<blockquote class=\"ftvi_content_quote\">\n<p class=\"ftvi_citation_quote\">TER Hauts-de-France se doit de r\u00e9partir au mieux les dessertes et les arr\u00eats pour absorber cette hausse d&rsquo;affluence constat\u00e9e depuis plusieurs ann\u00e9es.<\/p>\n<\/blockquote>\n<p>Pour \u00e9viter \u00ab\u00a0au maximum les probl\u00e8mes d&#8217;emport sur ces lignes\u00a0\u00bb et consid\u00e9rant que le nombre de voyageurs au d\u00e9part et \u00e0 l&rsquo;arriv\u00e9e de Paris Gare du Nord de plus en plus important, \u00ab\u00a0depuis 2021, tous les arr\u00eats interm\u00e9diaires des K16 en heure de pointe ont \u00e9t\u00e9 supprim\u00e9s\u00a0\u00bb. Seul subsistait l&rsquo;arr\u00eat de 16h57 \u00e0 Creil.<\/p>\n<p>\u00ab\u00a0Il est important de rappeler que la vocation du K16 est de relier Paris \u00e0 Calais via Amiens, et pas Creil \u00e0 Amiens\u00a0\u00bb, pr\u00e9cise la R\u00e9gion, qui indique que 800 voyageurs empruntent chaque jour le K16 \u00e0 Gare du Nord en direction de Calais \u00e0 16h30. \u00ab\u00a0Ce trajet, c&rsquo;est trois heures de transport\u00a0\u00bb et l&rsquo;arr\u00eat \u00ab\u00a0ajoutait un nombre important de passagers descendant \u00e0 Creil\u00a0\u00bb.<\/p>\n<p>La desserte entre Creil et Amiens \u00ab\u00a0se situe \u00e0 un tr\u00e8s haut niveau de service\u00a0\u00bb et la R\u00e9gion pr\u00e9cise que d&rsquo;autres trains circulent : celui de \u00ab\u00a016h44, 17h08 et 17h31\u00a0\u00bb. Quatre autres trains \u00ab\u00a0sont ult\u00e9rieurement disponibles pour une arriv\u00e9e entre 19h et 20h\u00a0\u00bb \u00e0 Amiens.<\/p>\n","protected":false},"excerpt":{"rendered":"L&rsquo;arr\u00eat de train de 16h57 \u00e0 Creil (Oise) a \u00e9t\u00e9 supprim\u00e9, poussant de nombreux enseignants \u00e0 lancer une&hellip;\n","protected":false},"author":2,"featured_media":593018,"comment_status":"","ping_status":"","sticky":false,"template":"","format":"standard","meta":{"footnotes":""},"categories":[1888],"tags":[1111,1928,11,1927,1777,674,1011,27,12,1926,626,1925,25],"class_list":{"0":"post-593017","1":"post","2":"type-post","3":"status-publish","4":"format-standard","5":"has-post-thumbnail","7":"category-paris","8":"tag-actu","9":"tag-actu-paris","10":"tag-actualites","11":"tag-actualites-paris","12":"tag-eu","13":"tag-europe","14":"tag-fr","15":"tag-france","16":"tag-news","17":"tag-news-paris","18":"tag-paris","19":"tag-paris-news","20":"tag-republique-francaise"},"share_on_mastodon":{"url":"https:\/\/pubeurope.com\/@fr\/115701492357698220","error":""},"_links":{"self":[{"href":"https:\/\/www.europesays.com\/fr\/wp-json\/wp\/v2\/posts\/593017","targetHints":{"allow":["GET"]}}],"collection":[{"href":"https:\/\/www.europesays.com\/fr\/wp-json\/wp\/v2\/posts"}],"about":[{"href":"https:\/\/www.europesays.com\/fr\/wp-json\/wp\/v2\/types\/post"}],"author":[{"embeddable":true,"href":"https:\/\/www.europesays.com\/fr\/wp-json\/wp\/v2\/users\/2"}],"replies":[{"embeddable":true,"href":"https:\/\/www.europesays.com\/fr\/wp-json\/wp\/v2\/comments?post=593017"}],"version-history":[{"count":0,"href":"https:\/\/www.europesays.com\/fr\/wp-json\/wp\/v2\/posts\/593017\/revisions"}],"wp:featuredmedia":[{"embeddable":true,"href":"https:\/\/www.europesays.com\/fr\/wp-json\/wp\/v2\/media\/593018"}],"wp:attachment":[{"href":"https:\/\/www.europesays.com\/fr\/wp-json\/wp\/v2\/media?parent=593017"}],"wp:term":[{"taxonomy":"category","embeddable":true,"href":"https:\/\/www.europesays.com\/fr\/wp-json\/wp\/v2\/categories?post=593017"},{"taxonomy":"post_tag","embeddable":true,"href":"https:\/\/www.europesays.com\/fr\/wp-json\/wp\/v2\/tags?post=593017"}],"curies":[{"name":"wp","href":"https:\/\/api.w.org\/{rel}","templated":true}]}}