{"id":593019,"date":"2025-12-11T14:50:23","date_gmt":"2025-12-11T14:50:23","guid":{"rendered":"https:\/\/www.europesays.com\/fr\/593019\/"},"modified":"2025-12-11T14:50:23","modified_gmt":"2025-12-11T14:50:23","slug":"breaking-benjamin-en-concert-au-bataclan-de-paris-en-juillet-2026-news-rockurlife","status":"publish","type":"post","link":"https:\/\/www.europesays.com\/fr\/593019\/","title":{"rendered":"Breaking Benjamin : en concert au Bataclan de Paris en juillet 2026 ! &#8211; News &#8211; RockUrLife"},"content":{"rendered":"<p>Dans la lign\u00e9e de <strong>Three Days Grace<\/strong>, qui n\u2019avait jamais pos\u00e9 un pied dans la capitale avant sa venue r\u00e9cente, un autre poids lourd du rock alternatif franchira enfin le pas : <strong>Breaking Benjamin<\/strong> se produira pour la premi\u00e8re fois \u00e0 <strong>Paris<\/strong> l\u2019\u00e9t\u00e9 prochain !<\/p>\n<p>Les v\u00e9t\u00e9rans du genre joueront le <strong>mardi 7 juillet 2026<\/strong> <strong>au<\/strong> <strong>Bataclan<\/strong>, accompagn\u00e9s d\u2019invit\u00e9s de choix, <strong>Chevelle<\/strong>, pour une date unique en salle, seulement quelques semaines apr\u00e8s leur tout premier passage dans l\u2019Hexagone au <strong>Hellfest<\/strong>.<\/p>\n<p>La mise en vente des billets d\u00e9butera le <strong>15 d\u00e9cembre \u00e0 10h<\/strong> sur <a href=\"https:\/\/www.aegpresents.fr\/\" target=\"_blank\" rel=\"noopener\">aegpresents.fr<\/a>.<\/p>\n<p>Depuis ses d\u00e9buts en 2002 avec <strong>Saturate<\/strong>, les interpr\u00e8tes de \u201cThe Diary Of Jane\u201d dominent sans rel\u00e2che la sc\u00e8ne rock am\u00e9ricaine. Dix singles class\u00e9s n\u00b01, des albums certifi\u00e9s platine ou multi-platine, plus de 8,5 milliards de streams et une communaut\u00e9 de 6,5 millions de fans : plus de vingt ans apr\u00e8s ses d\u00e9buts, la formation men\u00e9e par <strong>Benjamin Burnley<\/strong> demeure l\u2019une des forces majeures du rock outre-Atlantique. Le dernier album, <strong>AURORA<\/strong>, leur a offert un dixi\u00e8me titre n\u00b01 en radio rock gr\u00e2ce \u00e0 \u201cFar Away\u201d, tandis que <strong>EMBER<\/strong> atteignait la 3e place du <strong>Billboard Top 200<\/strong>, consolidant une s\u00e9rie impressionnante de disques dans le Top 5. \u00c0 leur actif figurent \u00e9galement des succ\u00e8s incontournables tels que \u201cRed Cold River\u201d ou \u201cTorn in Two\u201d, et des performances r\u00e9p\u00e9t\u00e9es en t\u00eate des classements alternatifs, rock, hard rock ou num\u00e9riques.<\/p>\n<p>Fra\u00eechement sign\u00e9s chez <strong>BMG<\/strong>, <strong>Breaking Benjamin<\/strong> amorce un nouveau chapitre avec \u201c<a href=\"https:\/\/www.rockurlife.net\/news\/breaking-benjamin-nouveau-single-awaken\/\" target=\"_blank\" rel=\"noopener\">Awaken<\/a>\u201c, premier single in\u00e9dit en cinq ans, qui marque un retour cr\u00e9atif particuli\u00e8rement attendu. Une mise en bouche id\u00e9ale avant une tourn\u00e9e europ\u00e9enne qui verra <strong>Chevelle<\/strong> les accompagner sur une s\u00e9lection de dates. \u201cCela faisait longtemps\u2026 heureux que l\u2019on ait enfin pu le concr\u00e9tiser\u201c, confie le groupe.<\/p>\n<p>Apr\u00e8s tant d\u2019ann\u00e9es \u00e0 esp\u00e9rer leur venue, ce premier grand rendez-vous parisien s\u2019annonce comme un \u00e9v\u00e9nement immanquable pour les amateurs de riffs massifs, de refrains cathartiques et de power rock \u00e0 l\u2019am\u00e9ricaine. Un <strong>Bataclan<\/strong> pr\u00eat \u00e0 s\u2019embraser entre retrouvailles, d\u00e9couvertes et promesses d\u2019avenir.<\/p>\n<p>Rendez-vous le 7 juillet pour vivre l\u2019\u00e9v\u00e9nement et ne pas laisser passer une date qui restera, \u00e0 coup s\u00fbr, dans les annales.<\/p>\n<p><img loading=\"lazy\" decoding=\"async\" width=\"819\" height=\"1024\" src=\"https:\/\/www.europesays.com\/fr\/wp-content\/uploads\/2025\/12\/597614231_1386057629984377_6617690828783433780_n-819x1024.jpg\" alt=\"\" class=\"wp-image-229976\"\/><\/p>\n","protected":false},"excerpt":{"rendered":"Dans la lign\u00e9e de Three Days Grace, qui n\u2019avait jamais pos\u00e9 un pied dans la capitale avant sa&hellip;\n","protected":false},"author":2,"featured_media":593020,"comment_status":"","ping_status":"","sticky":false,"template":"","format":"standard","meta":{"footnotes":""},"categories":[1888],"tags":[1111,1928,11,1927,18543,70598,70599,1777,674,1011,27,12,1926,626,1925,25],"class_list":{"0":"post-593019","1":"post","2":"type-post","3":"status-publish","4":"format-standard","5":"has-post-thumbnail","7":"category-paris","8":"tag-actu","9":"tag-actu-paris","10":"tag-actualites","11":"tag-actualites-paris","12":"tag-bataclan","13":"tag-breaking-benjamin","14":"tag-chevelle","15":"tag-eu","16":"tag-europe","17":"tag-fr","18":"tag-france","19":"tag-news","20":"tag-news-paris","21":"tag-paris","22":"tag-paris-news","23":"tag-republique-francaise"},"share_on_mastodon":{"url":"https:\/\/pubeurope.com\/@fr\/115701497360441608","error":""},"_links":{"self":[{"href":"https:\/\/www.europesays.com\/fr\/wp-json\/wp\/v2\/posts\/593019","targetHints":{"allow":["GET"]}}],"collection":[{"href":"https:\/\/www.europesays.com\/fr\/wp-json\/wp\/v2\/posts"}],"about":[{"href":"https:\/\/www.europesays.com\/fr\/wp-json\/wp\/v2\/types\/post"}],"author":[{"embeddable":true,"href":"https:\/\/www.europesays.com\/fr\/wp-json\/wp\/v2\/users\/2"}],"replies":[{"embeddable":true,"href":"https:\/\/www.europesays.com\/fr\/wp-json\/wp\/v2\/comments?post=593019"}],"version-history":[{"count":0,"href":"https:\/\/www.europesays.com\/fr\/wp-json\/wp\/v2\/posts\/593019\/revisions"}],"wp:featuredmedia":[{"embeddable":true,"href":"https:\/\/www.europesays.com\/fr\/wp-json\/wp\/v2\/media\/593020"}],"wp:attachment":[{"href":"https:\/\/www.europesays.com\/fr\/wp-json\/wp\/v2\/media?parent=593019"}],"wp:term":[{"taxonomy":"category","embeddable":true,"href":"https:\/\/www.europesays.com\/fr\/wp-json\/wp\/v2\/categories?post=593019"},{"taxonomy":"post_tag","embeddable":true,"href":"https:\/\/www.europesays.com\/fr\/wp-json\/wp\/v2\/tags?post=593019"}],"curies":[{"name":"wp","href":"https:\/\/api.w.org\/{rel}","templated":true}]}}