{"id":593021,"date":"2025-12-11T14:52:27","date_gmt":"2025-12-11T14:52:27","guid":{"rendered":"https:\/\/www.europesays.com\/fr\/593021\/"},"modified":"2025-12-11T14:52:27","modified_gmt":"2025-12-11T14:52:27","slug":"cette-petite-commune-dile-de-france-a-deux-pas-de-paris-se-metamorphose-en-un-village-de-noel-feerique-pendant-un-mois-avec-un-marche-traditionnel-une-fete-foraine-geante-et-des-spectacles","status":"publish","type":"post","link":"https:\/\/www.europesays.com\/fr\/593021\/","title":{"rendered":"Cette petite commune d\u2019\u00cele-de-France \u00e0 deux pas de Paris se m\u00e9tamorphose en un village de No\u00ebl f\u00e9\u00e9rique pendant un mois ! Avec un march\u00e9 traditionnel, une f\u00eate foraine g\u00e9ante et des spectacles lumineux gratuits tous les soirs\u2026 et personne n\u2019en parle !"},"content":{"rendered":"<p>\t\t\t\t\t\t\t\t\t\t\t\t\t\t\t\t\t\t\t\t\t\t<img loading=\"lazy\" decoding=\"async\" src=\"data:image\/svg+xml,%3Csvg%20xmlns=\" http:=\"\" class=\"img-fluid\" alt=\"noel levallois-perret\" width=\"1024\" height=\"683\" data-lazy-src=\"https:\/\/www.europesays.com\/fr\/wp-content\/uploads\/2025\/12\/Montage-photo-article-PARIS-SECRET-OFFICIEL-1620-x-1080-px-30-1024x683.jpg\"\/><br \/>\n\t\t\t\t\t\t\t\t\t\t\t\t\t\t\t\t\t\t\t\t\t\tnoel levallois-perret<\/p>\n<p>    Save<\/p>\n<p>Pas besoin de partir \u00e0 l\u2019autre bout de la <strong>France ou de l\u2019Europe pour d\u00e9couvrir des lieux f\u00e9\u00e9riques o\u00f9 la magie de No\u00ebl semble s\u2019\u00eatre invit\u00e9e<\/strong>\u2026 Cette fois-ci, on vous emm\u00e8ne dans une commune tr\u00e8s charmante des Hauts-de-Seine : Levallois-Perret. Comme chaque ann\u00e9e,<strong> la mairie met le paquet pour \u00e9blouir petits et grands<\/strong> ! Vous y trouverez<a href=\"https:\/\/parissecret.com\/plus-beaux-marches-de-noel-paris\/\" rel=\"follow noopener\" target=\"_self\" class=\"shortcode-outbound-link\" data-has-ga=\"true\" data-ga-type=\"click\" data-label=\"https:\/\/parissecret.com\/plus-beaux-marches-de-noel-paris\/\" data-action=\"text_cta_0\" data-category=\"click_internal\"> un march\u00e9 de No\u00ebl<\/a> traditionnel, une f\u00eate foraine g\u00e9ante pour toute la famille, <strong>des d\u00e9ambulations, des concerts et un magnifique spectacle lumineux sur le parvis de la mairie.<\/strong>.. Un<strong> v\u00e9ritable <a href=\"https:\/\/parissecret.com\/paris-villages-noel\/\" rel=\"follow noopener\" target=\"_self\" class=\"shortcode-outbound-link\" data-has-ga=\"true\" data-ga-type=\"click\" data-label=\"https:\/\/parissecret.com\/paris-villages-noel\/\" data-action=\"text_cta_1\" data-category=\"click_internal\">village de No\u00ebl<\/a> \u00e0 ciel ouvert situ\u00e9 aux portes de Paris.<\/strong><\/p>\n<p>Magic No\u00ebl \u00e0 Levallois-Perret : un village merveilleux pour les f\u00eates<br \/>\n<img fetchpriority=\"high\" decoding=\"async\" class=\"size-large wp-image-222308\" src=\"data:image\/svg+xml,%3Csvg%20xmlns=\" http:=\"\" alt=\"noel levallois-perret\" width=\"1024\" height=\"683\" data-lazy- data-lazy- data-lazy-src=\"https:\/\/www.europesays.com\/fr\/wp-content\/uploads\/2025\/12\/Montage-photo-article-PARIS-SECRET-OFFICIEL-1620-x-1080-px-32-1024x683.jpg\"\/>No\u00ebl Levallois-Perret<\/p>\n<p>\u00c0 quelques minutes de Paris, sur la ligne 3, se trouve Levallois-Perret. Une tr\u00e8s jolie commune des Hauts-de-Seine <strong>qui se transforme cette ann\u00e9e en un formidable village de No\u00ebl<\/strong>. <strong>Jusqu\u2019au 4 janvier 2026<\/strong>, profitez de la magie des f\u00eates en famille. Sur le parvis de la mairie,<strong> les enfants pourront d\u00e9couvrir la maison du P\u00e8re No\u00ebl,<\/strong> qui sera l\u00e0 tous les mercredis et les weekends, de 11 h \u00e0 13 h et de 15 h \u00e0 19 h. Vous pourrez lui donner votre lettre, mais \u00e9galement faire des photos avec lui. Et cette ann\u00e9e, les lutins sont de la partie :<strong> visitez leurs ateliers, o\u00f9 ces derniers pr\u00e9parent des cadeaux et des d\u00e9lices sucr\u00e9es\u2026<\/strong> Ensuite, place au<a href=\"https:\/\/feverup.com\/m\/476029\" rel=\"follow noopener\" target=\"_blank\" class=\"shortcode-outbound-link\" data-has-ga=\"true\" data-ga-type=\"click\" data-label=\"https:\/\/feverup.com\/m\/476029?\" data-action=\"text_cta_2\" data-tracked=\"1\" data-category=\"click_sales\" data-cp_smn_source=\"parissecret\" data-cp_smn_content=\"village-noel-spectacles-gratuits-levallois-perret\" data-cp_smn_term=\"text_cta_2\"> march\u00e9 de No\u00ebl<\/a>. Jusqu\u2019au 21 d\u00e9cembre, d\u00e9couvrez une trentaine de chalets o\u00f9 des artisans locaux vous attendent pour faire le plein de cadeaux : v\u00eatements, accessoires, d\u00e9co, produits artisanaux\u2026 Des produits <strong>made in France faits avec le c\u0153ur<\/strong> !<\/p>\n<p><img loading=\"lazy\" decoding=\"async\" class=\"wp-image-222307 size-large\" src=\"data:image\/svg+xml,%3Csvg%20xmlns=\" http:=\"\" alt=\"\" width=\"1024\" height=\"683\" data-lazy- data-lazy- data-lazy-src=\"https:\/\/www.europesays.com\/fr\/wp-content\/uploads\/2025\/12\/Montage-photo-article-PARIS-SECRET-OFFICIEL-1620-x-1080-px-33-1024x683.jpg\"\/>No\u00ebl Levallois-Perret<\/p>\n<p>Mais la magie ne s\u2019arr\u00eate pas l\u00e0 ! Puisqu\u2019\u00e0 quelques minutes de la mairie, vous trouverez<strong> une immense f\u00eate foraine nich\u00e9e dans un parc, o\u00f9 pas moins de 15 attractions vous attendent<\/strong> : palais des glaces, chaises volantes, luge, man\u00e8ge des rennes, petit train\u2026 De quoi passer un excellent moment ! Les gourmands pourront se r\u00e9galer sur place de cr\u00eapes, gaufres, <a href=\"https:\/\/parissecret.com\/ou-boire-les-meilleurs-chocolats-chauds-de-paris\/\" rel=\"follow noopener\" target=\"_self\" class=\"shortcode-outbound-link\" data-has-ga=\"true\" data-ga-type=\"click\" data-label=\"https:\/\/parissecret.com\/ou-boire-les-meilleurs-chocolats-chauds-de-paris\/\" data-action=\"text_cta_3\" data-category=\"click_internal\">chocolat<\/a> et vin chauds\u2026 Mais le clou du spectacle se passe le soir, ou un magnifique spectacle illumine la fa\u00e7ade de la mairie<strong> tous les soirs, du 12 au 17 d\u00e9cembre et ce gratuitement.<\/strong><\/p>\n<p><img loading=\"lazy\" decoding=\"async\" class=\"wp-image-222309 size-large\" src=\"data:image\/svg+xml,%3Csvg%20xmlns=\" http:=\"\" alt=\"No\u00ebl Levallois-Perret\" width=\"1024\" height=\"683\" data-lazy- data-lazy- data-lazy-src=\"https:\/\/www.europesays.com\/fr\/wp-content\/uploads\/2025\/12\/Montage-photo-article-PARIS-SECRET-OFFICIEL-1620-x-1080-px-31-1024x683.jpg\"\/>No\u00ebl Levallois-Perret<\/p>\n<p>Pendant 20 minutes, ce mapping enchanteur vous emportera sur le th\u00e8me de la gourmandise,<strong> o\u00f9 la mairie prendra des airs de fabrique de bonbons merveilleux.<\/strong> Ne manquez pas non plus les d\u00e9ambulations f\u00e9\u00e9riques, o\u00f9 des personnages lumineux v\u00eatus de costumes scintillants vous emporteront au pays des r\u00eaves.<\/p>\n<p>\ud83d\udccd Lieu : Levallois-Perret<br \/>\ud83d\udcc5 Date : jusqu\u2019au 4 janvier<br \/>\ud83c\udf84 Prix march\u00e9 de No\u00ebl : gratuit<br \/>\ud83c\udfa1 Prix f\u00eate foraine : acc\u00e8s libre<\/p>\n","protected":false},"excerpt":{"rendered":"noel levallois-perret Save Pas besoin de partir \u00e0 l\u2019autre bout de la France ou de l\u2019Europe pour d\u00e9couvrir&hellip;\n","protected":false},"author":2,"featured_media":593022,"comment_status":"","ping_status":"","sticky":false,"template":"","format":"standard","meta":{"footnotes":""},"categories":[1888],"tags":[11,1777,674,1011,27,12,626,25],"class_list":{"0":"post-593021","1":"post","2":"type-post","3":"status-publish","4":"format-standard","5":"has-post-thumbnail","7":"category-paris","8":"tag-actualites","9":"tag-eu","10":"tag-europe","11":"tag-fr","12":"tag-france","13":"tag-news","14":"tag-paris","15":"tag-republique-francaise"},"share_on_mastodon":{"url":"https:\/\/pubeurope.com\/@fr\/115701504107336265","error":""},"_links":{"self":[{"href":"https:\/\/www.europesays.com\/fr\/wp-json\/wp\/v2\/posts\/593021","targetHints":{"allow":["GET"]}}],"collection":[{"href":"https:\/\/www.europesays.com\/fr\/wp-json\/wp\/v2\/posts"}],"about":[{"href":"https:\/\/www.europesays.com\/fr\/wp-json\/wp\/v2\/types\/post"}],"author":[{"embeddable":true,"href":"https:\/\/www.europesays.com\/fr\/wp-json\/wp\/v2\/users\/2"}],"replies":[{"embeddable":true,"href":"https:\/\/www.europesays.com\/fr\/wp-json\/wp\/v2\/comments?post=593021"}],"version-history":[{"count":0,"href":"https:\/\/www.europesays.com\/fr\/wp-json\/wp\/v2\/posts\/593021\/revisions"}],"wp:featuredmedia":[{"embeddable":true,"href":"https:\/\/www.europesays.com\/fr\/wp-json\/wp\/v2\/media\/593022"}],"wp:attachment":[{"href":"https:\/\/www.europesays.com\/fr\/wp-json\/wp\/v2\/media?parent=593021"}],"wp:term":[{"taxonomy":"category","embeddable":true,"href":"https:\/\/www.europesays.com\/fr\/wp-json\/wp\/v2\/categories?post=593021"},{"taxonomy":"post_tag","embeddable":true,"href":"https:\/\/www.europesays.com\/fr\/wp-json\/wp\/v2\/tags?post=593021"}],"curies":[{"name":"wp","href":"https:\/\/api.w.org\/{rel}","templated":true}]}}