{"id":593023,"date":"2025-12-11T14:53:13","date_gmt":"2025-12-11T14:53:13","guid":{"rendered":"https:\/\/www.europesays.com\/fr\/593023\/"},"modified":"2025-12-11T14:53:13","modified_gmt":"2025-12-11T14:53:13","slug":"cathay-pacific-rouvre-son-salon-a-laeroport-paris-charles-de-gaulle","status":"publish","type":"post","link":"https:\/\/www.europesays.com\/fr\/593023\/","title":{"rendered":"Cathay Pacific rouvre son salon \u00e0 l&rsquo;a\u00e9roport Paris Charles de Gaulle"},"content":{"rendered":"<p>\t\t\t\t\t Les passagers pourront y retrouver <b>le Noodle Bar<\/b>, l&rsquo;un des points forts du salon, proposant des plats inspir\u00e9s des sp\u00e9cialit\u00e9s de Hong Kong. <b>Un buffet en libre-service<\/b> compl\u00e8te l\u2019offre, avec une s\u00e9lection de plats internationaux.<\/p>\n<p><b>Des espaces d\u00e9di\u00e9s au bien-\u00eatre et au travail<\/b> sont \u00e9galement \u00e0 disposition, incluant des douches et des stations de travail individuelles. Le Wi-Fi gratuit et des prises de courant sont disponibles dans tout le salon.&#13;\t\t\t\t\t <\/p>\n<p>Avec cette r\u00e9ouverture, Cathay Pacific r\u00e9affirme <b>son engagement envers la France<\/b>, un march\u00e9 cl\u00e9 pour la compagnie avec des vols quotidiens reliant Paris \u00e0 Hong Kong et au-del\u00e0.&#13;\t\t\t\t\t <\/p>\n<p>\u00ab\u00a0Nous sommes ravis de pouvoir accueillir \u00e0 nouveau les voyageurs dans notre salon parisien. Cet espace r\u00e9nov\u00e9 offre un environnement confortable et apaisant, en parfaite harmonie avec notre engagement \u00e0 offrir une exp\u00e9rience premium et haut de gamme, tant au sol qu&rsquo;en vol\u00a0\u00bb, a d\u00e9clar\u00e9 Adrien Ng, responsable de la zone Sud de l&rsquo;Europe chez Cathay. &#13;\t\t\t\t\t <\/p>\n<p>Cathay Pacific exploite pr\u00e8s de <b>90 vols hebdomadaires entre l&rsquo;Europe et Hong Kong<\/b>, offrant des correspondances vers plus de 100 destinations dans le monde entier.&#13;\t\t\t\t\t <\/p>\n<p><b>Lire aussi :<\/b> <a class=\"liens\" href=\"https:\/\/www.tourmag.com\/Retard-ou-perte-de-bagage-Cathay-Pacific-deploie-la-geolocalisation-_a127220.html\" target=\"_blank\" rel=\"noopener\">Retard ou perte de bagage, Cathay Pacific d\u00e9ploie la g\u00e9olocalisation !<\/a>\n\t\t\t\t <\/p>\n","protected":false},"excerpt":{"rendered":"Les passagers pourront y retrouver le Noodle Bar, l&rsquo;un des points forts du salon, proposant des plats inspir\u00e9s&hellip;\n","protected":false},"author":2,"featured_media":593024,"comment_status":"","ping_status":"","sticky":false,"template":"","format":"standard","meta":{"footnotes":""},"categories":[1888],"tags":[11,70600,1777,674,1011,27,12,626,25],"class_list":{"0":"post-593023","1":"post","2":"type-post","3":"status-publish","4":"format-standard","5":"has-post-thumbnail","7":"category-paris","8":"tag-actualites","9":"tag-cathay-pacific","10":"tag-eu","11":"tag-europe","12":"tag-fr","13":"tag-france","14":"tag-news","15":"tag-paris","16":"tag-republique-francaise"},"share_on_mastodon":{"url":"https:\/\/pubeurope.com\/@fr\/115701508016774028","error":""},"_links":{"self":[{"href":"https:\/\/www.europesays.com\/fr\/wp-json\/wp\/v2\/posts\/593023","targetHints":{"allow":["GET"]}}],"collection":[{"href":"https:\/\/www.europesays.com\/fr\/wp-json\/wp\/v2\/posts"}],"about":[{"href":"https:\/\/www.europesays.com\/fr\/wp-json\/wp\/v2\/types\/post"}],"author":[{"embeddable":true,"href":"https:\/\/www.europesays.com\/fr\/wp-json\/wp\/v2\/users\/2"}],"replies":[{"embeddable":true,"href":"https:\/\/www.europesays.com\/fr\/wp-json\/wp\/v2\/comments?post=593023"}],"version-history":[{"count":0,"href":"https:\/\/www.europesays.com\/fr\/wp-json\/wp\/v2\/posts\/593023\/revisions"}],"wp:featuredmedia":[{"embeddable":true,"href":"https:\/\/www.europesays.com\/fr\/wp-json\/wp\/v2\/media\/593024"}],"wp:attachment":[{"href":"https:\/\/www.europesays.com\/fr\/wp-json\/wp\/v2\/media?parent=593023"}],"wp:term":[{"taxonomy":"category","embeddable":true,"href":"https:\/\/www.europesays.com\/fr\/wp-json\/wp\/v2\/categories?post=593023"},{"taxonomy":"post_tag","embeddable":true,"href":"https:\/\/www.europesays.com\/fr\/wp-json\/wp\/v2\/tags?post=593023"}],"curies":[{"name":"wp","href":"https:\/\/api.w.org\/{rel}","templated":true}]}}