{"id":593027,"date":"2025-12-11T14:55:18","date_gmt":"2025-12-11T14:55:18","guid":{"rendered":"https:\/\/www.europesays.com\/fr\/593027\/"},"modified":"2025-12-11T14:55:18","modified_gmt":"2025-12-11T14:55:18","slug":"oleksandra-matviitchouk-lukraine-na-pas-besoin-dun-cours-sur-la-democratie","status":"publish","type":"post","link":"https:\/\/www.europesays.com\/fr\/593027\/","title":{"rendered":"Oleksandra Matvi\u00eftchouk : l&rsquo;Ukraine n&rsquo;a pas besoin d&rsquo;un \u00ab\u00a0cours sur la d\u00e9mocratie\u00a0\u00bb"},"content":{"rendered":"<p>L&rsquo;Ukraine n&rsquo;a pas besoin de le\u00e7ons sur la d\u00e9mocratie, a d\u00e9clar\u00e9 la laur\u00e9ate du prix Nobel de la paix Oleksandra Matvi\u00eftchouk lors d&rsquo;un entretien avec Euronews, rejetant les affirmations de l&rsquo;administration Trump selon lesquelles les autorit\u00e9s de Kiev utilisent la guerre comme excuse pour \u00e9viter une \u00e9lection.<\/p>\n<p>\u00ab\u00a0<strong>Nous n&rsquo;avons pas besoin qu&rsquo;on nous fasse la le\u00e7on sur les \u00e9lections<\/strong>\u00ab\u00a0, a-t-elle d\u00e9clar\u00e9 \u00e0 Euronews lors d&rsquo;une interview jeudi. \u00ab\u00a0En 2004, les Ukrainiens ont organis\u00e9 la r\u00e9volution orange apr\u00e8s que le processus \u00e9lectoral ait \u00e9t\u00e9 vol\u00e9. Nous attachons de l&rsquo;importance aux \u00e9lections. La question est de savoir si nous avons la s\u00e9curit\u00e9 pour les organiser.\u00a0\u00bb<\/p>\n<p>Le pr\u00e9sident am\u00e9ricain <strong>Donald Trump<\/strong> a en effet d\u00e9clar\u00e9 cette semaine que l&rsquo;Ukraine \u00ab\u00a0est sur le point de ne plus \u00eatre une d\u00e9mocratie\u00a0\u00bb et a r\u00e9it\u00e9r\u00e9 ses critiques \u00e0 l&rsquo;\u00e9gard du pr\u00e9sident ukrainien Volodymyr Zelensky, affirmant que son gouvernement utilise la guerre pour \u00e9viter d&rsquo;organiser un vote.<\/p>\n<p>Les autorit\u00e9s ukrainiennes ont d\u00e9clar\u00e9 \u00e0 plusieurs reprises qu&rsquo;elles \u00e9taient favorables \u00e0 un nouveau scrutin, qui permettrait de tester la popularit\u00e9 de Zelensky et sa gestion de l&rsquo;effort de guerre et des pourparlers de paix, mais elles soulignent les complications logistiques d&rsquo;un tel scrutin alors que le pays est attaqu\u00e9 quotidiennement par des missiles et des drones et que les soldats ayant le droit de vote restent d\u00e9ploy\u00e9s sur la ligne de front.<\/p>\n<p><strong>L&rsquo;Ukraine devait organiser un scrutin en 2024<\/strong>, mais celui-ci n&rsquo;a finalement pas pu avoir lieu. La loi martiale est en place depuis le d\u00e9but de l&rsquo;invasion russe en f\u00e9vrier 2022.<\/p>\n<p>N\u00e9anmoins, l&rsquo;administration Trump fait pression pour qu&rsquo;un accord de paix pr\u00e9voie la tenue rapide d&rsquo;\u00e9lections en Ukraine.<\/p>\n<p>Afin de faciliter les n\u00e9gociations \u00e0 un moment d\u00e9licat pour Kyiv, Volodymyr Zelensky a d\u00e9clar\u00e9 cette semaine <strong>qu&rsquo;il \u00e9tait \u00ab\u00a0pr\u00eat pour les \u00e9lections\u00a0\u00bb<\/strong> et a rejet\u00e9 les suggestions selon lesquelles il utiliserait la guerre comme excuse pour emp\u00eacher le vote et rester en poste, les qualifiant \u00ab\u00a0franchement, d&rsquo;histoire compl\u00e8tement absurde\u00a0\u00bb.<\/p>\n<p>Mercredi, Zelensky a d\u00e9clar\u00e9 qu&rsquo;il pr\u00e9senterait bient\u00f4t des \u00ab\u00a0documents plus pr\u00e9cis\u00a0\u00bb aux \u00c9tats-Unis, aux c\u00f4t\u00e9s de partenaires europ\u00e9ens, pour mettre fin \u00e0 la guerre. M. Trump a laiss\u00e9 entendre qu&rsquo;il pourrait se rendre en Europe cette semaine pour participer \u00e0 une r\u00e9union. Oleksandra Matvi\u00eftchouk a affirm\u00e9 que le point cl\u00e9 serait des garanties de s\u00e9curit\u00e9 d\u00e9finies et bien d\u00e9velopp\u00e9es pour pr\u00e9venir toute agression future.<\/p>\n<p>S&rsquo;adressant \u00e0 Euronews, Oleksandra Matvi\u00eftchouk, dont le Centre pour les libert\u00e9s civiles a re\u00e7u <a href=\"https:\/\/fr.euronews.com\/2022\/10\/07\/suivez-en-direct-a-11h-lannonce-du-prix-nobel-de-la-paix-2022\" target=\"_blank\" rel=\"noopener\"><strong>le prix Nobel de la paix en 2022<\/strong><\/a> avec l&rsquo;activiste du B\u00e9larus <strong>Al\u00e8s Bialiatski<\/strong> et le groupe russe de d\u00e9fense des droits de l&rsquo;homme <strong>Memorial<\/strong> pour son travail de d\u00e9nonciation des crimes de guerre pr\u00e9sum\u00e9s, a ajout\u00e9 que la justice devait \u00eatre rendue pour les atrocit\u00e9s commises par l&rsquo;arm\u00e9e russe en Ukraine.<\/p>\n<p>Elle a \u00e9galement affirm\u00e9 que tout accord devait d\u00e9boucher sur une paix durable et \u00e9quitable, et non sur une simple pause permettant \u00e0 la Russie de se regrouper et d&rsquo;attaquer \u00e0 nouveau.<\/p>\n<p>\u00ab\u00a0L&rsquo;accord contiendra-t-il de nouvelles et importantes garanties de s\u00e9curit\u00e9 qui feront comprendre \u00e0 Vladimir Poutine qu&rsquo;il lui est impossible d&rsquo;occuper et de d\u00e9truire l&rsquo;ensemble de l&rsquo;Ukraine ?\u00a0\u00bb<\/p>\n<p>\u00c0 la question de savoir si Donald Trump m\u00e9rite le prix Nobel de la paix, pour lequel le pr\u00e9sident am\u00e9ricain fait campagne et dont elle est laur\u00e9ate, Oleksandra Matviichouk a r\u00e9pondu qu&rsquo;elle ne pouvait que \u00ab\u00a0lui souhaiter de r\u00e9ussir, car cela signifierait qu&rsquo;il a \u00e9tabli une paix juste et durable\u00a0\u00bb.<\/p>\n","protected":false},"excerpt":{"rendered":"L&rsquo;Ukraine n&rsquo;a pas besoin de le\u00e7ons sur la d\u00e9mocratie, a d\u00e9clar\u00e9 la laur\u00e9ate du prix Nobel de la&hellip;\n","protected":false},"author":2,"featured_media":593028,"comment_status":"","ping_status":"","sticky":false,"template":"","format":"standard","meta":{"footnotes":""},"categories":[1590],"tags":[11,75,70601,1777,674,131,12,70602,220,134],"class_list":{"0":"post-593027","1":"post","2":"type-post","3":"status-publish","4":"format-standard","5":"has-post-thumbnail","7":"category-ukraine","8":"tag-actualites","9":"tag-donald-trump","10":"tag-elections-en-ukraine","11":"tag-eu","12":"tag-europe","13":"tag-guerre-en-ukraine","14":"tag-news","15":"tag-politique-ukraine","16":"tag-ukraine","17":"tag-volodymyr-zelensky"},"share_on_mastodon":{"url":"https:\/\/pubeurope.com\/@fr\/115701515880853414","error":""},"_links":{"self":[{"href":"https:\/\/www.europesays.com\/fr\/wp-json\/wp\/v2\/posts\/593027","targetHints":{"allow":["GET"]}}],"collection":[{"href":"https:\/\/www.europesays.com\/fr\/wp-json\/wp\/v2\/posts"}],"about":[{"href":"https:\/\/www.europesays.com\/fr\/wp-json\/wp\/v2\/types\/post"}],"author":[{"embeddable":true,"href":"https:\/\/www.europesays.com\/fr\/wp-json\/wp\/v2\/users\/2"}],"replies":[{"embeddable":true,"href":"https:\/\/www.europesays.com\/fr\/wp-json\/wp\/v2\/comments?post=593027"}],"version-history":[{"count":0,"href":"https:\/\/www.europesays.com\/fr\/wp-json\/wp\/v2\/posts\/593027\/revisions"}],"wp:featuredmedia":[{"embeddable":true,"href":"https:\/\/www.europesays.com\/fr\/wp-json\/wp\/v2\/media\/593028"}],"wp:attachment":[{"href":"https:\/\/www.europesays.com\/fr\/wp-json\/wp\/v2\/media?parent=593027"}],"wp:term":[{"taxonomy":"category","embeddable":true,"href":"https:\/\/www.europesays.com\/fr\/wp-json\/wp\/v2\/categories?post=593027"},{"taxonomy":"post_tag","embeddable":true,"href":"https:\/\/www.europesays.com\/fr\/wp-json\/wp\/v2\/tags?post=593027"}],"curies":[{"name":"wp","href":"https:\/\/api.w.org\/{rel}","templated":true}]}}