{"id":593029,"date":"2025-12-11T14:56:16","date_gmt":"2025-12-11T14:56:16","guid":{"rendered":"https:\/\/www.europesays.com\/fr\/593029\/"},"modified":"2025-12-11T14:56:16","modified_gmt":"2025-12-11T14:56:16","slug":"le-deficit-commercial-au-plus-bas-en-septembre-depuis-2020","status":"publish","type":"post","link":"https:\/\/www.europesays.com\/fr\/593029\/","title":{"rendered":"le d\u00e9ficit commercial au plus bas en septembre depuis 2020"},"content":{"rendered":"<p class=\"fig-paragraph\">Le d\u00e9ficit commercial des \u00c9tats-Unis a continu\u00e9 \u00e0 se r\u00e9duire au mois de septembre, pour atteindre son niveau le plus bas depuis 2020 gr\u00e2ce \u00e0 une hausse plus marqu\u00e9e des\u00a0<a href=\"http:\/\/www.lefigaro.fr\/secteur\/high-tech\/donald-trump-donne-son-feu-vert-pour-l-exportation-de-puces-nvidia-vers-la-chine-20251208\" data-fig-type=\"NewsFlash\" data-gtm-custom-categorie=\"navigation\" data-gtm-custom-action=\"crossclick\" data-gtm-custom-label=\"Contextuel\" data-gtm-event=\"customEventSPE\" data-fig-domain=\"LEFIGARO\" target=\"_blank\" rel=\"noopener\">exportations<\/a>\u00a0que des importations, selon les donn\u00e9es publi\u00e9es jeudi par le d\u00e9partement du Commerce.<\/p>\n<p class=\"fig-paragraph\">Au mois de septembre, la balance commerciale des biens et services a vu son d\u00e9ficit s&rsquo;\u00e9tablir \u00e0 52,8 milliards de dollars, soit un recul de 10,9% par rapport au mois pr\u00e9c\u00e9dent, lui-m\u00eame d\u00e9j\u00e0 marqu\u00e9 par un fort recul. C&rsquo;est \u00e9galement mieux qu&rsquo;anticip\u00e9 par les analystes qui tablaient plut\u00f4t sur un creusement du d\u00e9ficit \u00e0 62 milliards de dollars, selon le consensus publi\u00e9 par MarketWatch. Les donn\u00e9es, initialement pr\u00e9vues pour publication d\u00e9but novembre, ont \u00e9t\u00e9 rendues publiques avec pr\u00e8s d&rsquo;un mois de retard du fait du blocage budg\u00e9taire (\u00abshutdown\u00bb) record qui a paralys\u00e9 l&rsquo;administration am\u00e9ricaine pendant 43 jours.<\/p>\n<p>                                            <a class=\"fig-a11y-skip\" href=\"#fig-a11y-skip-main-inarticle\" data-module=\"a11y-skip\" data-context=\"was @visible\"><br \/>\n    Passer la publicit\u00e9<br \/>\n<\/a>            <\/p>\n<p class=\"fig-paragraph\">Dans les d\u00e9tail, les exportations pour le mois de septembre ont progress\u00e9 de 3% par rapport au mois pr\u00e9c\u00e9dent, soit une hausse de 8,4 milliards de dollars suppl\u00e9mentaires, alors que les importations augmentaient plus modestement, de l&rsquo;ordre de 0,6%, soit 1,9 milliard de dollars. Une hausse des exportations largement port\u00e9 par les biens alors que les services ont l\u00e9g\u00e8rement recul\u00e9 sur la p\u00e9riode, et en particulier l&rsquo;exportation d&rsquo;or non mon\u00e9taire et des pr\u00e9parations pharmaceutiques.<\/p>\n<p class=\"fig-paragraph\">C\u00f4t\u00e9 services, le transport et le voyage sont en repli sur un mois, entra\u00eenant une baisse des exportations de 400 millions de dollars. C\u00f4t\u00e9 importations, la hausse concerne l\u00e0 aussi quasi uniquement les biens, avec une forte hausse constat\u00e9e pour les produits pharmaceutiques et les mati\u00e8res premi\u00e8res, alors que les d\u00e9penses d&rsquo;investissement dans le num\u00e9rique ont recul\u00e9 tr\u00e8s sensiblement. Les services ont contribu\u00e9 modestement \u00e0 la hausse des importations, \u00e0 hauteur de 300 millions de dollars, du fait du transport et des services financiers.<\/p>\n<p class=\"fig-paragraph\">Concernant la r\u00e9partition g\u00e9ographique, le d\u00e9ficit commercial pour les biens avec la Chine a marqu\u00e9 un fort recul, \u00e0 11,4 milliards de dollars, d\u00e9pass\u00e9 par celui avec le Mexique (17,8 milliards), l&rsquo;Union europ\u00e9enne (17,8 milliards) et le Vietnam (14,4 milliards). Le d\u00e9ficit vis-\u00e0-vis de l&rsquo;UE est en forte hausse sur un mois, principalement sous l&rsquo;effet de celui avec l&rsquo;Irlande (18,2 milliards), le plus important ce mois-ci. Les \u00e9changes avec la France sont quasiment \u00e0 l&rsquo;\u00e9quilibre d\u00e9sormais. \u00c0 l\u2019inverse, les \u00c9tats-Unis d\u00e9gagent un surplus commercial vis-\u00e0-vis de la Suisse, des Pays-Bas, de la Belgique, le Royaume-Uni et plus largement de l&rsquo;Am\u00e9rique latine.<\/p>\n","protected":false},"excerpt":{"rendered":"Le d\u00e9ficit commercial des \u00c9tats-Unis a continu\u00e9 \u00e0 se r\u00e9duire au mois de septembre, pour atteindre son niveau&hellip;\n","protected":false},"author":2,"featured_media":593030,"comment_status":"","ping_status":"","sticky":false,"template":"","format":"standard","meta":{"footnotes":""},"categories":[1589],"tags":[11,10259,73,1866,12,1864,1865,1863,308],"class_list":{"0":"post-593029","1":"post","2":"type-post","3":"status-publish","4":"format-standard","5":"has-post-thumbnail","7":"category-etats-unis","8":"tag-actualites","9":"tag-deficit","10":"tag-etats-unis","11":"tag-etats-unis-damerique","12":"tag-news","13":"tag-united-states","14":"tag-united-states-of-america","15":"tag-us","16":"tag-usa"},"share_on_mastodon":{"url":"https:\/\/pubeurope.com\/@fr\/115701519912979924","error":""},"_links":{"self":[{"href":"https:\/\/www.europesays.com\/fr\/wp-json\/wp\/v2\/posts\/593029","targetHints":{"allow":["GET"]}}],"collection":[{"href":"https:\/\/www.europesays.com\/fr\/wp-json\/wp\/v2\/posts"}],"about":[{"href":"https:\/\/www.europesays.com\/fr\/wp-json\/wp\/v2\/types\/post"}],"author":[{"embeddable":true,"href":"https:\/\/www.europesays.com\/fr\/wp-json\/wp\/v2\/users\/2"}],"replies":[{"embeddable":true,"href":"https:\/\/www.europesays.com\/fr\/wp-json\/wp\/v2\/comments?post=593029"}],"version-history":[{"count":0,"href":"https:\/\/www.europesays.com\/fr\/wp-json\/wp\/v2\/posts\/593029\/revisions"}],"wp:featuredmedia":[{"embeddable":true,"href":"https:\/\/www.europesays.com\/fr\/wp-json\/wp\/v2\/media\/593030"}],"wp:attachment":[{"href":"https:\/\/www.europesays.com\/fr\/wp-json\/wp\/v2\/media?parent=593029"}],"wp:term":[{"taxonomy":"category","embeddable":true,"href":"https:\/\/www.europesays.com\/fr\/wp-json\/wp\/v2\/categories?post=593029"},{"taxonomy":"post_tag","embeddable":true,"href":"https:\/\/www.europesays.com\/fr\/wp-json\/wp\/v2\/tags?post=593029"}],"curies":[{"name":"wp","href":"https:\/\/api.w.org\/{rel}","templated":true}]}}