{"id":593034,"date":"2025-12-11T14:59:19","date_gmt":"2025-12-11T14:59:19","guid":{"rendered":"https:\/\/www.europesays.com\/fr\/593034\/"},"modified":"2025-12-11T14:59:19","modified_gmt":"2025-12-11T14:59:19","slug":"le-sauve-qui-peut-de-leurope-face-a-pekin-et-washington-menace-lexistence-du-pacte-vert","status":"publish","type":"post","link":"https:\/\/www.europesays.com\/fr\/593034\/","title":{"rendered":"\u201cLe sauve-qui-peut de l\u2019Europe face \u00e0 P\u00e9kin et Washington menace l\u2019existence du Pacte vert\u201d"},"content":{"rendered":"<p>      <img fetchpriority=\"high\" decoding=\"async\" class=\"mx-auto\" src=\"data:image\/svg+xml,%3Csvg%20xmlns%3D%27http%3A%2F%2Fwww.w3.org%2F2000%2Fsvg%27%20fill%3D%22%23e4e4e4%22%20viewBox%3D%270%200%20510%20340%27%20width%3D%22510%22%20height%3D%22340%22%3E%3Cpath%20d%3D%27M0%200h510v340H0z%27%2F%3E%3C%2Fsvg%3E\"  loading=\"eager\" width=\"510\" height=\"340\" data-oncrawl-image-size=\"510x340\" alt=\"Pascal Canfin, eurod\u00e9put\u00e9 Renew, \u00e0 Bruxelles le 5\u00a0f\u00e9vrier 2025.\"\/>      <\/p>\n<p class=\"latino-100m text-grey-600\">\n            Pascal Canfin, eurod\u00e9put\u00e9 Renew, \u00e0 Bruxelles le 5\u00a0f\u00e9vrier 2025.\u00a0MARTIN BERTRAND\/HANS LUCAS VIA AFP        <\/p>\n<p>        Lire\u00a0plus\u00a0tard      <\/p>\n<p><a aria-label=\"Nous suivre sur Google News\" href=\"https:\/\/news.google.com\/publications\/CAAqBwgKMJe4nQkw3dFs?hl=fr&amp;gl=FR&amp;ceid=FR%3Afr\" target=\"_blank\" data-piano=\"Page_Article,Sous_date_publi,Nous_suivre_sur_google_news,1er_clic,action\" class=\"btn btn--small btn--tertiary btn--icon-only\" rel=\"noopener\"><\/p>\n<p>      Google Actualit\u00e9s<br \/>\n  <\/a><\/p>\n<p>  Partager<\/p>\n<p>        Facebook<\/p>\n<p>        Bluesky<\/p>\n<p>        E-mail<\/p>\n<p>        Copier le lien<\/p>\n<p>      Envoyer<\/p>\n<p>      S\u2019abonner pour lire    <\/p>\n<p class=\"node__paragraphe antonia-750r text-grey-800 pb-24 pb-md-32\">\nD\u00e9cembre, mois de tous les dangers pour le Pacte vert. L\u2019Union europ\u00e9enne vient de conclure un accord qui r\u00e9duit fortement les obligations des entreprises en mati\u00e8re de responsabilit\u00e9 sociale et environnementale (les textes sur le devoir de vigilance, la CSRD, la d\u00e9forestation). La pr\u00e9sidente de la Commission europ\u00e9enne, Ursula von der Leyen, pourrait \u00e9galement d\u00e9cider d\u2019assouplir l\u2019\u00e9ch\u00e9ance de 2035 pour l\u2019interdiction de vendre des voitures thermiques, et supprimer la dur\u00e9e d\u2019autorisation des pesticides, avant d\u2019aller signer <a href=\"https:\/\/www.nouvelobs.com\/politique\/20251107.OBS109546\/accord-ue-mercosur-macron-pret-a-accepter-le-traite-avant-de-reculer-face-a-l-indignation-agricole-et-politique.html\" target=\"_blank\" rel=\"noopener\">l\u2019accord commercial UE-Mercosur<\/a>, qualifi\u00e9 de \u00ab\u00a0coup de poignard\u00a0\u00bb par le monde agricole.<\/p>\n<p class=\"node__paragraphe antonia-750r text-grey-800 pb-8\">\nQue restera-t-il du Pacte vert\u00a0? Lutter pied \u00e0 pied contre l\u2019extr\u00eame droite, lier \u00e9cologie, justice sociale et souverainet\u00e9, revoir la politique agricole\u00a0: le d\u00e9put\u00e9 europ\u00e9en Renew (Renaissance) Pascal Canfin, l\u2019un des artisans de cet ensemble de textes destin\u00e9s \u00e0 lutter contre le d\u00e9r\u00e8glement climat\u2026<\/p>\n<p>      <img loading=\"lazy\" decoding=\"async\" class=\"floating-img\" src=\"https:\/\/www.europesays.com\/fr\/wp-content\/uploads\/2025\/12\/luge.png\" width=\"116\" height=\"83\" alt=\"\"\/><\/p>\n<p class=\"latino-100m\">Article r\u00e9serv\u00e9 aux abonn\u00e9s.<\/p>\n<p>        Se connecter      <\/p>\n<p class=\"title text-center\" style=\"margin-bottom:4px;\">Le cadeau qui \u00e9clairera votre ann\u00e9e<\/p>\n<p class=\"description pb-8 pb-md-16 text-center\">Tous nos contenus exclusifs en acc\u00e8s illimit\u00e9<\/p>\n<p>            S\u2019abonner\u00a0: 79,99\u20ac 29,99\u20ac                          pour 1 an                      <\/p>\n<p class=\"or d-none d-md-flex\">ou<\/p>\n<p>                        <img width=\"164\" height=\"20\" src=\"data:image\/svg+xml,%3Csvg%20xmlns%3D%27http%3A%2F%2Fwww.w3.org%2F2000%2Fsvg%27%20fill%3D%22%23e4e4e4%22%20viewBox%3D%270%200%20282%2054%27%20width%3D%22282%22%20height%3D%2254%22%3E%3Cpath%20d%3D%27M0%200h282v54H0z%27%2F%3E%3C%2Fsvg%3E\"  class=\"js-swg-placeholder\" alt=\"Subscribe with Google\" loading=\"lazy\" decoding=\"async\"\/><\/p>\n","protected":false},"excerpt":{"rendered":"Pascal Canfin, eurod\u00e9put\u00e9 Renew, \u00e0 Bruxelles le 5\u00a0f\u00e9vrier 2025.\u00a0MARTIN BERTRAND\/HANS LUCAS VIA AFP Lire\u00a0plus\u00a0tard Google Actualit\u00e9s Partager Facebook&hellip;\n","protected":false},"author":2,"featured_media":593035,"comment_status":"","ping_status":"","sticky":false,"template":"","format":"standard","meta":{"footnotes":""},"categories":[1586],"tags":[17,11,59050,32636,33,1777,674,2823,1011,27,12,12815,2484,25,8009,364],"class_list":{"0":"post-593034","1":"post","2":"type-post","3":"status-publish","4":"format-standard","5":"has-post-thumbnail","7":"category-europe","8":"tag-17","9":"tag-actualites","10":"tag-canfin","11":"tag-ecoloobs","12":"tag-economie","13":"tag-eu","14":"tag-europe","15":"tag-face","16":"tag-fr","17":"tag-france","18":"tag-news","19":"tag-pascal","20":"tag-pekin","21":"tag-republique-francaise","22":"tag-sauve","23":"tag-union-europeenne"},"share_on_mastodon":{"url":"https:\/\/pubeurope.com\/@fr\/115701532947698815","error":""},"_links":{"self":[{"href":"https:\/\/www.europesays.com\/fr\/wp-json\/wp\/v2\/posts\/593034","targetHints":{"allow":["GET"]}}],"collection":[{"href":"https:\/\/www.europesays.com\/fr\/wp-json\/wp\/v2\/posts"}],"about":[{"href":"https:\/\/www.europesays.com\/fr\/wp-json\/wp\/v2\/types\/post"}],"author":[{"embeddable":true,"href":"https:\/\/www.europesays.com\/fr\/wp-json\/wp\/v2\/users\/2"}],"replies":[{"embeddable":true,"href":"https:\/\/www.europesays.com\/fr\/wp-json\/wp\/v2\/comments?post=593034"}],"version-history":[{"count":0,"href":"https:\/\/www.europesays.com\/fr\/wp-json\/wp\/v2\/posts\/593034\/revisions"}],"wp:featuredmedia":[{"embeddable":true,"href":"https:\/\/www.europesays.com\/fr\/wp-json\/wp\/v2\/media\/593035"}],"wp:attachment":[{"href":"https:\/\/www.europesays.com\/fr\/wp-json\/wp\/v2\/media?parent=593034"}],"wp:term":[{"taxonomy":"category","embeddable":true,"href":"https:\/\/www.europesays.com\/fr\/wp-json\/wp\/v2\/categories?post=593034"},{"taxonomy":"post_tag","embeddable":true,"href":"https:\/\/www.europesays.com\/fr\/wp-json\/wp\/v2\/tags?post=593034"}],"curies":[{"name":"wp","href":"https:\/\/api.w.org\/{rel}","templated":true}]}}