{"id":593046,"date":"2025-12-11T15:08:13","date_gmt":"2025-12-11T15:08:13","guid":{"rendered":"https:\/\/www.europesays.com\/fr\/593046\/"},"modified":"2025-12-11T15:08:13","modified_gmt":"2025-12-11T15:08:13","slug":"sa-famille-deplore-un-bouclier-institutionnel-protegeant-les-dirigeants-de-la-ffr","status":"publish","type":"post","link":"https:\/\/www.europesays.com\/fr\/593046\/","title":{"rendered":"sa famille d\u00e9plore \u00abun bouclier institutionnel\u00bb prot\u00e9geant les dirigeants de la FFR"},"content":{"rendered":"<p>\n    Les parents du jeune joueur disparu en mer en ao\u00fbt 2024 esp\u00e8rent que la justice p\u00e9nale sanctionnera \u00ables auteurs et les complices de la mort\u00bb de leur fils.<\/p>\n<p class=\"fig-paragraph\">Saisi en juin dernier par J<a href=\"http:\/\/www.lefigaro.fr\/sports\/rugby\/la-colere-du-pere-de-medhi-narjissi-disparu-en-mer-l-ete-dernier-nous-denoncons-aujourd-hui-de-graves-defaillances-20250423\" data-fig-type=\"Article\" data-gtm-custom-categorie=\"navigation\" data-gtm-custom-action=\"crossclick\" data-gtm-custom-label=\"Contextuel\" data-gtm-event=\"customEventSPE\" data-fig-domain=\"LEFIGARO\" target=\"_blank\" rel=\"noopener\">alil et Val\u00e9rie Narjissi, les parents de Medh<\/a>i, disparu en mer le 7 ao\u00fbt 2024 en Afrique du Sud lors d\u2019un stage de l\u2019\u00e9quipe de France U18, le Comit\u00e9 d\u2019\u00e9thique de la F\u00e9d\u00e9ration Fran\u00e7aise de Rugby a enfin\u00a0<a href=\"http:\/\/www.lefigaro.fr\/sports\/rugby\/disparition-de-medhi-narjissi-pour-le-comite-d-ethique-des-manquements-mais-pas-de-procedure-disciplinaire-contre-la-ffr-20251210\" data-fig-type=\"NewsFlash\" data-gtm-custom-categorie=\"navigation\" data-gtm-custom-action=\"crossclick\" data-gtm-custom-label=\"Contextuel\" data-gtm-event=\"customEventSPE\" data-fig-domain=\"LEFIGARO\" target=\"_blank\" rel=\"noopener\">rendu ses conclusions ce mardi.<\/a><\/p>\n<p class=\"fig-paragraph\">Estimant que ce drame a eu lieu dans un \u00abcontexte particuli\u00e8rement complexe et troubl\u00e9, issu de la concomitance de la succession \u00e0 l\u2019ancienne \u00e9quipe dirigeante et de l\u2019actualit\u00e9 du moment\u00bb mais que \u00ables manquements analys\u00e9s\u00bb et reproch\u00e9s \u00e0 la FFR et \u00e0 son pr\u00e9sident Florian Grill, ne justifiaient pas la saisine d\u2019un organe disciplinaire.<\/p>\n<p>                                            La mort de Medhi est survenue 14 mois apr\u00e8s l\u2019arriv\u00e9e d\u2019une nouvelle gouvernance \u00e0 la t\u00eate de la FFR<br \/>\n                                            <a class=\"fig-a11y-skip\" href=\"#fig-a11y-skip-main-inarticle\" data-module=\"a11y-skip\" data-context=\"was @visible\"><br \/>\n    Passer la publicit\u00e9<br \/>\n<\/a>            <\/p>\n<p class=\"fig-paragraph\">Cette fin de non-recevoir choque la famille Narjissi, qui s\u2019est exprim\u00e9e via un communiqu\u00e9. \u00abL\u2019avis rendu ne manque pas de surprendre, en estimant que les fautes commises par la FFR ne justifiaient pas de saisine de l\u2019organe disciplinaire invoquant la \u2019\u2019transition\u2019\u2019 de l\u2019\u00e9quipe dirigeante et l\u2019actualit\u00e9 du moment. On rappellera que la mort de Medhi est survenue 14 mois apr\u00e8s l\u2019arriv\u00e9e d\u2019une nouvelle gouvernance \u00e0 la t\u00eate de la FFR sans que l\u2019on comprenne bien le lien entre sa mort tragique et la gouvernance de la FFR\u00a0: pass\u00e9e, actuelle ou future.\u00bb<\/p>\n<p class=\"fig-body-link\">\n            \u00c0 lire aussi<br \/>\n        <a class=\"fig-body-link__link\" href=\"http:\/\/www.lefigaro.fr\/sports\/rugby\/pourquoi-n-assume-t-il-pas-ses-responsabilites-apres-la-disparition-de-leur-fils-la-famille-narjissi-veut-toujours-que-florian-grill-soit-poursuivi-20250731\" data-fig-type=\"NewsFlash\" data-gtm-custom-categorie=\"navigation\" data-gtm-custom-action=\"crossclick\" data-gtm-custom-label=\"Contextuel\" data-gtm-event=\"customEventSPE\" data-fig-domain=\"LEFIGARO\" target=\"_blank\" rel=\"noopener\"><\/p>\n<p>        \u00abPourquoi n\u2019assume-t-il pas ses responsabilit\u00e9s\u00a0?\u00bb: apr\u00e8s la disparition de leur fils, la famille Narjissi veut toujours que Florian Grill soit poursuivi<br \/>\n    <\/a>\n<\/p>\n<p class=\"fig-paragraph\">\u00abLa famille Narjissi exprime sa profonde incompr\u00e9hension face \u00e0 un avis \u00e9mis par un comit\u00e9 de la FFR qui ressemble davantage \u00e0 un bouclier institutionnel pour ses membres et ses dirigeants qu\u2019\u00e0 une volont\u00e9 manifeste de rechercher la v\u00e9rit\u00e9 dans les causes de la mort de Medhi. Nous esp\u00e9rons d\u00e9sormais que la justice p\u00e9nale se fasse et vienne sanctionner comme il se doit les auteurs et les complices de la mort de Medhi.\u00bb<\/p>\n","protected":false},"excerpt":{"rendered":"Les parents du jeune joueur disparu en mer en ao\u00fbt 2024 esp\u00e8rent que la justice p\u00e9nale sanctionnera \u00ables&hellip;\n","protected":false},"author":2,"featured_media":593047,"comment_status":"","ping_status":"","sticky":false,"template":"","format":"standard","meta":{"footnotes":""},"categories":[1416],"tags":[12116,1011,27,479,1468,60],"class_list":{"0":"post-593046","1":"post","2":"type-post","3":"status-publish","4":"format-standard","5":"has-post-thumbnail","7":"category-rugby","8":"tag-ffr","9":"tag-fr","10":"tag-france","11":"tag-rugby","12":"tag-rugby-football","13":"tag-sports"},"share_on_mastodon":{"url":"https:\/\/pubeurope.com\/@fr\/115701567068162756","error":""},"_links":{"self":[{"href":"https:\/\/www.europesays.com\/fr\/wp-json\/wp\/v2\/posts\/593046","targetHints":{"allow":["GET"]}}],"collection":[{"href":"https:\/\/www.europesays.com\/fr\/wp-json\/wp\/v2\/posts"}],"about":[{"href":"https:\/\/www.europesays.com\/fr\/wp-json\/wp\/v2\/types\/post"}],"author":[{"embeddable":true,"href":"https:\/\/www.europesays.com\/fr\/wp-json\/wp\/v2\/users\/2"}],"replies":[{"embeddable":true,"href":"https:\/\/www.europesays.com\/fr\/wp-json\/wp\/v2\/comments?post=593046"}],"version-history":[{"count":0,"href":"https:\/\/www.europesays.com\/fr\/wp-json\/wp\/v2\/posts\/593046\/revisions"}],"wp:featuredmedia":[{"embeddable":true,"href":"https:\/\/www.europesays.com\/fr\/wp-json\/wp\/v2\/media\/593047"}],"wp:attachment":[{"href":"https:\/\/www.europesays.com\/fr\/wp-json\/wp\/v2\/media?parent=593046"}],"wp:term":[{"taxonomy":"category","embeddable":true,"href":"https:\/\/www.europesays.com\/fr\/wp-json\/wp\/v2\/categories?post=593046"},{"taxonomy":"post_tag","embeddable":true,"href":"https:\/\/www.europesays.com\/fr\/wp-json\/wp\/v2\/tags?post=593046"}],"curies":[{"name":"wp","href":"https:\/\/api.w.org\/{rel}","templated":true}]}}