{"id":593053,"date":"2025-12-11T15:15:20","date_gmt":"2025-12-11T15:15:20","guid":{"rendered":"https:\/\/www.europesays.com\/fr\/593053\/"},"modified":"2025-12-11T15:15:20","modified_gmt":"2025-12-11T15:15:20","slug":"beyonce-et-nicole-kidman-copresideront-le-met-gala-2026","status":"publish","type":"post","link":"https:\/\/www.europesays.com\/fr\/593053\/","title":{"rendered":"Beyonc\u00e9 et Nicole Kidman copr\u00e9sideront le Met Gala 2026"},"content":{"rendered":"<p class=\"mb-4 text-lg md:leading-8 break-words\">Beyonc\u00e9 et Nicole Kidman dirigeront conjointement l&rsquo;\u00e9dition 2026 de la tr\u00e8s chic soir\u00e9e caritative de la mode am\u00e9ricaine.<br \/>La chanteuse de Crazy in Love et la star de Moulin Rouge! seront rejointes dans leur mission par la l\u00e9gende du tennis Venus Williams et Anna Wintour, l&rsquo;ancienne r\u00e9dactrice en chef de Vogue, qui supervise traditionnellement l&rsquo;\u00e9v\u00e9nement. Il a \u00e9galement \u00e9t\u00e9 confirm\u00e9 que Zo\u00eb Kravitz et le designer Anthony Vaccarello copr\u00e9sideront le comit\u00e9 d&rsquo;accueil du Met Gala 2026, \u00e9paul\u00e9s notamment par Sabrina Carpenter, Doja Cat, Elizabeth Debicki, ou encore Lena Dunham.<br \/>La direction enti\u00e8rement f\u00e9minine marque un changement par rapport \u00e0 la liste des co-organisateurs masculins de cette ann\u00e9e, qui comprenait A$AP Rocky, Colman Domingo, Lewis Hamilton et Pharrell Williams. Le th\u00e8me de 2025 \u00e9tait Superfine : Tailoring Black Style, sur les dandys noirs.<br \/>La grande soir\u00e9e du Metropolitan Museum of Art accompagnera l&rsquo;exposition printani\u00e8re du Costume Institute, Costume Art, l&rsquo;art du costume, qui explorera la relation intime entre le v\u00eatement et le corps. L&rsquo;exposition, qui montrera des pi\u00e8ces historiques et modernes, sera la premi\u00e8re \u00e0 \u00eatre pr\u00e9sent\u00e9e dans les nouvelles Galleries Cond\u00e9 M. Nast du mus\u00e9e.<br \/>2026 marquera \u00e9galement le retour de Beyonc\u00e9 \u00e0 cet \u00e9v\u00e9nement auquel elle n&rsquo;a pas assist\u00e9 depuis dix ans. La derni\u00e8re fois qu&rsquo;elle a gravi les marches embl\u00e9matiques du Metropolitan Museum of Art de New York, c&rsquo;\u00e9tait en 2016 pour la soir\u00e9e Manus x Machina, v\u00eatue d&rsquo;une tenue Givenchy Haute Couture.<br \/>Le gala du Met 2026 aura lieu le lundi 4 mai 2026 au Metropolitan Museum of Art de New York.<\/p>\n","protected":false},"excerpt":{"rendered":"Beyonc\u00e9 et Nicole Kidman dirigeront conjointement l&rsquo;\u00e9dition 2026 de la tr\u00e8s chic soir\u00e9e caritative de la mode am\u00e9ricaine.La&hellip;\n","protected":false},"author":2,"featured_media":593054,"comment_status":"","ping_status":"","sticky":false,"template":"","format":"standard","meta":{"footnotes":""},"categories":[1359],"tags":[34602,57163,7362,58,50890,70604,59,1011,27,1975,14283,41626,973,34203,31477,40758],"class_list":{"0":"post-593053","1":"post","2":"type-post","3":"status-publish","4":"format-standard","5":"has-post-thumbnail","7":"category-people","8":"tag-anna-wintour","9":"tag-anthony-vaccarello","10":"tag-beyonce","11":"tag-divertissement","12":"tag-doja-cat","13":"tag-elizabeth-debicki","14":"tag-entertainment","15":"tag-fr","16":"tag-france","17":"tag-lewis-hamilton","18":"tag-metropolitan-museum-of-art","19":"tag-nicole-kidman","20":"tag-people","21":"tag-pharrell-williams","22":"tag-sabrina-carpenter","23":"tag-venus-williams"},"share_on_mastodon":{"url":"https:\/\/pubeurope.com\/@fr\/115701594365494313","error":""},"_links":{"self":[{"href":"https:\/\/www.europesays.com\/fr\/wp-json\/wp\/v2\/posts\/593053","targetHints":{"allow":["GET"]}}],"collection":[{"href":"https:\/\/www.europesays.com\/fr\/wp-json\/wp\/v2\/posts"}],"about":[{"href":"https:\/\/www.europesays.com\/fr\/wp-json\/wp\/v2\/types\/post"}],"author":[{"embeddable":true,"href":"https:\/\/www.europesays.com\/fr\/wp-json\/wp\/v2\/users\/2"}],"replies":[{"embeddable":true,"href":"https:\/\/www.europesays.com\/fr\/wp-json\/wp\/v2\/comments?post=593053"}],"version-history":[{"count":0,"href":"https:\/\/www.europesays.com\/fr\/wp-json\/wp\/v2\/posts\/593053\/revisions"}],"wp:featuredmedia":[{"embeddable":true,"href":"https:\/\/www.europesays.com\/fr\/wp-json\/wp\/v2\/media\/593054"}],"wp:attachment":[{"href":"https:\/\/www.europesays.com\/fr\/wp-json\/wp\/v2\/media?parent=593053"}],"wp:term":[{"taxonomy":"category","embeddable":true,"href":"https:\/\/www.europesays.com\/fr\/wp-json\/wp\/v2\/categories?post=593053"},{"taxonomy":"post_tag","embeddable":true,"href":"https:\/\/www.europesays.com\/fr\/wp-json\/wp\/v2\/tags?post=593053"}],"curies":[{"name":"wp","href":"https:\/\/api.w.org\/{rel}","templated":true}]}}