{"id":593072,"date":"2025-12-11T15:27:16","date_gmt":"2025-12-11T15:27:16","guid":{"rendered":"https:\/\/www.europesays.com\/fr\/593072\/"},"modified":"2025-12-11T15:27:16","modified_gmt":"2025-12-11T15:27:16","slug":"maria-corina-machado-affirme-avoir-beneficie-dune-aide-americaine-pour-fuir-le-venezuela","status":"publish","type":"post","link":"https:\/\/www.europesays.com\/fr\/593072\/","title":{"rendered":"Mar\u00eda Corina Machado affirme avoir b\u00e9n\u00e9fici\u00e9 d&rsquo;une aide am\u00e9ricaine pour fuir le Venezuela"},"content":{"rendered":"<p>\n    <strong>LE POINT SUR LA SITUATION <\/strong>&#8211; Apr\u00e8s plus d\u2019un an de clandestinit\u00e9, l\u2019opposante v\u00e9n\u00e9zu\u00e9lienne a quitt\u00e9 Caracas pour rejoindre Oslo, afin d\u2019y recevoir le prix Nobel de la paix.<\/p>\n<p class=\"fig-paragraph\">Arriv\u00e9e \u00e0 Oslo, la laur\u00e9ate du prix Nobel de la Paix a donn\u00e9 jeudi 11 d\u00e9cembre une conf\u00e9rence de presse, initialement pr\u00e9vue en d\u00e9but de semaine. L\u2019opposante politique, qui a pass\u00e9 pr\u00e8s d\u2019une ann\u00e9e recluse dans sa maison pour \u00e9chapper au<a href=\"http:\/\/www.lefigaro.fr\/international\/elliott-abrams-donald-trump-veut-faire-chuter-le-regime-de-nicolas-maduro-sans-troupes-au-sol-20251120\" target=\"_blank\" data-fig-type=\"Article\" rel=\"noopener\" data-gtm-custom-categorie=\"navigation\" data-gtm-custom-action=\"crossclick\" data-gtm-custom-label=\"Contextuel\" data-gtm-event=\"customEventSPE\" data-fig-domain=\"LEFIGARO\">\u00a0r\u00e9gime Maduro<\/a>\u00a0est revenue sur sa fuite du Venezuela, le r\u00f4le de Donald Trump, une \u00e9ventuelle candidature \u00e0 la pr\u00e9sidentielle et son retour possible dans son pays. Le Figaro fait le point.<\/p>\n<p>                                            Machado dit avoir b\u00e9n\u00e9fici\u00e9 d\u2019une aide am\u00e9ricaine pour sortir du Venezuela<\/p>\n<p class=\"fig-paragraph\">L&rsquo;opposante v\u00e9n\u00e9zu\u00e9lienne\u00a0<a href=\"http:\/\/www.lefigaro.fr\/flash-actu\/l-opposante-venezuelienne-maria-corina-machado-laureate-du-prix-nobel-de-la-paix-est-arrivee-a-oslo-20251211\" data-fig-type=\"NewsFlash\" data-gtm-custom-categorie=\"navigation\" data-gtm-custom-action=\"crossclick\" data-gtm-custom-label=\"Contextuel\" data-gtm-event=\"customEventSPE\" data-fig-domain=\"LEFIGARO\" target=\"_blank\" rel=\"noopener\">Maria Corina Machado<\/a>, prix Nobel de la paix, a d\u00e9clar\u00e9 avoir obtenu le soutien de l&rsquo;administration am\u00e9ricaine pour sortir de son pays et rejoindre\u00a0<a href=\"https:\/\/www.lefigaro.fr\/story\/budget-de-la-defense-la-laureate-du-prix-nobel-de-la-paix-a-oslo-le-hamas-accuse-de-crimes-contre-lhumanite-par-amnesty-les-5-infos-a-connaitre-ce-11-novembre-18251\" data-fig-type=\"Story\" data-gtm-custom-categorie=\"navigation\" data-gtm-custom-action=\"crossclick\" data-gtm-custom-label=\"Contextuel\" data-gtm-event=\"customEventSPE\" data-fig-domain=\"LEFIGARO\" target=\"_blank\" rel=\"noopener\">Oslo<\/a>.<\/p>\n<p>                                            <a class=\"fig-a11y-skip\" href=\"#fig-a11y-skip-main-inarticle\" data-module=\"a11y-skip\" data-context=\"was @visible\"><br \/>\n    Passer la publicit\u00e9<br \/>\n<\/a>            <\/p>\n<p class=\"fig-paragraph\">\u00abNous avons re\u00e7u un soutien du gouvernement am\u00e9ricain pour arriver ici\u00bb, a dit Maria Machado, qui vivait clandestinement au\u00a0<a href=\"http:\/\/www.lefigaro.fr\/international\/tous-ceux-qui-vivent-au-venezuela-et-qui-disent-la-verite-risquent-leur-vie-avertit-la-laureate-du-nobel-de-la-paix-20251211\" data-fig-type=\"NewsFlash\" data-gtm-custom-categorie=\"navigation\" data-gtm-custom-action=\"crossclick\" data-gtm-custom-label=\"Contextuel\" data-gtm-event=\"customEventSPE\" data-fig-domain=\"LEFIGARO\" target=\"_blank\" rel=\"noopener\">Venezuela<\/a>, lors d&rsquo;une conf\u00e9rence de presse dans la capitale norv\u00e9gienne.<\/p>\n<p>                                            L\u2019opposante promet d\u2019\u00ab\u202f\u00eatre bient\u00f4t de retour au Venezuela\u00a0\u00bb<\/p>\n<p class=\"fig-paragraph\">L\u2019opposante v\u00e9n\u00e9zu\u00e9lienne a affirm\u00e9 \u00e0 Oslo qu\u2019elle retournerait prochainement dans son pays. \u00ab\u202fJe reviendrai bient\u00f4t au Venezuela et vous aussi\u00a0\u00bb, a-t-elle d\u00e9clar\u00e9 en espagnol lors d\u2019une conf\u00e9rence de presse. \u00abJe suis venue pour recevoir le prix au nom du peuple v\u00e9n\u00e9zu\u00e9lien et je le ram\u00e8nerai au Venezuela au moment ad\u00e9quat.\u00bb<\/p>\n<p class=\"fig-paragraph\">\u00abJe ne dirai pas quand ni comment cela se fera mais je ferai tout (mon) possible pour pouvoir rentrer et aussi mettre fin \u00e0 cette tyrannie tr\u00e8s bient\u00f4t\u00bb, a-t-elle ajout\u00e9, assurant qu\u2019il fallait \u00abfinir le travail\u00bb pour \u00e9tablir la d\u00e9mocratie. Machado a aussi remerci\u00e9 \u00abtous ces hommes et ces femmes qui ont risqu\u00e9 leur vie pour que je puisse \u00eatre ici aujourd\u2019hui\u00bb. \u00abUn jour, je pourrai vous raconter, car je ne veux certainement pas les mettre en danger maintenant\u00bb, a-t-elle ajout\u00e9.<\/p>\n<p class=\"fig-paragraph\">Au Venezuela, la justice la recherche pour \u00abconspiration, incitation \u00e0 la haine et terrorisme\u00bb, et des doutes subsistent sur la mani\u00e8re par laquelle elle compte parvenir \u00e0 regagner son pays.<\/p>\n<p>                                            <strong>La laur\u00e9ate du Nobel fustige le gouvernement Maduro<\/strong><\/p>\n<p class=\"fig-paragraph\">La laur\u00e9ate du Nobel n\u2019a pas h\u00e9sit\u00e9 \u00e0 d\u00e9noncer le gouvernement de Maduro, qu\u2019elle accuse de commettre des \u00abcrimes brutaux\u00bb, utilisant les ressources de l\u2019\u00c9tat pour r\u00e9primer la population et s\u2019enrichir. Interrog\u00e9e sur la\u00a0<a href=\"http:\/\/www.lefigaro.fr\/flash-actu\/donald-trump-annonce-que-les-etats-unis-ont-saisi-un-tres-grand-petrolier-au-large-du-venezuela-20251210\" data-fig-type=\"NewsFlash\" data-gtm-custom-categorie=\"navigation\" data-gtm-custom-action=\"crossclick\" data-gtm-custom-label=\"Contextuel\" data-gtm-event=\"customEventSPE\" data-fig-domain=\"LEFIGARO\" target=\"_blank\" rel=\"noopener\">saisie d\u2019un p\u00e9trolier par les \u00c9tats-Unis<\/a>, elle a indiqu\u00e9 que le r\u00e9gime d\u00e9tourne les ressources publiques pour maintenir son pouvoir.<\/p>\n<p>                                            <a class=\"fig-a11y-skip\" href=\"#fig-a11y-skip-main-inarticle_mtf\" data-module=\"a11y-skip\" data-context=\"was @visible\"><br \/>\n    Passer la publicit\u00e9<br \/>\n<\/a>            <\/p>\n<p class=\"fig-paragraph\">Elle insiste sur la n\u00e9cessit\u00e9 de r\u00e9former toutes les institutions, aujourd\u2019hui \u00abd\u00e9vast\u00e9es\u00bb, et de pr\u00e9parer une transition organis\u00e9e. \u00abCes criminels doivent \u00eatre arr\u00eat\u00e9s, stopper le flux d\u2019argent est essentiel\u00bb, a-t-elle d\u00e9clar\u00e9, mettant en avant l\u2019urgence de reconstruire le pays apr\u00e8s des ann\u00e9es de gouvernance autoritaire.<\/p>\n<p>                                            <strong>Vers une coalition de transition<\/strong><\/p>\n<p class=\"fig-paragraph\">Machado a \u00e9galement \u00e9voqu\u00e9 la mobilisation internationale pour soutenir le Venezuela. \u00abNous avons construit une coalition de soutien \u00e0 travers les id\u00e9ologies, et je suis optimiste qu\u2019elle se renforcera\u00bb, a-t-elle affirm\u00e9. Elle a salu\u00e9 le r\u00f4le d\u00e9cisif de\u00a0<a href=\"http:\/\/www.lefigaro.fr\/flash-actu\/l-administration-trump-achete-ses-propres-avions-pour-expulser-des-immigres-sans-papiers-20251210\" data-fig-type=\"NewsFlash\" data-gtm-custom-categorie=\"navigation\" data-gtm-custom-action=\"crossclick\" data-gtm-custom-label=\"Contextuel\" data-gtm-event=\"customEventSPE\" data-fig-domain=\"LEFIGARO\" target=\"_blank\" rel=\"noopener\">l\u2019administration Trump<\/a>\u00a0dans la pression exerc\u00e9e sur le r\u00e9gime.<\/p>\n<p class=\"fig-paragraph\">Concernant la transition politique, elle pr\u00e9cise que \u00abnous avons les plans pr\u00eats pour prendre le relais d\u00e8s le premier jour\u00bb et qu\u2019une coordination avec les alli\u00e9s internationaux est indispensable. Interrog\u00e9e sur une \u00e9ventuelle candidature pr\u00e9sidentielle, elle a r\u00e9pondu avec prudence\u00a0: \u00abUn jour \u00e0 la fois\u00bb, laissant entendre qu\u2019elle envisageait de s\u2019engager politiquement selon l\u2019\u00e9volution de la situation.<\/p>\n","protected":false},"excerpt":{"rendered":"LE POINT SUR LA SITUATION &#8211; Apr\u00e8s plus d\u2019un an de clandestinit\u00e9, l\u2019opposante v\u00e9n\u00e9zu\u00e9lienne a quitt\u00e9 Caracas pour&hellip;\n","protected":false},"author":2,"featured_media":593073,"comment_status":"","ping_status":"","sticky":false,"template":"","format":"standard","meta":{"footnotes":""},"categories":[5],"tags":[11,1011,27,14,12,41938,337,28],"class_list":{"0":"post-593072","1":"post","2":"type-post","3":"status-publish","4":"format-standard","5":"has-post-thumbnail","7":"category-international","8":"tag-actualites","9":"tag-fr","10":"tag-france","11":"tag-international","12":"tag-news","13":"tag-prix-nobel-de-la-paix","14":"tag-venezuela","15":"tag-world"},"share_on_mastodon":{"url":"https:\/\/pubeurope.com\/@fr\/115701641734416643","error":""},"_links":{"self":[{"href":"https:\/\/www.europesays.com\/fr\/wp-json\/wp\/v2\/posts\/593072","targetHints":{"allow":["GET"]}}],"collection":[{"href":"https:\/\/www.europesays.com\/fr\/wp-json\/wp\/v2\/posts"}],"about":[{"href":"https:\/\/www.europesays.com\/fr\/wp-json\/wp\/v2\/types\/post"}],"author":[{"embeddable":true,"href":"https:\/\/www.europesays.com\/fr\/wp-json\/wp\/v2\/users\/2"}],"replies":[{"embeddable":true,"href":"https:\/\/www.europesays.com\/fr\/wp-json\/wp\/v2\/comments?post=593072"}],"version-history":[{"count":0,"href":"https:\/\/www.europesays.com\/fr\/wp-json\/wp\/v2\/posts\/593072\/revisions"}],"wp:featuredmedia":[{"embeddable":true,"href":"https:\/\/www.europesays.com\/fr\/wp-json\/wp\/v2\/media\/593073"}],"wp:attachment":[{"href":"https:\/\/www.europesays.com\/fr\/wp-json\/wp\/v2\/media?parent=593072"}],"wp:term":[{"taxonomy":"category","embeddable":true,"href":"https:\/\/www.europesays.com\/fr\/wp-json\/wp\/v2\/categories?post=593072"},{"taxonomy":"post_tag","embeddable":true,"href":"https:\/\/www.europesays.com\/fr\/wp-json\/wp\/v2\/tags?post=593072"}],"curies":[{"name":"wp","href":"https:\/\/api.w.org\/{rel}","templated":true}]}}