{"id":593074,"date":"2025-12-11T15:28:14","date_gmt":"2025-12-11T15:28:14","guid":{"rendered":"https:\/\/www.europesays.com\/fr\/593074\/"},"modified":"2025-12-11T15:28:14","modified_gmt":"2025-12-11T15:28:14","slug":"nicolas-sarkozy-indigne-ces-avocats-avec-ce-passage-sur-thierry-herzog","status":"publish","type":"post","link":"https:\/\/www.europesays.com\/fr\/593074\/","title":{"rendered":"Nicolas Sarkozy indigne ces avocats avec ce passage sur Thierry Herzog"},"content":{"rendered":"<p>        <img decoding=\"async\" loading=\"lazy\" src=\"https:\/\/www.europesays.com\/fr\/wp-content\/uploads\/2025\/12\/92d9cca_upload-1-l6527s4ob84t-afp-20251210-chobeaux-notitle251210-npbad-v1-highres-crowdfornicolassa.jpeg\"  width=\"728\" height=\"409\" alt=\"Nicolas Sarkozy photographi\u00e9 lors d\u2019une s\u00e9ance de d\u00e9dicaces, \u00e0 Paris, le 10\u00a0d\u00e9cembre 2025\"\/>  <\/p>\n<p>JEROME GILLES \/ NurPhoto via AFP<\/p>\n<p>Nicolas Sarkozy photographi\u00e9 lors d\u2019une s\u00e9ance de d\u00e9dicaces, \u00e0 Paris, le 10\u00a0d\u00e9cembre 2025<\/p>\n<p class=\"asset asset-text\">Droit de citer. Dans <a href=\"https:\/\/www.huffingtonpost.fr\/politique\/article\/plus-qu-un-temoignage-le-livre-de-nicolas-sarkozy-est-un-manifeste-qui-a-tout-pour-ravir-vincent-bollore_258035.html\" target=\"_blank\" rel=\"noopener\">Journal d\u2019un prisonnier <\/a>(ed. Fayard), paru ce mercredi 10\u00a0d\u00e9cembre <a href=\"https:\/\/www.huffingtonpost.fr\/politique\/video\/avant-la-dedicace-du-livre-de-nicolas-sarkozy-on-a-fait-lire-ces-extraits-croustillants-a-ses-futurs-lecteurs_258093.html\" target=\"_blank\" rel=\"noopener\">Nicolas Sarkozy<\/a> encha\u00eene les truismes sur l\u2019enfermement et les hyperboles sur la duret\u00e9 du matelas, sans se priver d\u2019attaques cinglantes \u00e0 l\u2019intelligence de S\u00e9gol\u00e8ne Royal, entre autres. 200\u00a0pages de complaintes o\u00f9 l\u2019ancien pr\u00e9sident, d\u00e9j\u00e0 deux fois d\u00e9finitivement condamn\u00e9, s\u2019en prend avec  m\u00e9chancet\u00e9 \u00e0 son ancien avocat Thierry Herzog.<\/p>\n<p class=\"asset asset-text\">Page\u00a092-93, sans avoir l\u2019air d\u2019y toucher, Nicolas Sarkozy \u00e9voque son \u00ab\u00a0ami\u00a0\u00bb dont les talents n\u2019auraient malheureusement rien de comparables \u00e0 ceux de Christophe Ingrain, l\u2019avocat qui l\u2019a d\u00e9fendu dans l\u2019affaire Libyenne. L\u2019ex-chef de l\u2019\u00c9tat estime ainsi avoir \u00e9t\u00e9 \u00ab\u00a0aveugl\u00e9\u00a0\u00bb par sa relation amicale avec Thierry Herzog, bien incapable selon lui \u00ab\u00a0d\u2019embrasser un dossier qui avait pris une telle ampleur\u00a0\u00bb. Sympa.<\/p>\n<p class=\"asset asset-text\">\u00ab\u00a0J\u2019avais sous-estim\u00e9 le travail de recherche et de d\u00e9construction du dossier (&#8230;) Quels que soient son talent et son d\u00e9vouement, il ne pouvait, aid\u00e9 de sa seule collaboratrice, approfondir toutes les directions que nous aurions d\u00fb explorer\u00a0\u00bb, frappe encore Nicolas Sarkozy, sans prendre la peine par ailleurs de nommer la collaboratrice en question.<\/p>\n<p>    L\u2019avocat des combats Sarkozystes    <\/p>\n<p class=\"asset asset-text\">D\u2019une main, il cajole, de l\u2019autre, il \u00e9trangle dans un paragraphe un brin toxique. Et ingrat\u00a0? Le destin et la carri\u00e8re de Thierry Herzog sont intimement li\u00e9s \u00e0 l\u2019\u00e9cosyst\u00e8me sarkozyste. Depuis plus de 40\u00a0ans, leur amiti\u00e9, faite entre autres de vacances \u00e0 la Baule et d\u2019un go\u00fbt pour Johnny Hallyday, est d\u00e9crite r\u00e9guli\u00e8rement comme ind\u00e9fectible. Au franc-parler du politicien r\u00e9pond la pugnacit\u00e9 p\u00e9nale de l\u2019autre. L\u2019avocat disait en 2013\u00a0\u00e0 Lib\u00e9ration vouer \u00ab\u00a0une admiration totale\u00a0\u00bb \u00e0 Nicolas Sarkozy.<\/p>\n<p class=\"asset asset-text\">Si l\u2019intimit\u00e9 de leurs liens leur appartient, il n\u2019en demeure pas moins que Thierry Herzog est un p\u00e9naliste estim\u00e9 particuli\u00e8rement dans les affaires politico-financi\u00e8res. Il fut de presque tous les combats judiciaires o\u00f9 le nom de Nicolas Sarkozy a \u00e9t\u00e9 simplement \u00e9voqu\u00e9 ou mis en cause\u00a0: Clearstream, Tapie, Air Coca\u00efne, Clearstream, Bygmalion, Bettencourt&#8230; Jusqu\u2019\u00e0 la funeste affaire Bismuth.<\/p>\n<p class=\"asset asset-text\">Dans ce dossier, Nicolas Sarkozy et Thierry Herzog ont \u00e9t\u00e9 d\u00e9finitivement condamn\u00e9s en 2024\u00a0\u00e0 trois ans de prison dont un ferme &#8211; et exclus de la l\u00e9gion d\u2019honneur en cons\u00e9quence &#8211; pour avoir\u00a0tent\u00e9 de corrompre un magistrat de la Cour de cassation, Gilbert Azibert, \u00e9galement condamn\u00e9. Thierry Herzog a pay\u00e9 de sa poche un lourd tribut\u00a0: une interdiction d\u2019exercer pendant trois ans. De quoi mesurer le prix de cette relation.<\/p>\n<p>    Une pluie de plaidoiries en d\u00e9fense de Herzog    <\/p>\n<p class=\"asset asset-text\">Sans surprise, la charge de Nicolas Sarkozy contre son ancien conseil a dans ce contexte outr\u00e9 de nombreux grands noms du droit, qui ont exprim\u00e9 leur indignation sur les r\u00e9seaux sociaux. \u00ab\u00a0Le pire ennemi de l\u2019avocat, c\u2019est le client\u00a0\u00bb, cingle sur X Ma\u00eetre Eolas (influent professionnel s\u2019exprimant sous pseudo) dans la m\u00eame tonalit\u00e9 que le c\u00e9l\u00e8bre p\u00e9naliste Frank Berton. Tout aussi amer, ce t\u00e9nor du barreau juge\u00a0que \u00ab\u00a0Thierry Herzog a pay\u00e9 cher son amiti\u00e9\u00a0\u00bb avec l\u2019ex-chef de l\u2019\u00c9tat. \u00c9lise Arfi, elle, s\u2019\u00e9trangle de constater autant d\u2019\u00ab\u00a0ingratitude\u00a0\u00bb et d\u2019\u00ab\u00a0\u00e9go\u00efsme\u00a0\u00bb de la part de Nicolas Sarkozy. \u00ab\u00a0Thierry Herzog lui fut fid\u00e8le au-del\u00e0 du raisonnable. Quelle m\u00e9diocrit\u00e9. Quel petit homme\u00a0\u00bb, cravache de son c\u00f4t\u00e9 Jean-Pierre Mignard.<\/p>\n<p class=\"asset asset-text\">\u00ab\u00a0Je suis comme tous mes confr\u00e8res que j\u2019ai eus en ligne, totalement scandalis\u00e9 par les \u00e9crits de Nicolas Sarkozy. C\u2019est tr\u00e8s in\u00e9l\u00e9gant et totalement injustifi\u00e9. Quoi qu\u2019on puisse dire, ce qui est \u00e9crit est indigne\u00a0\u00bb, fustige Alexandre Nabet, collaborateur de Thierry Herzog pendant 13\u00a0ans, aupr\u00e8s de <a href=\"https:\/\/www.20minutes.fr\/justice\/4190861-20251211-nicolas-sarkozy-hallucinant-penalistes-parisiens-soutiennent-ex-avocat-ancien-president?utm_content=photo&amp;utm_term=20Minutes&amp;utm_campaign=nonli&amp;utm_source=twitter&amp;utm_medium=Social\" target=\"_blank\" rel=\"noopener\" title=\"Nouvelle fen\u00eatre\">20\u00a0Minutes<\/a>. Le journal en ligne souligne la r\u00e9putation de l\u2019avocat cibl\u00e9, d\u00e9crit comme par l\u2019une de ses cons\u0153urs comme \u00e9tant dot\u00e9 d\u2019une \u00ab\u00a0gentillesse rare\u00a0\u00bb. Plusieurs avocats en appellent m\u00eame \u00e0 une r\u00e9action du Barreau.<\/p>\n<p class=\"asset asset-text\">La s\u00e9quence interroge finalement sur la conception que Nicolas Sarkozy a de l\u2019amiti\u00e9. Page\u00a092, toujours, l\u2019ancien pr\u00e9sident glisse\u00a0: \u00ab\u00a0Mon amiti\u00e9 peut me conduire \u00e0 \u00eatre faible, \u00e0 ne pas me s\u00e9parer \u00e0 temps de personne en bout de course ou \u00e0 trouver des excuses \u00e0 certaines insuffisances\u00a0\u00bb. En amiti\u00e9, comme dans l\u2019affaire libyenne, l\u2019ancien pr\u00e9sident serait donc une \u00ab\u00a0victime\u00a0\u00bb. Pratique mais pas surprenant pour celui qui taxe par ailleurs les familles des victimes de l\u2019attentat du DC-10 d\u2019UTA (170 morts en 1989) \u00ab\u00a0d\u2019ingrates\u00a0\u00bb et de \u00ab\u00a0revanchardes\u00a0\u00bb \u00e0 son endroit. Lors de l\u2019\u00e9nonc\u00e9 du verdict en septembre, la pr\u00e9sidente du tribunal avait entre autres justifi\u00e9 l\u2019incarc\u00e9ration provisoire par la capacit\u00e9 de Nicolas Sarkozy \u00e0 minimiser sa responsabilit\u00e9 et la gravit\u00e9 des faits lui \u00e9tant reproch\u00e9s. Pas s\u00fbr que sur ce plan-l\u00e0, la prison ait permis de le r\u00e9habiliter.<\/p>\n","protected":false},"excerpt":{"rendered":"JEROME GILLES \/ NurPhoto via AFP Nicolas Sarkozy photographi\u00e9 lors d\u2019une s\u00e9ance de d\u00e9dicaces, \u00e0 Paris, le 10\u00a0d\u00e9cembre&hellip;\n","protected":false},"author":2,"featured_media":593075,"comment_status":"","ping_status":"","sticky":false,"template":"","format":"standard","meta":{"footnotes":""},"categories":[4],"tags":[11,1011,27,303,12,3091,316,25,70606],"class_list":{"0":"post-593074","1":"post","2":"type-post","3":"status-publish","4":"format-standard","5":"has-post-thumbnail","7":"category-france","8":"tag-actualites","9":"tag-fr","10":"tag-france","11":"tag-justice","12":"tag-news","13":"tag-nicolas-sarkozy","14":"tag-politique","15":"tag-republique-francaise","16":"tag-thierry-herzog"},"share_on_mastodon":{"url":"https:\/\/pubeurope.com\/@fr\/115701647159482966","error":""},"_links":{"self":[{"href":"https:\/\/www.europesays.com\/fr\/wp-json\/wp\/v2\/posts\/593074","targetHints":{"allow":["GET"]}}],"collection":[{"href":"https:\/\/www.europesays.com\/fr\/wp-json\/wp\/v2\/posts"}],"about":[{"href":"https:\/\/www.europesays.com\/fr\/wp-json\/wp\/v2\/types\/post"}],"author":[{"embeddable":true,"href":"https:\/\/www.europesays.com\/fr\/wp-json\/wp\/v2\/users\/2"}],"replies":[{"embeddable":true,"href":"https:\/\/www.europesays.com\/fr\/wp-json\/wp\/v2\/comments?post=593074"}],"version-history":[{"count":0,"href":"https:\/\/www.europesays.com\/fr\/wp-json\/wp\/v2\/posts\/593074\/revisions"}],"wp:featuredmedia":[{"embeddable":true,"href":"https:\/\/www.europesays.com\/fr\/wp-json\/wp\/v2\/media\/593075"}],"wp:attachment":[{"href":"https:\/\/www.europesays.com\/fr\/wp-json\/wp\/v2\/media?parent=593074"}],"wp:term":[{"taxonomy":"category","embeddable":true,"href":"https:\/\/www.europesays.com\/fr\/wp-json\/wp\/v2\/categories?post=593074"},{"taxonomy":"post_tag","embeddable":true,"href":"https:\/\/www.europesays.com\/fr\/wp-json\/wp\/v2\/tags?post=593074"}],"curies":[{"name":"wp","href":"https:\/\/api.w.org\/{rel}","templated":true}]}}