{"id":593078,"date":"2025-12-11T15:30:16","date_gmt":"2025-12-11T15:30:16","guid":{"rendered":"https:\/\/www.europesays.com\/fr\/593078\/"},"modified":"2025-12-11T15:30:16","modified_gmt":"2025-12-11T15:30:16","slug":"200-personnes-evacuees-apres-lincendie-de-bouteilles-de-gaz","status":"publish","type":"post","link":"https:\/\/www.europesays.com\/fr\/593078\/","title":{"rendered":"200 personnes \u00e9vacu\u00e9es apr\u00e8s l\u2019incendie de bouteilles de gaz"},"content":{"rendered":"<p>Ce jeudi vers 10 heures, une trentaine de sapeurs-pompiers \u00e9taient mobilis\u00e9s.\u00a0Au boulevard Blaise-Pascal \u00e0 Roche-la-Moli\u00e8re, les soldats du feu ont \u00e9t\u00e9 appel\u00e9s dans un local technique o\u00f9 deux bouteilles d\u2019ac\u00e9tyl\u00e8ne en proie aux flammes.\u00a0Les pompiers ont aussi d\u00fb proc\u00e9der \u00e0 la s\u00e9curisation du b\u00e2timent de 13\u00a0000\u00a0m\u00b2.<\/p>\n<p>Cinq pavillons ont \u00e9t\u00e9 impliqu\u00e9s dans le p\u00e9rim\u00e8tre de s\u00e9curit\u00e9 et 200 employ\u00e9s du site ont \u00e9t\u00e9 \u00e9vacu\u00e9s avant l\u2019arriv\u00e9e des secours. Deux d\u2019entre eux ont \u00e9t\u00e9 pris en charge, mais leur \u00e9tat n\u2019a pas n\u00e9cessit\u00e9 d\u2019hospitalisation.<\/p>\n<p>Preuve de l\u2019importance du dispositif des pompiers, trois fourgons incendie ont \u00e9t\u00e9 d\u00e9p\u00each\u00e9s sur place ainsi qu\u2019un camion-citerne grande capacit\u00e9.<\/p>\n<p>La pr\u00e9fecture a signal\u00e9 en d\u00e9but d&rsquo;apr\u00e8s-midi que l&rsquo;intervention \u00e9tait termin\u00e9e.<\/p>\n","protected":false},"excerpt":{"rendered":"Ce jeudi vers 10 heures, une trentaine de sapeurs-pompiers \u00e9taient mobilis\u00e9s.\u00a0Au boulevard Blaise-Pascal \u00e0 Roche-la-Moli\u00e8re, les soldats du&hellip;\n","protected":false},"author":2,"featured_media":593079,"comment_status":"","ping_status":"","sticky":false,"template":"","format":"standard","meta":{"footnotes":""},"categories":[9653],"tags":[1111,11,2430,7539,1777,674,274,1011,27,1310,3367,12,25,12490,12491,4001],"class_list":{"0":"post-593078","1":"post","2":"type-post","3":"status-publish","4":"format-standard","5":"has-post-thumbnail","7":"category-saint-etienne","8":"tag-actu","9":"tag-actualites","10":"tag-auvergne-rhone-alpes","11":"tag-edition-loire-sud","12":"tag-eu","13":"tag-europe","14":"tag-faits-divers-justice","15":"tag-fr","16":"tag-france","17":"tag-incendie","18":"tag-loire","19":"tag-news","20":"tag-republique-francaise","21":"tag-roche-la-moliere","22":"tag-roche-la-moliere-bassin","23":"tag-saint-etienne"},"share_on_mastodon":{"url":"https:\/\/pubeurope.com\/@fr\/115701653386363752","error":""},"_links":{"self":[{"href":"https:\/\/www.europesays.com\/fr\/wp-json\/wp\/v2\/posts\/593078","targetHints":{"allow":["GET"]}}],"collection":[{"href":"https:\/\/www.europesays.com\/fr\/wp-json\/wp\/v2\/posts"}],"about":[{"href":"https:\/\/www.europesays.com\/fr\/wp-json\/wp\/v2\/types\/post"}],"author":[{"embeddable":true,"href":"https:\/\/www.europesays.com\/fr\/wp-json\/wp\/v2\/users\/2"}],"replies":[{"embeddable":true,"href":"https:\/\/www.europesays.com\/fr\/wp-json\/wp\/v2\/comments?post=593078"}],"version-history":[{"count":0,"href":"https:\/\/www.europesays.com\/fr\/wp-json\/wp\/v2\/posts\/593078\/revisions"}],"wp:featuredmedia":[{"embeddable":true,"href":"https:\/\/www.europesays.com\/fr\/wp-json\/wp\/v2\/media\/593079"}],"wp:attachment":[{"href":"https:\/\/www.europesays.com\/fr\/wp-json\/wp\/v2\/media?parent=593078"}],"wp:term":[{"taxonomy":"category","embeddable":true,"href":"https:\/\/www.europesays.com\/fr\/wp-json\/wp\/v2\/categories?post=593078"},{"taxonomy":"post_tag","embeddable":true,"href":"https:\/\/www.europesays.com\/fr\/wp-json\/wp\/v2\/tags?post=593078"}],"curies":[{"name":"wp","href":"https:\/\/api.w.org\/{rel}","templated":true}]}}