{"id":593086,"date":"2025-12-11T15:37:16","date_gmt":"2025-12-11T15:37:16","guid":{"rendered":"https:\/\/www.europesays.com\/fr\/593086\/"},"modified":"2025-12-11T15:37:16","modified_gmt":"2025-12-11T15:37:16","slug":"la-seyne-sur-mer-encore-quelques-jours-pour-candidater-au-concours-de-creches","status":"publish","type":"post","link":"https:\/\/www.europesays.com\/fr\/593086\/","title":{"rendered":"La Seyne-sur-Mer. Encore quelques jours pour candidater au concours de cr\u00e8ches"},"content":{"rendered":"<p>                    Par<br \/>\n        <strong><br \/>\n            <a href=\"https:\/\/actu.fr\/auteur\/laetitia-soula-gmail-com\" title=\"Consulter tous les articles de Laetitia Soula\" target=\"_blank\" rel=\"noopener\">Laetitia Soula<\/a><br \/>\n                    <\/strong><\/p>\n<p>        Publi\u00e9 le<\/p>\n<p>            11 d\u00e9c. 2025 \u00e0 15h47        <\/p>\n<p>Avis aux habitants de <a href=\"https:\/\/actu.fr\/provence-alpes-cote-d-azur\/la-seyne-sur-mer_83126\" target=\"_blank\" rel=\"noopener\"><strong>La Seyne-sur-Mer<\/strong><\/a> qui r\u00e9alisent chaque ann\u00e9e une <strong>cr\u00e8che\u00a0<\/strong>! V\u00e9ritable <strong>tradition en Provence<\/strong>, elle r\u00e9unit les santons au sein d\u2019une sc\u00e8ne bucolique de village autour de <strong>No\u00ebl<\/strong>. Dans le <a href=\"https:\/\/actu.fr\/provence-alpes-cote-d-azur\/var_83\" target=\"_blank\" rel=\"noopener\"><strong>Var<\/strong><\/a>, ce concours organis\u00e9 par la mairie vient la c\u00e9l\u00e9brer et met \u00e0 l\u2019honneur <strong>le talent et l\u2019imagination<\/strong> des habitants.<\/p>\n<p>    <a href=\"https:\/\/www.facebook.com\/plugins\/post.php?href=https%3A%2F%2Fwww.facebook.com%2FLaSeynesurMer%2Fposts%2Fpfbid02drA42L8ZuiDkyrEAqkEi2VgYrw9SHrzpEVRYoVdU5hnuinWsjuBZy5hu11pJYaghl&amp;show_text=true&amp;width=350\" title=\"Ouvrie le lien\" target=\"_blank\" rel=\"noopener\">Cliquez ici pour visualiser le contenu<\/a><\/p>\n<p>L\u2019Enfant J\u00e9sus<\/p>\n<p class=\" wall-content\">Pour la f\u00eate chr\u00e9tienne de <strong>No\u00ebl<\/strong>, la r\u00e9alisation d\u2019une <strong>cr\u00e8che<\/strong> vient animer l\u2019int\u00e9rieur des foyers.\u00a0On y voit des <strong>villageois<\/strong>, bergers, p\u00eacheurs, boulangers, <strong>le ravi<\/strong> levant les bras de joie \u00e0 la venue de l\u2019enfant divin, et <strong>dans l\u2019\u00e9table<\/strong>, Saint-Joseph et la Vierge Marie entourent <strong>l\u2019Enfant J\u00e9sus<\/strong> aux c\u00f4t\u00e9s de l\u2019\u00e2ne et du b\u0153uf.<\/p>\n<p>Une ambiance authentique\u00a0<\/p>\n<p class=\" wall-content\">Vous pouvez concourir \u00e0 <strong>trois cat\u00e9gories<\/strong>, selon la taille de votre cr\u00e9ation\u00a0:<\/p>\n<ul class=\" wall-content\">\n<li><strong>Petites<\/strong> cr\u00e8ches (moins d\u20191m2),<\/li>\n<li>Cr\u00e8ches <strong>moyennes<\/strong> (de 1m2 \u00e0 3m2),<\/li>\n<li><strong>Grandes<\/strong> cr\u00e8ches (plus de 3 m2).<\/li>\n<\/ul>\n<p class=\" wall-content\">La <strong>cr\u00e8che<\/strong> doit \u00eatre constitu\u00e9e des \u00e9l\u00e9ments <strong>traditionnels<\/strong>, \u00e0 savoir l\u2019\u00e9table de la Nativit\u00e9, les <strong>santons<\/strong> et les d\u00e9cors.\u00a0<\/p>\n<p class=\" wall-content\">Maisons en pierre, <strong>moulins \u00e0 vent<\/strong>, arbres, animaux, brouettes, <strong>instruments de musique<\/strong> traditionnels\u2026 Il s\u2019agit de cr\u00e9er <strong>\u00ab\u00a0une ambiance authentique\u00a0\u00bb<\/strong> en repr\u00e9sentant la nature et la <strong>vie quotidienne<\/strong> en Provence.<\/p>\n<p>Votre r\u00e9gion, votre actu !<\/p>\n<p>Recevez chaque jour les infos qui comptent pour vous.<\/p>\n<p>\t<a href=\"https:\/\/actu.fr\/newsletter\" class=\"ac-btn ac-btn--corner ac-btn--medium ac-btn--blue800\" target=\"_blank\" rel=\"noopener\">S&rsquo;incrire<\/a><\/p>\n<p class=\" wall-content\">La <strong>remise des prix<\/strong> aura lieu le samedi 17 janvier 2026 \u00e0 11h \u00e0 la mairie de <strong>La Seyne-sur-Mer<\/strong> (salle du conseil municipal), en pr\u00e9sence du <strong>groupe folklorique<\/strong> Lou Raioulet de Si\u00e8is Four.<\/p>\n<p><a href=\"https:\/\/demarches-la-seyne.demarches.sictiam.fr\/espace-particulier\/inscription-au-concours-de-creches-traditionnelles\/?fbclid=IwY2xjawOnssJleHRuA2FlbQIxMABzcnRjBmFwcF9pZBAyMjIwMzkxNzg4MjAwODkyAAEeUlTKPZtnTol6rf2c29zuDQ_vBGfW9PLhwRN4wp756wkF_EpmJHeKM3HMveI_aem_x3pStU-wLnSOjrvrroARhA\" target=\"_blank\" rel=\"noopener\">Inscription en ligne<\/a> avant le lundi 15 d\u00e9cembre 2025. Envoi des trois photos requises sur cette adresse mail : <a href=\"https:\/\/actu.fr\/cdn-cgi\/l\/email-protection\" class=\"__cf_email__\" data-cfemail=\"1f7c7c766b70667a716c5f737e326c7a66717a31796d\" target=\"_blank\" rel=\"noopener\">[email\u00a0protected]<\/a> ; plus d\u2019infos sur le <a href=\"https:\/\/www.la-seyne.fr\/cest-parti-pour-le-concours-de-creches\/\" target=\"_blank\" rel=\"noopener\">site de la mairie<\/a> ou par t\u00e9l\u00e9phone au 04 94 06 96 33.<\/p>\n<p class=\" wall-content\">Personnalisez votre actualit\u00e9 en ajoutant vos villes et m\u00e9dias en favori avec <a href=\"https:\/\/moncompte.actu.fr\" title=\"D\u00e9couvez Mon Actu\" rel=\"nofollow noopener\" data-trk=\"{&quot;cta&quot;:{&quot;action&quot;:&quot;https:\\\/\\\/moncompte.actu.fr&quot;,&quot;category&quot;:&quot;mon compte&quot;,&quot;from&quot;:&quot;article footer&quot;,&quot;name&quot;:&quot;Mon actu&quot;,&quot;type&quot;:&quot;cta&quot;}}\" target=\"_blank\">Mon Actu<\/a>.<\/p>\n","protected":false},"excerpt":{"rendered":"Par Laetitia Soula Publi\u00e9 le 11 d\u00e9c. 2025 \u00e0 15h47 Avis aux habitants de La Seyne-sur-Mer qui r\u00e9alisent&hellip;\n","protected":false},"author":2,"featured_media":593087,"comment_status":"","ping_status":"","sticky":false,"template":"","format":"standard","meta":{"footnotes":""},"categories":[9619],"tags":[1111,11,1777,674,1011,27,12,15830,882,25,104,2310],"class_list":{"0":"post-593086","1":"post","2":"type-post","3":"status-publish","4":"format-standard","5":"has-post-thumbnail","7":"category-toulon","8":"tag-actu","9":"tag-actualites","10":"tag-eu","11":"tag-europe","12":"tag-fr","13":"tag-france","14":"tag-news","15":"tag-noel","16":"tag-provence-alpes-cote-dazur","17":"tag-republique-francaise","18":"tag-societe","19":"tag-toulon"},"share_on_mastodon":{"url":"https:\/\/pubeurope.com\/@fr\/115701681101639294","error":""},"_links":{"self":[{"href":"https:\/\/www.europesays.com\/fr\/wp-json\/wp\/v2\/posts\/593086","targetHints":{"allow":["GET"]}}],"collection":[{"href":"https:\/\/www.europesays.com\/fr\/wp-json\/wp\/v2\/posts"}],"about":[{"href":"https:\/\/www.europesays.com\/fr\/wp-json\/wp\/v2\/types\/post"}],"author":[{"embeddable":true,"href":"https:\/\/www.europesays.com\/fr\/wp-json\/wp\/v2\/users\/2"}],"replies":[{"embeddable":true,"href":"https:\/\/www.europesays.com\/fr\/wp-json\/wp\/v2\/comments?post=593086"}],"version-history":[{"count":0,"href":"https:\/\/www.europesays.com\/fr\/wp-json\/wp\/v2\/posts\/593086\/revisions"}],"wp:featuredmedia":[{"embeddable":true,"href":"https:\/\/www.europesays.com\/fr\/wp-json\/wp\/v2\/media\/593087"}],"wp:attachment":[{"href":"https:\/\/www.europesays.com\/fr\/wp-json\/wp\/v2\/media?parent=593086"}],"wp:term":[{"taxonomy":"category","embeddable":true,"href":"https:\/\/www.europesays.com\/fr\/wp-json\/wp\/v2\/categories?post=593086"},{"taxonomy":"post_tag","embeddable":true,"href":"https:\/\/www.europesays.com\/fr\/wp-json\/wp\/v2\/tags?post=593086"}],"curies":[{"name":"wp","href":"https:\/\/api.w.org\/{rel}","templated":true}]}}