{"id":593090,"date":"2025-12-11T15:39:19","date_gmt":"2025-12-11T15:39:19","guid":{"rendered":"https:\/\/www.europesays.com\/fr\/593090\/"},"modified":"2025-12-11T15:39:19","modified_gmt":"2025-12-11T15:39:19","slug":"castelnau-le-lez-julien-miro-denonce-des-propos-diffamants-de-jean-pierre-grand-qui-assume-ses-ecrits","status":"publish","type":"post","link":"https:\/\/www.europesays.com\/fr\/593090\/","title":{"rendered":"Castelnau-le-Lez : Julien Miro d\u00e9nonce des propos \u00ab\u00a0diffamants\u00a0\u00bb de Jean-Pierre Grand, qui assume ses \u00e9crits"},"content":{"rendered":"<p>Jeudi 11 d\u00e9cembre, Julien Miro a r\u00e9agi par communiqu\u00e9, qualifiant ces propos d\u2019\u201centi\u00e8rement faux, diffamants et ind\u00e9cents pour la famille de la victime\u201d. Il affirme : \u201cJe ne me suis jamais rendu sur place lors d\u2019un suicide ou d\u2019un drame sur la voie ferr\u00e9e (\u2026) Je n\u2019\u00e9tais pas physiquement pr\u00e9sent \u00e0 Castelnau le jour des plus r\u00e9cents drames.\u201d Il exige le retrait du post et des excuses sous 48 h, faute de quoi il \u201cse verra dans l\u2019obligation de porter plainte pour diffamation\u201d.<\/p>\n","protected":false},"excerpt":{"rendered":"Jeudi 11 d\u00e9cembre, Julien Miro a r\u00e9agi par communiqu\u00e9, qualifiant ces propos d\u2019\u201centi\u00e8rement faux, diffamants et ind\u00e9cents pour&hellip;\n","protected":false},"author":2,"featured_media":593091,"comment_status":"","ping_status":"","sticky":false,"template":"","format":"standard","meta":{"footnotes":""},"categories":[9599],"tags":[1111,11,1777,674,1011,27,2208,12,2680,25],"class_list":{"0":"post-593090","1":"post","2":"type-post","3":"status-publish","4":"format-standard","5":"has-post-thumbnail","7":"category-montpellier","8":"tag-actu","9":"tag-actualites","10":"tag-eu","11":"tag-europe","12":"tag-fr","13":"tag-france","14":"tag-montpellier","15":"tag-news","16":"tag-occitanie","17":"tag-republique-francaise"},"share_on_mastodon":{"url":"https:\/\/pubeurope.com\/@fr\/115701688755072382","error":""},"_links":{"self":[{"href":"https:\/\/www.europesays.com\/fr\/wp-json\/wp\/v2\/posts\/593090","targetHints":{"allow":["GET"]}}],"collection":[{"href":"https:\/\/www.europesays.com\/fr\/wp-json\/wp\/v2\/posts"}],"about":[{"href":"https:\/\/www.europesays.com\/fr\/wp-json\/wp\/v2\/types\/post"}],"author":[{"embeddable":true,"href":"https:\/\/www.europesays.com\/fr\/wp-json\/wp\/v2\/users\/2"}],"replies":[{"embeddable":true,"href":"https:\/\/www.europesays.com\/fr\/wp-json\/wp\/v2\/comments?post=593090"}],"version-history":[{"count":0,"href":"https:\/\/www.europesays.com\/fr\/wp-json\/wp\/v2\/posts\/593090\/revisions"}],"wp:featuredmedia":[{"embeddable":true,"href":"https:\/\/www.europesays.com\/fr\/wp-json\/wp\/v2\/media\/593091"}],"wp:attachment":[{"href":"https:\/\/www.europesays.com\/fr\/wp-json\/wp\/v2\/media?parent=593090"}],"wp:term":[{"taxonomy":"category","embeddable":true,"href":"https:\/\/www.europesays.com\/fr\/wp-json\/wp\/v2\/categories?post=593090"},{"taxonomy":"post_tag","embeddable":true,"href":"https:\/\/www.europesays.com\/fr\/wp-json\/wp\/v2\/tags?post=593090"}],"curies":[{"name":"wp","href":"https:\/\/api.w.org\/{rel}","templated":true}]}}