{"id":593092,"date":"2025-12-11T15:41:20","date_gmt":"2025-12-11T15:41:20","guid":{"rendered":"https:\/\/www.europesays.com\/fr\/593092\/"},"modified":"2025-12-11T15:41:20","modified_gmt":"2025-12-11T15:41:20","slug":"challenge-cup-jordan-uelese-troisieme-ligne-et-capitaine-une-charniere-leo-coly-stuart-hogg-la-composition-de-montpellier-face-a-parme","status":"publish","type":"post","link":"https:\/\/www.europesays.com\/fr\/593092\/","title":{"rendered":"Challenge Cup \u2013 Jordan Uelese troisi\u00e8me ligne et capitaine, une charni\u00e8re L\u00e9o Coly \u2013 Stuart Hogg\u2026 La composition de Montpellier face \u00e0 Parme"},"content":{"rendered":"<p>\n                Apr\u00e8s leur victoire face aux Blacks Lions, les Montpelli\u00e9rains accueillent Parme pour la deuxi\u00e8me journ\u00e9e de Challenge Cup. Pour cela Caudullo a align\u00e9 une charni\u00e8re\u00a0L\u00e9o Coly \u2013 Stuart Hogg.\n            <\/p>\n<p>Pour confirmer le succ\u00e8s en G\u00e9orgie, le MHR doit l\u2019emporter au Septeo face aux Zebres de Parme. Pour cela, Joan Caudullo a d\u00e9cid\u00e9 de nommer\u00a0Jordan Uelese capitaine. Surtout, l\u2019Australien, habituel talonneur, est align\u00e9 en troisi\u00e8me ligne. Il sera accompagn\u00e9\u00a0par Marco Tauleigne et Alexander Masibaka qui m\u00e8nera le pack ciste.<\/p>\n<p>Derri\u00e8re, L\u00e9o Coly sera associ\u00e9 \u00e0 l\u2019\u00c9cossais Stuart Hogg \u00e0 la charni\u00e8re. Auguste Cadot et Thomas Darmon formeront la paire de centres.<\/p>\n<p><strong>Le XV de d\u00e9part de Montpellier<\/strong>\u00a0: 15. T.\u00a0Vincent\u00a0; 14. Ngandebe, 13. Darmon, 12. Cadot, 11. Moustin\u00a0; 10. Hogg, 9. Coly\u00a0; 7. Uelese (cap.), 8. Masibaka, 6. Tauleigne\u00a0; 5. Beard, 4. Verhaeghe\u00a0; 3. Japaridze, 2. Riccitelli, 1. Abuladze.<\/p>\n<p>Rempla\u00e7ants\u00a0: 16. Akrab, 17. Forletta, 18. Welsch, 19. Duguid, 20. Shand, 21. Price, 22. Miotti, 23. Ducros.<\/p>\n","protected":false},"excerpt":{"rendered":"Apr\u00e8s leur victoire face aux Blacks Lions, les Montpelli\u00e9rains accueillent Parme pour la deuxi\u00e8me journ\u00e9e de Challenge Cup.&hellip;\n","protected":false},"author":2,"featured_media":593093,"comment_status":"","ping_status":"","sticky":false,"template":"","format":"standard","meta":{"footnotes":""},"categories":[9599],"tags":[1111,11,69590,1777,674,1011,27,2208,12,2680,25,68796],"class_list":{"0":"post-593092","1":"post","2":"type-post","3":"status-publish","4":"format-standard","5":"has-post-thumbnail","7":"category-montpellier","8":"tag-actu","9":"tag-actualites","10":"tag-epcr-challenge-cup","11":"tag-eu","12":"tag-europe","13":"tag-fr","14":"tag-france","15":"tag-montpellier","16":"tag-news","17":"tag-occitanie","18":"tag-republique-francaise","19":"tag-rugby-u00e0-xv"},"share_on_mastodon":{"url":"https:\/\/pubeurope.com\/@fr\/115701696738219559","error":""},"_links":{"self":[{"href":"https:\/\/www.europesays.com\/fr\/wp-json\/wp\/v2\/posts\/593092","targetHints":{"allow":["GET"]}}],"collection":[{"href":"https:\/\/www.europesays.com\/fr\/wp-json\/wp\/v2\/posts"}],"about":[{"href":"https:\/\/www.europesays.com\/fr\/wp-json\/wp\/v2\/types\/post"}],"author":[{"embeddable":true,"href":"https:\/\/www.europesays.com\/fr\/wp-json\/wp\/v2\/users\/2"}],"replies":[{"embeddable":true,"href":"https:\/\/www.europesays.com\/fr\/wp-json\/wp\/v2\/comments?post=593092"}],"version-history":[{"count":0,"href":"https:\/\/www.europesays.com\/fr\/wp-json\/wp\/v2\/posts\/593092\/revisions"}],"wp:featuredmedia":[{"embeddable":true,"href":"https:\/\/www.europesays.com\/fr\/wp-json\/wp\/v2\/media\/593093"}],"wp:attachment":[{"href":"https:\/\/www.europesays.com\/fr\/wp-json\/wp\/v2\/media?parent=593092"}],"wp:term":[{"taxonomy":"category","embeddable":true,"href":"https:\/\/www.europesays.com\/fr\/wp-json\/wp\/v2\/categories?post=593092"},{"taxonomy":"post_tag","embeddable":true,"href":"https:\/\/www.europesays.com\/fr\/wp-json\/wp\/v2\/tags?post=593092"}],"curies":[{"name":"wp","href":"https:\/\/api.w.org\/{rel}","templated":true}]}}