{"id":593106,"date":"2025-12-11T15:48:14","date_gmt":"2025-12-11T15:48:14","guid":{"rendered":"https:\/\/www.europesays.com\/fr\/593106\/"},"modified":"2025-12-11T15:48:14","modified_gmt":"2025-12-11T15:48:14","slug":"lingolsheim-une-myriade-dartistes-internationaux-sous-le-chapiteau-du-cirque-de-noel","status":"publish","type":"post","link":"https:\/\/www.europesays.com\/fr\/593106\/","title":{"rendered":"Lingolsheim. Une myriade d\u2019artistes internationaux sous le chapiteau du cirque de No\u00ebl"},"content":{"rendered":"<p>C\u2019est un spectacle d\u2019une grande qualit\u00e9 qui est propos\u00e9 sous le chapiteau de 1\u00a0000 places \u2013 agr\u00e9ablement chauff\u00e9 \u2013 du cirque de No\u00ebl d\u2019Alsace, \u00e0 Lingolsheim.<\/p>\n<p>\u00c0 la baguette\u00a0: un jeune directeur, Baptiste Poifol, qui a des attaches maternelles en Alsace. Du haut de ses 19 ans, encourag\u00e9 par le producteur bien connu dans le monde circassien David Vitali, ce passionn\u00e9 a relev\u00e9 le d\u00e9fi de rassembler une \u00e9quipe professionnelle. Elle est compos\u00e9e de 25 artistes et de 15 techniciens originaires des quatre coins du globe, du Br\u00e9sil, Chili, Cuba, \u00c9quateur, Espagne, Ukraine\u2026 Et bien s\u00fbr d\u2019Alsace\u00a0!<\/p>\n<p>  De Lingolsheim au Festival international de Monte-Carlo<\/p>\n<p>Deux ans de travail auront \u00e9t\u00e9 n\u00e9cessaires pour voir l\u2019aboutissement du projet. Et le r\u00e9sultat est au rendez-vous. Pendant deux heures, les num\u00e9ros de ce spectacle compos\u00e9 sp\u00e9cialement pour le public alsacien se succ\u00e8dent.\u00a0De nombreuses familles avec enfants et petits-enfants, mais \u00e9galement des seniors venus du large secteur \u00e9taient rassembl\u00e9s pour la repr\u00e9sentation de ce mercredi 10\u00a0d\u00e9cembre \u00e0 14\u00a0h\u00a030.<\/p>\n<p>Les performances sur la piste aux \u00e9toiles ont \u00e9t\u00e9 chaudement applaudies. La bande-son de musique actuelle aidait \u00e0 la communion avec les artistes. La petite Danie, 5 ans et demi, venue avec ses grands-parents, a particuli\u00e8rement appr\u00e9ci\u00e9 les clowneries de Luigi.<\/p>\n<p>\u00c0 maintes reprises, le public aura vibr\u00e9 et retenu son souffle avec les acrobaties propos\u00e9es par la famille Palma venue d\u2019\u00c9quateur, le num\u00e9ro de cerceau a\u00e9rien propos\u00e9 par une \u00e9blouissante Cubaine, les sangles a\u00e9riennes avec la gr\u00e2ce du duo ukrainien Infinitum. Mention sp\u00e9ciale pour l\u2019Autrichien Stefan Dvorak, 19 ans, et son \u00e9poustouflant num\u00e9ro de Rolla Rolla, qui se produira au Festival international du cirque de Monte-Carlo en janvier\u00a02026. C\u2019est dire la qualit\u00e9 des num\u00e9ros propos\u00e9s.<\/p>\n<p>  Un cirque \u00ab\u00a0pour un public de tous \u00e2ges\u00a0\u00bb<\/p>\n<p>L\u2019assistance aura ri aux \u00e9clats avec le couple form\u00e9 par Mister Tomito, le local de l\u2019\u00e9tape, et son \u00e9pouse espagnole, habill\u00e9s en costume traditionnel alsacien. Le duo en a profit\u00e9 pour faire la promotion de la r\u00e9gion, \u00e0 renforts de bretzels et de standards de vari\u00e9t\u00e9 locale.<\/p>\n<p>\u00ab\u00a0C\u2019est aussi cela qui rend le spectacle unique\u00a0: voir \u00e9voluer des com\u00e9diens et danseurs professionnels aux c\u00f4t\u00e9s d\u2019artistes de cirque reconnus \u00e0 l\u2019international, cela donne \u00e0 l\u2019\u00e9v\u00e9nement une couleur diff\u00e9rente, ajoute le directeur. Le cirque ne s\u2019adresse plus uniquement aux enfants mais \u00e0 un public de tous \u00e2ges.\u00a0\u00bb<\/p>\n<p>Le jeune homme esp\u00e8re que son chapiteau fera le plein pour les derni\u00e8res repr\u00e9sentations. \u00c0 l\u2019issue du spectacle, la belle haie d\u2019honneur de la troupe \u00e9ph\u00e9m\u00e8re pour les visiteurs prolonge d\u2019ailleurs la magie. Chapeau (de No\u00ebl), les artistes\u00a0!<\/p>\n<p class=\"note\">Ultimes repr\u00e9sentations ce vendredi 12\u00a0d\u00e9cembre \u00e0 19\u00a0h\u00a030, samedi\u00a013 et dimanche 14\u00a0d\u00e9cembre\u00a0\u00e0 14\u00a0h et 16\u00a0h\u00a030. Espace Zimmer \u00e0 Lingolsheim. Parkings du stade ou du skatepark. R\u00e9servations sur\u00a0: www.cirquedenoelalsace.com ou caisse sur place. De 9,99\u00a0\u20ac \u00e0 35,99\u00a0\u20ac.<\/p>\n","protected":false},"excerpt":{"rendered":"C\u2019est un spectacle d\u2019une grande qualit\u00e9 qui est propos\u00e9 sous le chapiteau de 1\u00a0000 places \u2013 agr\u00e9ablement chauff\u00e9&hellip;\n","protected":false},"author":2,"featured_media":593107,"comment_status":"","ping_status":"","sticky":false,"template":"","format":"standard","meta":{"footnotes":""},"categories":[2820],"tags":[1111,11,1687,2880,1777,674,107,1011,27,775,24067,873,12,25,3140,640,3089],"class_list":{"0":"post-593106","1":"post","2":"type-post","3":"status-publish","4":"format-standard","5":"has-post-thumbnail","7":"category-strasbourg","8":"tag-actu","9":"tag-actualites","10":"tag-culture-loisirs","11":"tag-edition-strasbourg","12":"tag-eu","13":"tag-europe","14":"tag-fil-info","15":"tag-fr","16":"tag-france","17":"tag-grand-est","18":"tag-lingolsheim","19":"tag-musique","20":"tag-news","21":"tag-republique-francaise","22":"tag-spectacle","23":"tag-strasbourg","24":"tag-strasbourg-sud"},"share_on_mastodon":{"url":"https:\/\/pubeurope.com\/@fr\/115701725330005696","error":""},"_links":{"self":[{"href":"https:\/\/www.europesays.com\/fr\/wp-json\/wp\/v2\/posts\/593106","targetHints":{"allow":["GET"]}}],"collection":[{"href":"https:\/\/www.europesays.com\/fr\/wp-json\/wp\/v2\/posts"}],"about":[{"href":"https:\/\/www.europesays.com\/fr\/wp-json\/wp\/v2\/types\/post"}],"author":[{"embeddable":true,"href":"https:\/\/www.europesays.com\/fr\/wp-json\/wp\/v2\/users\/2"}],"replies":[{"embeddable":true,"href":"https:\/\/www.europesays.com\/fr\/wp-json\/wp\/v2\/comments?post=593106"}],"version-history":[{"count":0,"href":"https:\/\/www.europesays.com\/fr\/wp-json\/wp\/v2\/posts\/593106\/revisions"}],"wp:featuredmedia":[{"embeddable":true,"href":"https:\/\/www.europesays.com\/fr\/wp-json\/wp\/v2\/media\/593107"}],"wp:attachment":[{"href":"https:\/\/www.europesays.com\/fr\/wp-json\/wp\/v2\/media?parent=593106"}],"wp:term":[{"taxonomy":"category","embeddable":true,"href":"https:\/\/www.europesays.com\/fr\/wp-json\/wp\/v2\/categories?post=593106"},{"taxonomy":"post_tag","embeddable":true,"href":"https:\/\/www.europesays.com\/fr\/wp-json\/wp\/v2\/tags?post=593106"}],"curies":[{"name":"wp","href":"https:\/\/api.w.org\/{rel}","templated":true}]}}