{"id":593115,"date":"2025-12-11T15:55:16","date_gmt":"2025-12-11T15:55:16","guid":{"rendered":"https:\/\/www.europesays.com\/fr\/593115\/"},"modified":"2025-12-11T15:55:16","modified_gmt":"2025-12-11T15:55:16","slug":"fc-nantes-waldemar-ou-franck-lequel-des-deux-kita-est-le-plus-responsable-de-la-crise","status":"publish","type":"post","link":"https:\/\/www.europesays.com\/fr\/593115\/","title":{"rendered":"FC Nantes : Waldemar ou Franck, lequel des deux Kita est le plus responsable de la crise ?"},"content":{"rendered":"<p><strong>La crise au FC Nantes trouve-t-elle son origine dans les mains de Waldemar ou Franck Kita ? Nos deux journalistes Bastien Aubert et Rapha\u00ebl Nouet lancent le d\u00e9bat.<\/strong><\/p>\n<p>\u00ab\u00a0Franck Kita a eu carte blanche, il s\u2019est rat\u00e9\u00a0\u00bb<\/p>\n<p>\u00ab\u00a0La crise actuelle qui frappe le FC Nantes trouve son \u00e9picentre dans la gestion de Franck Kita. Alors que Waldemar Kita, le pr\u00e9sident historique, a choisi de prendre du recul et d\u2019observer la situation depuis un r\u00f4le plus lointain, c\u2019est son fils qui assume le pilotage quotidien du projet sportif des Canaris. Cette responsabilit\u00e9 lourde implique de prendre les bonnes d\u00e9cisions en mati\u00e8re de recrutement, de structuration de l\u2019effectif et de strat\u00e9gie globale, et force est de constater que Franck n\u2019a pas su r\u00e9pondre aux attentes.\u00a0<\/p>\n<p>Les choix effectu\u00e9s ces derniers mois, notamment sur le march\u00e9 des transferts, se sont r\u00e9v\u00e9l\u00e9s catastrophiques : des joueurs inadapt\u00e9s au style de jeu de Luis Castro, des profils surpay\u00e9s ou peu productifs, et une vision strat\u00e9gique qui peine \u00e0 se concr\u00e9tiser sur le terrain. Le r\u00e9sultat se traduit par des performances d\u00e9cevantes, une \u00e9quipe en difficult\u00e9 au classement et un climat pesant autour du club. Plus que son p\u00e8re, c\u2019est Franck Kita qui porte donc la responsabilit\u00e9 directe de la situation actuelle, et si le FC Nantes veut inverser la tendance, il devra sans doute revoir sa m\u00e9thode et ses d\u00e9cisions pour redonner une direction claire et solide au projet sportif.\u00a0\u00bb<\/p>\n<p><strong>Bastien AUBERT<\/strong><\/p>\n<p> \u00ab\u00a0Waldemar, 18 ans de grand n\u2019importe quoi\u00a0\u00bb<\/p>\n<p>\u00ab\u00a0Commen\u00e7ons par \u00e9noncer des faits : quand Waldemar Kita le rach\u00e8te en 2007, le FC Nantes est encore un grand club du football fran\u00e7ais. Il vient certes de conna\u00eetre une rel\u00e9gation, sa premi\u00e8re en 44 ans, mais il a un style de jeu \u00e0 lui, un centre de formation hyper productif et l\u2019un des meilleurs palmar\u00e8s de France. Dix-huit ans plus tard, il n\u2019est plus qu\u2019un grand nom, comme le Racing CP, le Red Star ou le Stade de Reims. Un pass\u00e9 glorieux mais pas grand monde pour croire qu\u2019il retrouvera un jour les sommets. Et si ce n\u2019est pas la faute de Waldemar, je ne vois qui d\u2019autre\u2026<\/p>\n<p>Depuis 18 ans, le Franco-Polonais n\u2019en a fait qu\u2019\u00e0 sa t\u00eate et \u00e7a ne fonctionne pas. Cet \u00e9t\u00e9, il a d\u00e9cid\u00e9 de faire une cure d\u2019aust\u00e9rit\u00e9 fa\u00e7on RC Lens. Sauf qu\u2019il n\u2019a pas le r\u00e9seau pour recruter comme les Sang et Or. Il estime ne pas avoir besoin de directeur sportif car il conna\u00eet le football mieux que tout le monde. On voit le r\u00e9sultat. Il donne des le\u00e7ons \u00e0 tout le monde mais, l\u00e0 aussi, on voit le r\u00e9sultat. La semaine qui vient de s\u2019\u00e9couler va quoi qu\u2019il arrive porter pr\u00e9judice au FC Nantes, encore plus avec le d\u00e9part de Castro. C\u2019est \u00e7a, finalement, la m\u00e9thode Waldemar Kita : r\u00e9ussir en permanence \u00e0 aggraver la situation !\u00a0\u00bb<\/p>\n<p><strong>Rapha\u00ebl NOUET<\/strong><\/p>\n","protected":false},"excerpt":{"rendered":"La crise au FC Nantes trouve-t-elle son origine dans les mains de Waldemar ou Franck Kita ? Nos&hellip;\n","protected":false},"author":2,"featured_media":593116,"comment_status":"","ping_status":"","sticky":false,"template":"","format":"standard","meta":{"footnotes":""},"categories":[2818],"tags":[1111,11,1777,674,1011,27,766,12,2636,25],"class_list":{"0":"post-593115","1":"post","2":"type-post","3":"status-publish","4":"format-standard","5":"has-post-thumbnail","7":"category-nantes","8":"tag-actu","9":"tag-actualites","10":"tag-eu","11":"tag-europe","12":"tag-fr","13":"tag-france","14":"tag-nantes","15":"tag-news","16":"tag-pays-de-la-loire","17":"tag-republique-francaise"},"share_on_mastodon":{"url":"https:\/\/pubeurope.com\/@fr\/115701751706680652","error":""},"_links":{"self":[{"href":"https:\/\/www.europesays.com\/fr\/wp-json\/wp\/v2\/posts\/593115","targetHints":{"allow":["GET"]}}],"collection":[{"href":"https:\/\/www.europesays.com\/fr\/wp-json\/wp\/v2\/posts"}],"about":[{"href":"https:\/\/www.europesays.com\/fr\/wp-json\/wp\/v2\/types\/post"}],"author":[{"embeddable":true,"href":"https:\/\/www.europesays.com\/fr\/wp-json\/wp\/v2\/users\/2"}],"replies":[{"embeddable":true,"href":"https:\/\/www.europesays.com\/fr\/wp-json\/wp\/v2\/comments?post=593115"}],"version-history":[{"count":0,"href":"https:\/\/www.europesays.com\/fr\/wp-json\/wp\/v2\/posts\/593115\/revisions"}],"wp:featuredmedia":[{"embeddable":true,"href":"https:\/\/www.europesays.com\/fr\/wp-json\/wp\/v2\/media\/593116"}],"wp:attachment":[{"href":"https:\/\/www.europesays.com\/fr\/wp-json\/wp\/v2\/media?parent=593115"}],"wp:term":[{"taxonomy":"category","embeddable":true,"href":"https:\/\/www.europesays.com\/fr\/wp-json\/wp\/v2\/categories?post=593115"},{"taxonomy":"post_tag","embeddable":true,"href":"https:\/\/www.europesays.com\/fr\/wp-json\/wp\/v2\/tags?post=593115"}],"curies":[{"name":"wp","href":"https:\/\/api.w.org\/{rel}","templated":true}]}}