{"id":593123,"date":"2025-12-11T15:59:11","date_gmt":"2025-12-11T15:59:11","guid":{"rendered":"https:\/\/www.europesays.com\/fr\/593123\/"},"modified":"2025-12-11T15:59:11","modified_gmt":"2025-12-11T15:59:11","slug":"municipales-2026-a-toulouse-jean-luc-moudenc-un-candidat-dans-la-chasse-gardee-socialiste","status":"publish","type":"post","link":"https:\/\/www.europesays.com\/fr\/593123\/","title":{"rendered":"Municipales 2026 \u00e0 Toulouse\u00a0: Jean-Luc Moudenc, un candidat dans la chasse gard\u00e9e socialiste"},"content":{"rendered":"<p>\n                                                                    l&rsquo;essentiel<br \/>\n                                                                Le maire de Toulouse et candidat \u00e0 sa succession a assist\u00e9 \u00e0 un d\u00e9bat sur la la\u00efcit\u00e9 au conseil d\u00e9partemental mardi soir. Une la\u00efcit\u00e9 dont il se veut lui aussi, dans le cadre de sa campagne, le d\u00e9fenseur.\n                            <\/p>\n<p>Surprise mardi soir au Pavillon R\u00e9publique du conseil d\u00e9partemental de la Haute-Garonne pour la table ronde des 120 ans de la loi sur la la\u00efcit\u00e9. Dans le public a discr\u00e8tement pris place un candidat aux municipales de Toulouse, le locataire du Capitole lui-m\u00eame, peu habitu\u00e9 \u00e0 fr\u00e9quenter l\u2019institution socialiste. La pr\u00e9sence de Jean-Luc Moudenc, venu en simple spectateur apr\u00e8s avoir pr\u00e9venu le pr\u00e9sident du D\u00e9partement S\u00e9bastien Vincini, a suscit\u00e9 quelques interrogations. Un \u00e9lu socialiste l\u2019a m\u00eame interrog\u00e9 dans la foul\u00e9e par texto.<\/p>\n<p>Jean-Luc Moudenc, qui avait pr\u00e9sent\u00e9 la veille un colistier issu de la liste socialiste de 2020, Michel Lacroix en l\u2019occurrence, est-il venu brouiller les fronti\u00e8res, comme il aime faire, et adresser un nouveau signe bienveillant aux \u00e9lecteurs de gauche\u00a0? L\u2019int\u00e9ress\u00e9 se d\u00e9fend de toute d\u00e9marche \u00ab\u00a0\u00e9lectoraliste\u00a0\u00bb et assure que son int\u00e9r\u00eat portait exclusivement sur le d\u00e9bat la\u00efcit\u00e9 avec ses trois intervenants de grande qualit\u00e9\u00a0: l\u2019historien et enseignant, sp\u00e9cialiste de l\u2019histoire de la Shoah, Iannis Roder, qui a pris position contre l\u2019utilisation du terme g\u00e9nocide \u00e0 Gaza, la philosophe Catherine Kintzler, et Fr\u00e9d\u00e9rique de la Morena, ma\u00eetre de conf\u00e9rences \u00e0 l\u2019universit\u00e9 du Capitole. Ces deux derniers \u00e9tant membres du Conseil des sages de la la\u00efcit\u00e9.<\/p>\n<p>Convergence droite-gauche<\/p>\n<p>Jean-Luc Moudenc a appr\u00e9ci\u00e9 les d\u00e9bats, \u00ab\u00a0des rappels tr\u00e8s utiles dans le monde actuel, face au d\u00e9fi que l\u2019islamisme politique en particulier lance \u00e0 nos soci\u00e9t\u00e9s d\u00e9mocratiques, \u00e0 l\u2019envers des valeurs humanistes\u00a0\u00bb, dit-il.<\/p>\n<p>Et pour le maire sortant, ce d\u00e9fi enjambe les clivages politiques\u00a0: \u00ab\u00a0il s\u2019agit de sujets qui font convergence entre courants r\u00e9publicains de droite comme de gauche.\u00a0\u00bb Lors de sa d\u00e9claration de candidature aux municipales, le 6\u00a0novembre dernier, Jean-Luc Moudenc a affirm\u00e9 vouloir d\u00e9fendre \u00ab\u00a0les valeurs d\u00e9mocratiques et humanistes de la la\u00efcit\u00e9 aujourd\u2019hui s\u00e9v\u00e8rement attaqu\u00e9es\u00a0\u00bb. C\u2019est donc bien un peu le candidat, en d\u00e9fenseur de la la\u00efcit\u00e9, qui est venu \u00e9couter les historiens l\u00e0 o\u00f9 on ne l\u2019attendait pas. \u00ab\u00a0S\u2019il n\u2019a jamais cach\u00e9 sa foi, il reste avant tout un \u00e9lu attach\u00e9 aux lois de la R\u00e9publique dont celle de 1905\u00a0\u00bb, commente un des \u00e9lus de son \u00e9quipe.<\/p>\n<p>C\u00f4t\u00e9 socialiste, Fran\u00e7ois Brian\u00e7on, t\u00eate de liste aux municipales, ironise\u00a0: \u00ab\u00a0J\u2019esp\u00e8re que la soir\u00e9e aura \u00e9t\u00e9 instructive pour lui. Surtout quand on se rappelle qu\u2019il a pr\u00eat\u00e9 gratuitement le MEETT pour la messe de la Pentec\u00f4te.\u00a0\u00bb<\/p>\n","protected":false},"excerpt":{"rendered":"l&rsquo;essentiel Le maire de Toulouse et candidat \u00e0 sa succession a assist\u00e9 \u00e0 un d\u00e9bat sur la la\u00efcit\u00e9&hellip;\n","protected":false},"author":2,"featured_media":593124,"comment_status":"","ping_status":"","sticky":false,"template":"","format":"standard","meta":{"footnotes":""},"categories":[2816],"tags":[1111,11,1777,674,1011,27,329,2722,3434,12,2680,316,25,2312,37919],"class_list":{"0":"post-593123","1":"post","2":"type-post","3":"status-publish","4":"format-standard","5":"has-post-thumbnail","7":"category-toulouse","8":"tag-actu","9":"tag-actualites","10":"tag-eu","11":"tag-europe","12":"tag-fr","13":"tag-france","14":"tag-france-monde","15":"tag-haute-garonne","16":"tag-municipales-2026","17":"tag-news","18":"tag-occitanie","19":"tag-politique","20":"tag-republique-francaise","21":"tag-toulouse","22":"tag-u00c9lections"},"share_on_mastodon":{"url":"https:\/\/pubeurope.com\/@fr\/115701767641793706","error":""},"_links":{"self":[{"href":"https:\/\/www.europesays.com\/fr\/wp-json\/wp\/v2\/posts\/593123","targetHints":{"allow":["GET"]}}],"collection":[{"href":"https:\/\/www.europesays.com\/fr\/wp-json\/wp\/v2\/posts"}],"about":[{"href":"https:\/\/www.europesays.com\/fr\/wp-json\/wp\/v2\/types\/post"}],"author":[{"embeddable":true,"href":"https:\/\/www.europesays.com\/fr\/wp-json\/wp\/v2\/users\/2"}],"replies":[{"embeddable":true,"href":"https:\/\/www.europesays.com\/fr\/wp-json\/wp\/v2\/comments?post=593123"}],"version-history":[{"count":0,"href":"https:\/\/www.europesays.com\/fr\/wp-json\/wp\/v2\/posts\/593123\/revisions"}],"wp:featuredmedia":[{"embeddable":true,"href":"https:\/\/www.europesays.com\/fr\/wp-json\/wp\/v2\/media\/593124"}],"wp:attachment":[{"href":"https:\/\/www.europesays.com\/fr\/wp-json\/wp\/v2\/media?parent=593123"}],"wp:term":[{"taxonomy":"category","embeddable":true,"href":"https:\/\/www.europesays.com\/fr\/wp-json\/wp\/v2\/categories?post=593123"},{"taxonomy":"post_tag","embeddable":true,"href":"https:\/\/www.europesays.com\/fr\/wp-json\/wp\/v2\/tags?post=593123"}],"curies":[{"name":"wp","href":"https:\/\/api.w.org\/{rel}","templated":true}]}}