{"id":593137,"date":"2025-12-11T16:10:19","date_gmt":"2025-12-11T16:10:19","guid":{"rendered":"https:\/\/www.europesays.com\/fr\/593137\/"},"modified":"2025-12-11T16:10:19","modified_gmt":"2025-12-11T16:10:19","slug":"evacuations-durgence-videosurveillance-le-premier-telepherique-dile-de-france-pret-a-decoller-en-toute-securite","status":"publish","type":"post","link":"https:\/\/www.europesays.com\/fr\/593137\/","title":{"rendered":"\u00c9vacuations d&rsquo;urgence, vid\u00e9osurveillance\u00a0: le premier t\u00e9l\u00e9ph\u00e9rique d&rsquo;\u00cele-de-France pr\u00eat \u00e0 d\u00e9coller en toute s\u00e9curit\u00e9"},"content":{"rendered":"<p>Le c\u00e2ble 1, premier t\u00e9l\u00e9ph\u00e9rique urbain d&rsquo;\u00cele-de-France, prend son envol ce samedi 13 d\u00e9cembre \u00e0 11h dans le Val-de-Marne. Entre Cr\u00e9teil et Villeneuve-Saint-Georges, 11.000 passagers par jour sont attendus.<\/p>\n<p>C&rsquo;est un mode de transport totalement in\u00e9dit en \u00cele-de-France.\u00a0<a class=\"IciLink ici-link IciArticleLink g-ici-body-regular-1 underline brand svelte-1chfe2s\" href=\"https:\/\/www.francebleu.fr\/infos\/transports\/le-c1-premier-telepherique-d-ile-de-france-sera-mis-en-service-le-13-decembre-2025-1577000\" target=\"_blank\" rel=\"noopener\">Le C1 pour \u00ab\u00a0C\u00e2ble 1\u00a0\u00bb<\/a>\u00a0est inaugur\u00e9 ce samedi dans le Val-de-Marne, entre Cr\u00e9teil &#8211; Pointe du lac (terminus du m\u00e9tro 8) et Villeneuve-Saint-Georges. Avant d&#8217;embarquer les 11.000 voyageurs attendus, les pompiers et le personnel du t\u00e9l\u00e9ph\u00e9rique se sont form\u00e9s \u00e0 de nouvelles proc\u00e9dures de s\u00e9curit\u00e9.<\/p>\n<p>Avant l&rsquo;ouverture, un exercice d&rsquo;\u00e9vacuation grandeur nature a \u00e9t\u00e9 men\u00e9 mi-novembre. Les pompiers de Paris ont simul\u00e9 une situation extr\u00eame\u00a0: une double panne des moteurs principaux et des syst\u00e8mes de secours avec, en plus, des passagers bloqu\u00e9s dans des cabines devenues immobiles. \u00ab\u00a0C&rsquo;est un cas rare et je ne pense pas qu&rsquo;on le fera tr\u00e8s souvent\u00a0\u00bb, pr\u00e9vient le lieutenant-colonel Nicolas Pleis.<\/p>\n<p>Nacelle XXL, descente en rappel<\/p>\n<p>Pour se pr\u00e9parer \u00e0 intervenir sur ce t\u00e9l\u00e9ph\u00e9rique, les pompiers sont all\u00e9s chercher les techniques des secours de haute montagne. L&rsquo;un d&rsquo;entre eux a fait le voyage en Savoie, sur le t\u00e9l\u00e9ph\u00e9rique reliant Orelle et Val Thorens.<\/p>\n<p>En cas de blocage, deux proc\u00e9dures d&rsquo;\u00e9vacuation ont \u00e9t\u00e9 exp\u00e9riment\u00e9es. La premi\u00e8re, \u00e0 l&rsquo;aide d&rsquo;un camion-nacelle \u00e9quip\u00e9 d&rsquo;un bras de 42 m\u00e8tres de haut. \u00ab\u00a0La nacelle permet une plus grande agilit\u00e9 que la grande \u00e9chelle puisqu&rsquo;elle permet de secourir quatre passagers \u00e0 la fois et donc d&rsquo;aller plus vite\u00a0\u00bb, explique Nicolas Pleis.<\/p>\n<p> <img decoding=\"async\" src=\"https:\/\/www.europesays.com\/fr\/wp-content\/uploads\/2025\/12\/1765469418_66_1280\" alt=\"illustration agrandir l'image\" style=\"--_image-preview:url('data:image\/jpeg;base64,\/9j\/2wBDACgcHiMeGSgjISMtKygwPGRBPDc3PHtYXUlkkYCZlo+AjIqgtObDoKrarYqMyP\/L2u71\/\/\/\/m8H\/\/\/\/6\/+b9\/\/j\/2wBDASstLTw1PHZBQXb4pYyl+Pj4+Pj4+Pj4+Pj4+Pj4+Pj4+Pj4+Pj4+Pj4+Pj4+Pj4+Pj4+Pj4+Pj4+Pj4+Pj4+Pj\/wAARCAAXACoDASIAAhEBAxEB\/8QAFwAAAwEAAAAAAAAAAAAAAAAAAAECA\/\/EABgQAQEBAQEAAAAAAAAAAAAAAAABAhES\/8QAFwEBAQEBAAAAAAAAAAAAAAAAAAECA\/\/EABYRAQEBAAAAAAAAAAAAAAAAAAASEf\/aAAwDAQACEQMRAD8A3ukXSbpF0aYq6HWfoelpJayn1lNK9FJJWotAYdEWn0BQ5T6AI\/\/Z');\" loading=\"lazy\" fetchpriority=\"low\" class=\"svelte-1cksh76 rounded\" onload=\"this.__e=event\" onerror=\"this.__e=event\"\/> Camion-nacelle utilis\u00e9 pour r\u00e9aliser le test d&rsquo;\u00e9vacuation du C1 \u00a9 Radio France &#8211; Valentin BERTRAND  <\/p>\n<p>Dans le cas o\u00f9 une cabine se trouverait au-dessus d&rsquo;une zone difficile d&rsquo;acc\u00e8s, une \u00e9vacuation en rappel est aussi imagin\u00e9e. Pour cela, les pompiers se hissent au sommet d&rsquo;un pyl\u00f4ne avant de se laisser tracter jusqu&rsquo;\u00e0 la cabine \u00e0 secourir. Les voyageurs sont alors, tour \u00e0 tour, \u00e9quip\u00e9s d&rsquo;un harnais puis descendus.<\/p>\n<p>Ces sensations fortes ne sont r\u00e9serv\u00e9es qu&rsquo;en situation extr\u00eame. \u00ab\u00a0La plupart du temps, la proc\u00e9dure consiste \u00e0 ramener la cabine vers la station la plus proche pour laisser descendre les passages\u00a0\u00bb, d\u00e9taille Nicolas Pleis.<\/p>\n<p>loading<\/p>\n<p>\u00ab\u00a0Nid \u00e0 agressions sexuelles\u00a0\u00bb<\/p>\n<p>Au-del\u00e0 des proc\u00e9dures d&rsquo;urgences, la s\u00e9curit\u00e9 des voyageuses s&rsquo;est aussi invit\u00e9e dans le d\u00e9bat public. D\u00e9but octobre, la d\u00e9put\u00e9e insoumise de Seine Saint-Denis,\u00a0Nad\u00e8ge Abomangoli, voyait dans ce t\u00e9l\u00e9ph\u00e9rique un \u00ab\u00a0nid \u00e0 agressions sexuelles\u00a0\u00bb et proposait la mise en place de cabines r\u00e9serv\u00e9es aux femmes.<\/p>\n<p>La piste de cabines non-mixtes a \u00e9t\u00e9 \u00e9cart\u00e9e par \u00cele-de-France mobilit\u00e9s, qui met en avant la pr\u00e9sence de cam\u00e9ras de vid\u00e9osurveillance, d&rsquo;un bouton d&rsquo;appel d&rsquo;urgence connect\u00e9 au centre de commandement et la pr\u00e9sence d&rsquo;un agent dans chaque station.<\/p>\n<p>Plus long t\u00e9l\u00e9ph\u00e9rique d&rsquo;Europe<\/p>\n<p>Avec ses 4,5 kilom\u00e8tres de long, le C1 devient \u00e0 la fois le cinqui\u00e8me t\u00e9l\u00e9ph\u00e9rique urbain de France (apr\u00e8s Brest, Saint-Denis de la R\u00e9union, Toulouse et Ajaccio) et le plus long d&rsquo;Europe. \u00c9quip\u00e9 de 105 t\u00e9l\u00e9cabines \u00e0 son ouverture, il doit offrir une fr\u00e9quence de passage in\u00e9gal\u00e9e dans les transports franciliens\u00a0: un passage toutes les 22 secondes en heures de pointe et toutes les 30 secondes en heures creuses.<\/p>\n<p>\u00c0 lire aussi   <img decoding=\"async\" src=\"https:\/\/www.europesays.com\/fr\/wp-content\/uploads\/2025\/12\/1765469419_455_400x400\" alt=\"\" style=\"--_image-preview:url('data:image\/jpeg;base64,\/9j\/2wBDACgcHiMeGSgjISMtKygwPGRBPDc3PHtYXUlkkYCZlo+AjIqgtObDoKrarYqMyP\/L2u71\/\/\/\/m8H\/\/\/\/6\/+b9\/\/j\/2wBDASstLTw1PHZBQXb4pYyl+Pj4+Pj4+Pj4+Pj4+Pj4+Pj4+Pj4+Pj4+Pj4+Pj4+Pj4+Pj4+Pj4+Pj4+Pj4+Pj4+Pj\/wAARCAAXACoDASIAAhEBAxEB\/8QAGAAAAwEBAAAAAAAAAAAAAAAAAAECAwT\/xAAYEAEBAQEBAAAAAAAAAAAAAAAAAQISEf\/EABUBAQEAAAAAAAAAAAAAAAAAAAEA\/8QAFREBAQAAAAAAAAAAAAAAAAAAABH\/2gAMAwEAAhEDEQA\/AOj0uitRdAtO1Tbn6OaNDpmx2wmj6FMTaztASL04AEqH6AC\/\/9k=');\" loading=\"lazy\" fetchpriority=\"low\" aria-hidden=\"true\" class=\"svelte-1cksh76 rounded\" onload=\"this.__e=event\" onerror=\"this.__e=event\"\/><\/p>\n","protected":false},"excerpt":{"rendered":"Le c\u00e2ble 1, premier t\u00e9l\u00e9ph\u00e9rique urbain d&rsquo;\u00cele-de-France, prend son envol ce samedi 13 d\u00e9cembre \u00e0 11h dans le&hellip;\n","protected":false},"author":2,"featured_media":593138,"comment_status":"","ping_status":"","sticky":false,"template":"","format":"standard","meta":{"footnotes":""},"categories":[1592],"tags":[1111,11,1777,674,1011,27,662,12,626,25],"class_list":{"0":"post-593137","1":"post","2":"type-post","3":"status-publish","4":"format-standard","5":"has-post-thumbnail","7":"category-ile-de-france","8":"tag-actu","9":"tag-actualites","10":"tag-eu","11":"tag-europe","12":"tag-fr","13":"tag-france","14":"tag-ile-de-france","15":"tag-news","16":"tag-paris","17":"tag-republique-francaise"},"share_on_mastodon":{"url":"https:\/\/pubeurope.com\/@fr\/115701812243572408","error":""},"_links":{"self":[{"href":"https:\/\/www.europesays.com\/fr\/wp-json\/wp\/v2\/posts\/593137","targetHints":{"allow":["GET"]}}],"collection":[{"href":"https:\/\/www.europesays.com\/fr\/wp-json\/wp\/v2\/posts"}],"about":[{"href":"https:\/\/www.europesays.com\/fr\/wp-json\/wp\/v2\/types\/post"}],"author":[{"embeddable":true,"href":"https:\/\/www.europesays.com\/fr\/wp-json\/wp\/v2\/users\/2"}],"replies":[{"embeddable":true,"href":"https:\/\/www.europesays.com\/fr\/wp-json\/wp\/v2\/comments?post=593137"}],"version-history":[{"count":0,"href":"https:\/\/www.europesays.com\/fr\/wp-json\/wp\/v2\/posts\/593137\/revisions"}],"wp:featuredmedia":[{"embeddable":true,"href":"https:\/\/www.europesays.com\/fr\/wp-json\/wp\/v2\/media\/593138"}],"wp:attachment":[{"href":"https:\/\/www.europesays.com\/fr\/wp-json\/wp\/v2\/media?parent=593137"}],"wp:term":[{"taxonomy":"category","embeddable":true,"href":"https:\/\/www.europesays.com\/fr\/wp-json\/wp\/v2\/categories?post=593137"},{"taxonomy":"post_tag","embeddable":true,"href":"https:\/\/www.europesays.com\/fr\/wp-json\/wp\/v2\/tags?post=593137"}],"curies":[{"name":"wp","href":"https:\/\/api.w.org\/{rel}","templated":true}]}}