{"id":593143,"date":"2025-12-11T16:14:18","date_gmt":"2025-12-11T16:14:18","guid":{"rendered":"https:\/\/www.europesays.com\/fr\/593143\/"},"modified":"2025-12-11T16:14:18","modified_gmt":"2025-12-11T16:14:18","slug":"bistrot-paris-9em-recrute-chef-de-cuisine-en-cdi-a-temps-plein","status":"publish","type":"post","link":"https:\/\/www.europesays.com\/fr\/593143\/","title":{"rendered":"Bistrot Paris 9\u00e8m recrute chef de cuisine, en CDI \u00e0 temps plein,"},"content":{"rendered":"<p id=\"offerText\" class=\" keep-format p-0\">Bistrot Paris 9\u00e8m recrute chef de cuisine, en CDI \u00e0 temps plein, horaires en continu de jour (du mercredi au dimanche de 8h \u00e0 16h) et 2 jours de repos cons\u00e9cutifs le lundi et mardi.&#13;<br \/>\n&#13;<br \/>\nCarte courte, qui change tr\u00e8s r\u00e9guli\u00e8rement, \u00e9labor\u00e9e uniquement avec des produits frais et de saison, tout fait maison. Cuisine fran\u00e7aise moderne, influences m\u00e9diterran\u00e9ennes, qui fait le lien entre bistronomie et brasserie.&#13;<br \/>\n&#13;<br \/>\nTr\u00e8s bonnes conditions de travail Cuisine en RDC, ouverte sur l&rsquo;ext\u00e9rieur et enti\u00e8rement neuve), avec une \u00e9quipe jeune et professionnelle.&#13;<br \/>\n&#13;<br \/>\nNous recherchons un profil disposant d\u00e9j\u00e0 d&rsquo;une exp\u00e9rience solide en termes culinaires et manag\u00e9rial , qui est passionn\u00e9 et qui aime transmettre.&#13;<br \/>\n&#13;<br \/>\nSalaire selon profils et exp\u00e9riences, poste \u00e9volutif.&#13;<br \/>\n&#13;<br \/>\nCV :                         &#13;<br \/>\n&#13;<br \/>\nType d&#8217;emploi : Temps plein, CDI&#13;<br \/>\n&#13;<br \/>\nLieu du poste : En pr\u00e9sentiel<\/p>\n","protected":false},"excerpt":{"rendered":"Bistrot Paris 9\u00e8m recrute chef de cuisine, en CDI \u00e0 temps plein, horaires en continu de jour (du&hellip;\n","protected":false},"author":2,"featured_media":3470,"comment_status":"","ping_status":"","sticky":false,"template":"","format":"standard","meta":{"footnotes":""},"categories":[1888],"tags":[11,1777,674,1011,27,12,626,25],"class_list":{"0":"post-593143","1":"post","2":"type-post","3":"status-publish","4":"format-standard","5":"has-post-thumbnail","7":"category-paris","8":"tag-actualites","9":"tag-eu","10":"tag-europe","11":"tag-fr","12":"tag-france","13":"tag-news","14":"tag-paris","15":"tag-republique-francaise"},"share_on_mastodon":{"url":"https:\/\/pubeurope.com\/@fr\/115701826542558057","error":""},"_links":{"self":[{"href":"https:\/\/www.europesays.com\/fr\/wp-json\/wp\/v2\/posts\/593143","targetHints":{"allow":["GET"]}}],"collection":[{"href":"https:\/\/www.europesays.com\/fr\/wp-json\/wp\/v2\/posts"}],"about":[{"href":"https:\/\/www.europesays.com\/fr\/wp-json\/wp\/v2\/types\/post"}],"author":[{"embeddable":true,"href":"https:\/\/www.europesays.com\/fr\/wp-json\/wp\/v2\/users\/2"}],"replies":[{"embeddable":true,"href":"https:\/\/www.europesays.com\/fr\/wp-json\/wp\/v2\/comments?post=593143"}],"version-history":[{"count":0,"href":"https:\/\/www.europesays.com\/fr\/wp-json\/wp\/v2\/posts\/593143\/revisions"}],"wp:featuredmedia":[{"embeddable":true,"href":"https:\/\/www.europesays.com\/fr\/wp-json\/wp\/v2\/media\/3470"}],"wp:attachment":[{"href":"https:\/\/www.europesays.com\/fr\/wp-json\/wp\/v2\/media?parent=593143"}],"wp:term":[{"taxonomy":"category","embeddable":true,"href":"https:\/\/www.europesays.com\/fr\/wp-json\/wp\/v2\/categories?post=593143"},{"taxonomy":"post_tag","embeddable":true,"href":"https:\/\/www.europesays.com\/fr\/wp-json\/wp\/v2\/tags?post=593143"}],"curies":[{"name":"wp","href":"https:\/\/api.w.org\/{rel}","templated":true}]}}