{"id":593150,"date":"2025-12-11T16:20:23","date_gmt":"2025-12-11T16:20:23","guid":{"rendered":"https:\/\/www.europesays.com\/fr\/593150\/"},"modified":"2025-12-11T16:20:23","modified_gmt":"2025-12-11T16:20:23","slug":"en-france-comme-aux-etats-unis-alerte-aux-faux-parfums-et-cosmetiques","status":"publish","type":"post","link":"https:\/\/www.europesays.com\/fr\/593150\/","title":{"rendered":"En France comme aux \u00c9tats-Unis\u00a0: alerte aux faux parfums et cosm\u00e9tiques"},"content":{"rendered":"<p>Face \u00e0 la multiplication des <a href=\"https:\/\/www.premiumbeautynews.com\/fr\/parfums-la-jeune-generation-s,21965\" target=\"_blank\" rel=\"noopener\">contrefa\u00e7ons de cosm\u00e9tiques et de parfums couramment appel\u00e9s \u00ab\u00a0dupes\u00a0\u00bb<\/a>, qui s\u00e9duisent par leurs faibles prix, les consommateurs s\u2019exposent \u00e0 des risques, alertent la <a href=\"https:\/\/www.premiumbeautynews.com\/fr\/les-dupes-cosmetiques,25864\" target=\"_blank\" rel=\"noopener\">F\u00e9d\u00e9ration des entreprises de la beaut\u00e9 (<strong>FEBEA<\/strong>)<\/a> en France, et le <a href=\"https:\/\/www.premiumbeautynews.com\/fr\/trump-droits-de-douane-et,25347\" target=\"_blank\" rel=\"noopener\">Personal Care Products Council (<strong>PCPC<\/strong>)<\/a>, aux \u00c9tats-Unis.<\/p>\n<p>Aux \u00c9tats-Unis, le <a href=\"https:\/\/www.premiumbeautynews.com\/fr\/trump-droits-de-douane-et,25347\" target=\"_blank\" rel=\"noopener\">PCPC<\/a>, la principale association professionnelle repr\u00e9sentant l\u2019industrie des cosm\u00e9tiques dans le pays, a lanc\u00e9 <strong>une campagne de sensibilisation du public intitul\u00e9e <a href=\"https:\/\/buynolie.com\" class=\"spip_out\" rel=\"noopener noreferrer external\" target=\"_blank\">Buy No Lie<\/a>.<\/strong><\/p>\n<p>\u00ab\u00a0Les produits de beaut\u00e9 contrefaits menacent la r\u00e9putation de notre secteur, mais surtout, ils mettent en danger les consommateurs et d\u00e9valorisent les milliards investis dans la recherche, la s\u00e9curit\u00e9 et l\u2019innovation\u00a0\u00bb, explique <strong>Tom Myers, le pr\u00e9sident du <a href=\"https:\/\/www.premiumbeautynews.com\/fr\/trump-droits-de-douane-et,25347\" target=\"_blank\" rel=\"noopener\">PCPC<\/a><\/strong>.<\/p>\n<p>M\u00eame son de cloche du c\u00f4t\u00e9 de la <a href=\"https:\/\/www.premiumbeautynews.com\/fr\/les-dupes-cosmetiques,25864\" target=\"_blank\" rel=\"noopener\">FEBEA<\/a>, o\u00f9 l\u2019on estime que les produits contrefaits repr\u00e9sentent \u00ab\u00a0un danger pour la sant\u00e9 publique\u00a0\u00bb. Ces produits, par d\u00e9finition non contr\u00f4l\u00e9s et non conformes aux r\u00e9glementations, \u00ab\u00a0exposent les consommateurs \u00e0 des risques non ma\u00eetris\u00e9s\u00a0\u00bb, insiste la f\u00e9d\u00e9ration professionnelle.<\/p>\n<p>Dans <a href=\"https:\/\/www.theguardian.com\/business\/2025\/jul\/20\/eu-commissioner-shocked-dangerous-goods-sold-shein-temu\" class=\"spip_out\" rel=\"noopener noreferrer external\" target=\"_blank\">un entretien accord\u00e9 au Guardian en juillet<\/a>, le <strong>commissaire europ\u00e9en charg\u00e9 de la protection des consommateurs, Michael McGrath<\/strong>, a point\u00e9 la toxicit\u00e9 et les dangers de certains produits vendus par Shein, Temu ou encore AliExpress, dans un contexte de contr\u00f4le accru vis-\u00e0-vis de ces tr\u00e8s populaires plateformes chinoises.<\/p>\n<p><a href=\"https:\/\/www.premiumbeautynews.com\/fr\/bruxelles-propose-des-frais-de-2,25786\" target=\"_blank\" rel=\"noopener\">Plusieurs millions de colis de faible valeur qui entrent chaque jour dans l\u2019Union europ\u00e9enne<\/a> en provenance de d\u00e9taillants en ligne situ\u00e9s hors de son territoire. Parmi les produits non conformes trouv\u00e9s sur ces plateformes, un r\u00e9cent rapport du Parlement europ\u00e9en a point\u00e9 du doigt <strong>des produits cosm\u00e9tiques contenant du butylph\u00e9nyl m\u00e9thylpropional, ou Lilial<\/strong> \u2014 class\u00e9 par l\u2019UE comme une substance \u00ab\u00a0tr\u00e8s pr\u00e9occupante\u00a0\u00bb et interdite dans les cosm\u00e9tiques depuis 2022 en raison de risques pour la fertilit\u00e9 et le d\u00e9veloppement f\u0153tal.<\/p>\n<p>\u00ab\u00a0Je suis choqu\u00e9, et je pense que nous avons le devoir de prot\u00e9ger les consommateurs europ\u00e9ens\u00a0\u00bb, <a href=\"https:\/\/www.theguardian.com\/business\/2025\/jul\/20\/eu-commissioner-shocked-dangerous-goods-sold-shein-temu\" class=\"spip_out\" rel=\"noopener noreferrer external\" target=\"_blank\">a d\u00e9clar\u00e9 le commissaire McGrath au quotidien britannique<\/a>.<\/p>\n<p>\u00ab\u00a0Les produits contrefaits peuvent exposer les consommateurs \u00e0 des substances potentiellement nocives et miner leur confiance envers les acteurs l\u00e9gitimes de l\u2019industrie cosm\u00e9tique\u00a0\u00bb, pr\u00e9vient le <a href=\"https:\/\/www.premiumbeautynews.com\/fr\/trump-droits-de-douane-et,25347\" target=\"_blank\" rel=\"noopener\">PCPC<\/a>.<\/p>\n<p>Pr\u00e9sent\u00e9s comme de bonnes affaires, ces produits ciblent aussi bien les jeunes consommateurs, souvent mal inform\u00e9s des risques, que des consommateurs plus avertis, qui se retrouvent tous \u00ab\u00a0victimes de tromperies habilement dissimul\u00e9es\u00a0\u00bb, souligne la <a href=\"https:\/\/www.premiumbeautynews.com\/fr\/les-dupes-cosmetiques,25864\" target=\"_blank\" rel=\"noopener\">FEBEA<\/a>.<\/p>\n<p>Selon le <a href=\"https:\/\/www.premiumbeautynews.com\/fr\/trump-droits-de-douane-et,25347\" target=\"_blank\" rel=\"noopener\">PCPC<\/a>, les cosm\u00e9tiques et les parfums figurent parmi les huit cat\u00e9gories de produits les plus fr\u00e9quemment saisis par les services des douanes, de la protection des fronti\u00e8res et autres corps de contr\u00f4les aux \u00c9tats-Unis.<\/p>\n<p>De part et d\u2019autre de l\u2019Atlantique, les repr\u00e9sentants du secteur de la beaut\u00e9 estiment que l\u2019information et la sensibilisation des consommateurs aux risques sanitaires, mais aussi aux pr\u00e9judices \u00e9conomiques li\u00e9s aux contrefa\u00e7ons, sont essentielles pour lutter contre un ph\u00e9nom\u00e8ne en pleine expansion.<\/p>\n<p>\u00ab\u00a0Les f\u00eates de fin d\u2019ann\u00e9e sont un moment cl\u00e9 pour notre secteur. Nous encourageons chacun \u00e0 privil\u00e9gier des produits s\u00fbrs, v\u00e9rifi\u00e9s et conformes, (\u2026) et diffus\u00e9s \u00e0 travers des circuits de distribution agr\u00e9\u00e9s. Gr\u00e2ce \u00e0 l\u2019expertise et \u00e0 l\u2019innovation de nos entreprises, chacun peut offrir un cadeau cosm\u00e9tique en toute confiance. Cette ann\u00e9e, pas de dupes au pied du sapin\u00a0!\u00a0\u00bb, conclut <strong>Emmanuel Guichard, D\u00e9l\u00e9gu\u00e9 G\u00e9n\u00e9ral de la <a href=\"https:\/\/www.premiumbeautynews.com\/fr\/les-dupes-cosmetiques,25864\" target=\"_blank\" rel=\"noopener\">FEBEA<\/a><\/strong>.<\/p>\n","protected":false},"excerpt":{"rendered":"Face \u00e0 la multiplication des contrefa\u00e7ons de cosm\u00e9tiques et de parfums couramment appel\u00e9s \u00ab\u00a0dupes\u00a0\u00bb, qui s\u00e9duisent par leurs&hellip;\n","protected":false},"author":2,"featured_media":593151,"comment_status":"","ping_status":"","sticky":false,"template":"","format":"standard","meta":{"footnotes":""},"categories":[1589],"tags":[11,73,1866,12,1864,1865,1863,308],"class_list":{"0":"post-593150","1":"post","2":"type-post","3":"status-publish","4":"format-standard","5":"has-post-thumbnail","7":"category-etats-unis","8":"tag-actualites","9":"tag-etats-unis","10":"tag-etats-unis-damerique","11":"tag-news","12":"tag-united-states","13":"tag-united-states-of-america","14":"tag-us","15":"tag-usa"},"share_on_mastodon":{"url":"https:\/\/pubeurope.com\/@fr\/115701849978063195","error":""},"_links":{"self":[{"href":"https:\/\/www.europesays.com\/fr\/wp-json\/wp\/v2\/posts\/593150","targetHints":{"allow":["GET"]}}],"collection":[{"href":"https:\/\/www.europesays.com\/fr\/wp-json\/wp\/v2\/posts"}],"about":[{"href":"https:\/\/www.europesays.com\/fr\/wp-json\/wp\/v2\/types\/post"}],"author":[{"embeddable":true,"href":"https:\/\/www.europesays.com\/fr\/wp-json\/wp\/v2\/users\/2"}],"replies":[{"embeddable":true,"href":"https:\/\/www.europesays.com\/fr\/wp-json\/wp\/v2\/comments?post=593150"}],"version-history":[{"count":0,"href":"https:\/\/www.europesays.com\/fr\/wp-json\/wp\/v2\/posts\/593150\/revisions"}],"wp:featuredmedia":[{"embeddable":true,"href":"https:\/\/www.europesays.com\/fr\/wp-json\/wp\/v2\/media\/593151"}],"wp:attachment":[{"href":"https:\/\/www.europesays.com\/fr\/wp-json\/wp\/v2\/media?parent=593150"}],"wp:term":[{"taxonomy":"category","embeddable":true,"href":"https:\/\/www.europesays.com\/fr\/wp-json\/wp\/v2\/categories?post=593150"},{"taxonomy":"post_tag","embeddable":true,"href":"https:\/\/www.europesays.com\/fr\/wp-json\/wp\/v2\/tags?post=593150"}],"curies":[{"name":"wp","href":"https:\/\/api.w.org\/{rel}","templated":true}]}}