{"id":593172,"date":"2025-12-11T16:37:15","date_gmt":"2025-12-11T16:37:15","guid":{"rendered":"https:\/\/www.europesays.com\/fr\/593172\/"},"modified":"2025-12-11T16:37:15","modified_gmt":"2025-12-11T16:37:15","slug":"cyclo-cross-aux-jo-la-decision-repoussee-actualite","status":"publish","type":"post","link":"https:\/\/www.europesays.com\/fr\/593172\/","title":{"rendered":"Cyclo-cross aux JO : La d\u00e9cision repouss\u00e9e &#8211; Actualit\u00e9"},"content":{"rendered":"<p style=\"text-align: justify;\">La commission ex\u00e9cutive du CIO a repouss\u00e9 la date de sa d\u00e9cision pour le choix des disciplines additionnels des Jeux d&rsquo;hiver 2030 dans les Alpes fran\u00e7aises. <a href=\"https:\/\/www.directvelo.com\/actualite\/125314\/jeux-olympiques-les-sports-dhiver-ne-veulent-pas-partager-avec-le-cyclo-cross\" target=\"_blank\" rel=\"noopener\"><strong>L&rsquo;UCI demande l&rsquo;entr\u00e9e du cyclo-cross au programme olympique<\/strong><\/a>.<\/p>\n<p style=\"text-align: justify;\">La d\u00e9cision devait \u00eatre prise au mois de f\u00e9vrier 2026, \u00e0 l&rsquo;occasion des Jeux olympiques d&rsquo;hiver de Milan-Cortina. Ce mercredi, <a href=\"https:\/\/www.olympics.com\/cio\/news\/le-cio-revoit-le-calendrier-pour-les-decisions-concernant-le-programme-des-sports-des-alpes-francaises-2030\" target=\"_blank\" rel=\"noopener\"><strong>la commission ex\u00e9cutive du CIO a d\u00e9cid\u00e9 de reporter sa d\u00e9cision au mois de juin 2026<\/strong><\/a>, date de la tenue de la commission ex\u00e9cutive. Les quotas d&rsquo;athl\u00e8tes de toutes les disciplines seront d\u00e9termin\u00e9s, \u00e9galement \u00e0 cette occasion. \u00ab\u00a0Les nouvelles dates permettront de disposer de plus de temps pour analyser les implications des disciplines et des sports additionnels propos\u00e9s\u00a0\u00bb, indique le CIO.<\/p>\n","protected":false},"excerpt":{"rendered":"La commission ex\u00e9cutive du CIO a repouss\u00e9 la date de sa d\u00e9cision pour le choix des disciplines additionnels&hellip;\n","protected":false},"author":2,"featured_media":593173,"comment_status":"","ping_status":"","sticky":false,"template":"","format":"standard","meta":{"footnotes":""},"categories":[1411],"tags":[834,828,836,829,837,827,83,826,824,823,1154,207,814,817,815,816,822,821,832,211,839,1011,27,820,818,819,835,831,830,833,838,60,212,208,825],"class_list":{"0":"post-593172","1":"post","2":"type-post","3":"status-publish","4":"format-standard","5":"has-post-thumbnail","7":"category-cyclisme","8":"tag-attaque","9":"tag-belgique","10":"tag-braquet","11":"tag-bretagne","12":"tag-chute","13":"tag-competition","14":"tag-coupe-de-france","15":"tag-coureur","16":"tag-course-cyclisme","17":"tag-course-cycliste","18":"tag-cycling","19":"tag-cyclisme","20":"tag-direct","21":"tag-direct-velo","22":"tag-directvelo","23":"tag-directvelo-com","24":"tag-epreuve","25":"tag-epreuve-cycliste","26":"tag-federation-francaise-de-cyclisme","27":"tag-ffc","28":"tag-flandres","29":"tag-fr","30":"tag-france","31":"tag-live","32":"tag-live-course","33":"tag-live-epreuve","34":"tag-peloton","35":"tag-radio-peloton","36":"tag-radio-tour","37":"tag-ravitaillement","38":"tag-relance","39":"tag-sports","40":"tag-uci","41":"tag-velo","42":"tag-velos"},"share_on_mastodon":{"url":"https:\/\/pubeurope.com\/@fr\/115701917242987998","error":""},"_links":{"self":[{"href":"https:\/\/www.europesays.com\/fr\/wp-json\/wp\/v2\/posts\/593172","targetHints":{"allow":["GET"]}}],"collection":[{"href":"https:\/\/www.europesays.com\/fr\/wp-json\/wp\/v2\/posts"}],"about":[{"href":"https:\/\/www.europesays.com\/fr\/wp-json\/wp\/v2\/types\/post"}],"author":[{"embeddable":true,"href":"https:\/\/www.europesays.com\/fr\/wp-json\/wp\/v2\/users\/2"}],"replies":[{"embeddable":true,"href":"https:\/\/www.europesays.com\/fr\/wp-json\/wp\/v2\/comments?post=593172"}],"version-history":[{"count":0,"href":"https:\/\/www.europesays.com\/fr\/wp-json\/wp\/v2\/posts\/593172\/revisions"}],"wp:featuredmedia":[{"embeddable":true,"href":"https:\/\/www.europesays.com\/fr\/wp-json\/wp\/v2\/media\/593173"}],"wp:attachment":[{"href":"https:\/\/www.europesays.com\/fr\/wp-json\/wp\/v2\/media?parent=593172"}],"wp:term":[{"taxonomy":"category","embeddable":true,"href":"https:\/\/www.europesays.com\/fr\/wp-json\/wp\/v2\/categories?post=593172"},{"taxonomy":"post_tag","embeddable":true,"href":"https:\/\/www.europesays.com\/fr\/wp-json\/wp\/v2\/tags?post=593172"}],"curies":[{"name":"wp","href":"https:\/\/api.w.org\/{rel}","templated":true}]}}